{"id":228300,"date":"2019-03-06T18:18:56","date_gmt":"2019-03-06T21:18:56","guid":{"rendered":"https:\/\/jundiai.sp.gov.br\/noticias\/?p=228300"},"modified":"2019-03-06T18:18:56","modified_gmt":"2019-03-06T21:18:56","slug":"primeiro-sexta-no-centro-do-ano-homenageia-o-dia-da-mulher","status":"publish","type":"post","link":"https:\/\/jundiai.sp.gov.br\/noticias\/2019\/03\/06\/primeiro-sexta-no-centro-do-ano-homenageia-o-dia-da-mulher\/","title":{"rendered":"Primeiro \u201cSexta no Centro\u201d do ano homenageia o dia da Mulher"},"content":{"rendered":"<div id=\"attachment_228301\" style=\"width: 1290px\" class=\"wp-caption alignleft\"><a href=\"https:\/\/jundiai.sp.gov.br\/noticias\/wp-content\/uploads\/sites\/32\/2019\/03\/sexta_no_centro-3.jpg\"><img loading=\"lazy\" decoding=\"async\" aria-describedby=\"caption-attachment-228301\" class=\"wp-image-228301 size-full\" src=\"https:\/\/jundiai.sp.gov.br\/noticias\/wp-content\/uploads\/sites\/32\/2019\/03\/sexta_no_centro-3.jpg\" alt=\"Pra\u00e7a do Coreto durante uma noite de realiza\u00e7\u00e3o do Sexta no Centro, com p\u00fablico e show musical no palco do coreto\" width=\"1280\" height=\"883\" srcset=\"https:\/\/jundiai.sp.gov.br\/noticias\/wp-content\/uploads\/sites\/32\/2019\/03\/sexta_no_centro-3.jpg 1280w, https:\/\/jundiai.sp.gov.br\/noticias\/wp-content\/uploads\/sites\/32\/2019\/03\/sexta_no_centro-3-300x207.jpg 300w, https:\/\/jundiai.sp.gov.br\/noticias\/wp-content\/uploads\/sites\/32\/2019\/03\/sexta_no_centro-3-768x530.jpg 768w\" sizes=\"auto, (max-width: 1280px) 100vw, 1280px\" \/><\/a><p id=\"caption-attachment-228301\" class=\"wp-caption-text\">Primeira edi\u00e7\u00e3o da temporada 2019 do \u201cSexta no Centro\u201d ser\u00e1 no dia 08<\/p><\/div>\n<p>O \u201cSexta no Centro\u201d est\u00e1 de volta no dia 08 e trar\u00e1 como tema as comemora\u00e7\u00f5es pelo Dia Internacional da Mulher. A primeira edi\u00e7\u00e3o do ano volta com as suas atra\u00e7\u00f5es musicais gratuitas, gastron\u00f4micas e de artesanato. O programa \u00e9 uma realiza\u00e7\u00e3o das Unidades de Gest\u00e3o de Cultura (UGC) e de Agroneg\u00f3cio, Abastecimento e Turismo (UGAAT) e passou a ser promovido na Pra\u00e7a Marechal Floriano Peixoto, a Pra\u00e7a do Coreto, a fim de aproveitar de sua infraestrutura para a realiza\u00e7\u00e3o de shows e ampliar a oferta de atra\u00e7\u00f5es culturais na regi\u00e3o central da cidade.<\/p>\n<p>As atra\u00e7\u00f5es musicais come\u00e7am \u00e0s 18h com a apresenta\u00e7\u00e3o de Luiza Miana \u201cDo Jazz ao Samba\u201d, na qual a artista traz um repert\u00f3rio rico da fus\u00e3o de jazz com samba, bossa nova com harmonias vindas do jazz e o molejo do samba genuinamente brasileiro.<\/p>\n<p>J\u00e1 a partir das 20h \u00e9 a vez da artista Juliana Hooper subir ao palco do Coreto com seu show musical focado no estilo Soul, passando pelo Blues, Jazz e Funk com um repert\u00f3rio que traz algumas composi\u00e7\u00f5es autorais e tamb\u00e9m grandes nomes femininos da m\u00fasica Soul, como Nina Simone, Amy Winehouse e Sharon Jones.<\/p>\n<div id=\"attachment_228303\" style=\"width: 1290px\" class=\"wp-caption alignleft\"><a href=\"https:\/\/jundiai.sp.gov.br\/noticias\/wp-content\/uploads\/sites\/32\/2019\/03\/sexta_no_centro-6.jpg\"><img loading=\"lazy\" decoding=\"async\" aria-describedby=\"caption-attachment-228303\" class=\"wp-image-228303 size-full\" src=\"https:\/\/jundiai.sp.gov.br\/noticias\/wp-content\/uploads\/sites\/32\/2019\/03\/sexta_no_centro-6.jpg\" alt=\"Artistas do programa municipal Jundia\u00ed feito \u00e0 M\u00e3o posam em sua barraca\" width=\"1280\" height=\"853\" srcset=\"https:\/\/jundiai.sp.gov.br\/noticias\/wp-content\/uploads\/sites\/32\/2019\/03\/sexta_no_centro-6.jpg 1280w, https:\/\/jundiai.sp.gov.br\/noticias\/wp-content\/uploads\/sites\/32\/2019\/03\/sexta_no_centro-6-300x200.jpg 300w, https:\/\/jundiai.sp.gov.br\/noticias\/wp-content\/uploads\/sites\/32\/2019\/03\/sexta_no_centro-6-768x512.jpg 768w, https:\/\/jundiai.sp.gov.br\/noticias\/wp-content\/uploads\/sites\/32\/2019\/03\/sexta_no_centro-6-450x300.jpg 450w\" sizes=\"auto, (max-width: 1280px) 100vw, 1280px\" \/><\/a><p id=\"caption-attachment-228303\" class=\"wp-caption-text\">O artesanato da noite fica por conta dos artistas do programa Jundia\u00ed feito \u00e0 m\u00e3o<\/p><\/div>\n<p>As op\u00e7\u00f5es gastron\u00f4micas do evento ser\u00e3o oferecidas por permission\u00e1rios das feiras e varej\u00f5es da cidade, que trar\u00e3o em suas barracas lanches diversos, espetinhos, salgadinhos, p\u00e3es, pasteis, comida \u00e1rabe, derivados de milho, tapioca e frango frito, caldo de cana, al\u00e9m de sobremesas diversas, como doces, bolos, churros e salada de fruta.<\/p>\n<p>J\u00e1 o artesanato da festa fica por conta dos artistas do programa Jundia\u00ed feito \u00e0 m\u00e3o, que montar\u00e3o barracas com diversas op\u00e7\u00f5es de artesanato.<\/p>\n<p><strong>Assessoria de Imprensa<br \/>\nFotos: Arquivo PMJ e Divulga\u00e7\u00e3o<\/strong><\/p>\n","protected":false},"excerpt":{"rendered":"<p>O \u201cSexta no Centro\u201d est\u00e1 de volta no dia 08 e trar\u00e1 como tema as comemora\u00e7\u00f5es pelo Dia Internacional da Mulher. A primeira edi\u00e7\u00e3o do ano volta com as suas atra\u00e7\u00f5es musicais gratuitas, gastron\u00f4micas e de artesanato. O programa \u00e9 uma realiza\u00e7\u00e3o das Unidades de Gest\u00e3o de Cultura (UGC) e de Agroneg\u00f3cio, Abastecimento e Turismo [&hellip;]<\/p>\n","protected":false},"author":30,"featured_media":0,"comment_status":"closed","ping_status":"closed","sticky":false,"template":"","format":"standard","meta":{"footnotes":""},"categories":[2],"tags":[974,29,294],"ods":[],"class_list":["post-228300","post","type-post","status-publish","format-standard","hentry","category-noticias","tag-agronegocio-abastecimento-e-turismo","tag-cultura","tag-sexta-no-centro"],"_links":{"self":[{"href":"https:\/\/jundiai.sp.gov.br\/noticias\/wp-json\/wp\/v2\/posts\/228300","targetHints":{"allow":["GET"]}}],"collection":[{"href":"https:\/\/jundiai.sp.gov.br\/noticias\/wp-json\/wp\/v2\/posts"}],"about":[{"href":"https:\/\/jundiai.sp.gov.br\/noticias\/wp-json\/wp\/v2\/types\/post"}],"author":[{"embeddable":true,"href":"https:\/\/jundiai.sp.gov.br\/noticias\/wp-json\/wp\/v2\/users\/30"}],"replies":[{"embeddable":true,"href":"https:\/\/jundiai.sp.gov.br\/noticias\/wp-json\/wp\/v2\/comments?post=228300"}],"version-history":[{"count":3,"href":"https:\/\/jundiai.sp.gov.br\/noticias\/wp-json\/wp\/v2\/posts\/228300\/revisions"}],"predecessor-version":[{"id":228305,"href":"https:\/\/jundiai.sp.gov.br\/noticias\/wp-json\/wp\/v2\/posts\/228300\/revisions\/228305"}],"wp:attachment":[{"href":"https:\/\/jundiai.sp.gov.br\/noticias\/wp-json\/wp\/v2\/media?parent=228300"}],"wp:term":[{"taxonomy":"category","embeddable":true,"href":"https:\/\/jundiai.sp.gov.br\/noticias\/wp-json\/wp\/v2\/categories?post=228300"},{"taxonomy":"post_tag","embeddable":true,"href":"https:\/\/jundiai.sp.gov.br\/noticias\/wp-json\/wp\/v2\/tags?post=228300"},{"taxonomy":"ods","embeddable":true,"href":"https:\/\/jundiai.sp.gov.br\/noticias\/wp-json\/wp\/v2\/ods?post=228300"}],"curies":[{"name":"wp","href":"https:\/\/api.w.org\/{rel}","templated":true}]}}