{"id":228881,"date":"2019-03-26T11:27:02","date_gmt":"2019-03-26T14:27:02","guid":{"rendered":"https:\/\/jundiai.sp.gov.br\/noticias\/?p=228881"},"modified":"2019-03-26T11:30:33","modified_gmt":"2019-03-26T14:30:33","slug":"palestra-sobre-autoestima-e-dignidade-marca-o-mes-da-mulher-na-fumas","status":"publish","type":"post","link":"https:\/\/jundiai.sp.gov.br\/noticias\/2019\/03\/26\/palestra-sobre-autoestima-e-dignidade-marca-o-mes-da-mulher-na-fumas\/","title":{"rendered":"Palestra sobre autoestima e dignidade marca o m\u00eas da mulher na Fumas"},"content":{"rendered":"<p>As servidoras que atuam na sede da Funda\u00e7\u00e3o Municipal de A\u00e7\u00e3o Social (Fumas) e no Servi\u00e7o Funer\u00e1rio Municipal (SFM) tiveram uma tarde diferente nesta segunda-feira (25). Em comemora\u00e7\u00e3o ao M\u00eas da Mulher, as funcion\u00e1rias participaram da palestra \u201cAutoestima e Dignidade Feminina\u201d, com a psic\u00f3loga e terapeuta sexual Claudia Hallgren, promovida no Espa\u00e7o de Conviv\u00eancia da Funda\u00e7\u00e3o.<\/p>\n<p>O tema da palestra seguiu uma diretriz passada pela Unidade de Gest\u00e3o da Casa Civil (UGCC), atrav\u00e9s do N\u00facleo de Articula\u00e7\u00e3o das Pol\u00edticas de Direitos Humanos \u2013 Assessoria de Pol\u00edticas para as Mulheres, que orientou para a necessidade de ampliar a abordagem do crescimento da viol\u00eancia contra a mulher. \u201cAchamos importante ressaltar a quest\u00e3o pela abordagem do resgate da dignidade feminina, sem d\u00favida, o caminho mais assertivo para que a mulher reflita se algo em sua vida est\u00e1 lhe incomodando a ponto de lhe trazer danos emocionais\u201d, salientou a superintendente da Fumas, Solange Marques.<\/p>\n<div id=\"attachment_228882\" style=\"width: 1290px\" class=\"wp-caption alignleft\"><a href=\"https:\/\/jundiai.sp.gov.br\/noticias\/wp-content\/uploads\/sites\/32\/2019\/03\/img_3972.jpg\"><img loading=\"lazy\" decoding=\"async\" aria-describedby=\"caption-attachment-228882\" class=\"size-full wp-image-228882\" src=\"https:\/\/jundiai.sp.gov.br\/noticias\/wp-content\/uploads\/sites\/32\/2019\/03\/img_3972.jpg\" alt=\"Mulheres assistem \u00e0 palestra \" width=\"1280\" height=\"853\" srcset=\"https:\/\/jundiai.sp.gov.br\/noticias\/wp-content\/uploads\/sites\/32\/2019\/03\/img_3972.jpg 1280w, https:\/\/jundiai.sp.gov.br\/noticias\/wp-content\/uploads\/sites\/32\/2019\/03\/img_3972-300x200.jpg 300w, https:\/\/jundiai.sp.gov.br\/noticias\/wp-content\/uploads\/sites\/32\/2019\/03\/img_3972-768x512.jpg 768w, https:\/\/jundiai.sp.gov.br\/noticias\/wp-content\/uploads\/sites\/32\/2019\/03\/img_3972-450x300.jpg 450w\" sizes=\"auto, (max-width: 1280px) 100vw, 1280px\" \/><\/a><p id=\"caption-attachment-228882\" class=\"wp-caption-text\">Cerca de 60 mulheres participaram da palestra, entre servidoras da FUMAS, SFM, agentes de Desenvolvimento Local e volunt\u00e1rias do PSA<\/p><\/div>\n<p>Acostumada a ouvir em seu consult\u00f3rio muitos relatos que demonstram a fragilidade da mulher diante de algumas situa\u00e7\u00f5es, a psic\u00f3loga Claudia Hallgren alertou para a import\u00e2ncia de a mulher saber se posicionar quando uma situa\u00e7\u00e3o que esteja vivenciando n\u00e3o seja a express\u00e3o real da sua vontade. \u201cQuando uma mulher tem medo de expor sua verdade, de demonstrar um determinado tipo de comportamento ou ideia por recear ser criticada ou censurada, esse \u00e9 o momento em que ela precisa recorrer ao verdadeiro sentido da palavra \u2018empoderamento\u2019. Nada mais \u00e9 que provocar em si mesma mudan\u00e7as necess\u00e1rias para sua pr\u00f3pria evolu\u00e7\u00e3o e fortalecimento pessoal\u201d.<\/p>\n<p><strong>Autoconhecimento<br \/>\n<\/strong>Para a cozinheira Elisabete Mariano, a palestra foi excelente para entender a import\u00e2ncia do autoconhecimento. \u201cA gente percebe que a nossa vida \u00e9 um ba\u00fa trancado a sete chaves. O ba\u00fa precisa ser aberto para descobrirmos o que h\u00e1 dentro, mas antes precisamos encontrar todas as chaves que est\u00e3o escondidas dentro da gente\u201d. Tamb\u00e9m foi nessa linha a observa\u00e7\u00e3o feita por Gabriela Alves Pereira, atendente do servi\u00e7o funer\u00e1rio, que achou que a palestra tamb\u00e9m mexeu com as emo\u00e7\u00f5es de muitas participantes. \u201cEstou vivendo um momento em que me sinto bem comigo mesma, mas percebi muitas colegas emocionadas. Um encontro como esse \u00e9 muito positivo porque faz a gente refletir sobre tudo\u201d.<\/p>\n<p>A palestra tamb\u00e9m foi aberta \u00e0s volunt\u00e1rias que atuam na distribui\u00e7\u00e3o do PSA e agentes de Desenvolvimento Local atuantes nas comunidades. Shirley Moraes, Luziana dos Santos, T\u00e2nia Fonseca e Vilma Rodrigues, agentes do Jardim Fepasa, n\u00e3o perderam a oportunidade. \u201cGostamos muito. Todas aqui passam por coisas parecidas e o encontro foi um \u00f3timo aprendizado\u201d, disse Shirley, em nome do grupo. Tamb\u00e9m estiveram presentes as volunt\u00e1rias Maria Benta e Maristela, do Jardim Novo Horizonte 3, e Maria Eleut\u00e9ria, do Parque Centen\u00e1rio.<\/p>\n<p><strong>Assessoria de Imprensa \u2013 Fumas<\/strong><br \/>\n<strong>Fotos: Divulga\u00e7\u00e3o<\/strong><\/p>\n","protected":false},"excerpt":{"rendered":"<p>As servidoras que atuam na sede da Funda\u00e7\u00e3o Municipal de A\u00e7\u00e3o Social (Fumas) e no Servi\u00e7o Funer\u00e1rio Municipal (SFM) tiveram uma tarde diferente nesta segunda-feira (25). Em comemora\u00e7\u00e3o ao M\u00eas da Mulher, as funcion\u00e1rias participaram da palestra \u201cAutoestima e Dignidade Feminina\u201d, com a psic\u00f3loga e terapeuta sexual Claudia Hallgren, promovida no Espa\u00e7o de Conviv\u00eancia da [&hellip;]<\/p>\n","protected":false},"author":30,"featured_media":0,"comment_status":"closed","ping_status":"closed","sticky":false,"template":"","format":"standard","meta":{"footnotes":""},"categories":[2],"tags":[990,62,49],"ods":[],"class_list":["post-228881","post","type-post","status-publish","format-standard","hentry","category-noticias","tag-assessoria-de-politicas-para-as-mulheres","tag-casa-civil","tag-fundacao-municipal-de-acao-social-fumas"],"_links":{"self":[{"href":"https:\/\/jundiai.sp.gov.br\/noticias\/wp-json\/wp\/v2\/posts\/228881","targetHints":{"allow":["GET"]}}],"collection":[{"href":"https:\/\/jundiai.sp.gov.br\/noticias\/wp-json\/wp\/v2\/posts"}],"about":[{"href":"https:\/\/jundiai.sp.gov.br\/noticias\/wp-json\/wp\/v2\/types\/post"}],"author":[{"embeddable":true,"href":"https:\/\/jundiai.sp.gov.br\/noticias\/wp-json\/wp\/v2\/users\/30"}],"replies":[{"embeddable":true,"href":"https:\/\/jundiai.sp.gov.br\/noticias\/wp-json\/wp\/v2\/comments?post=228881"}],"version-history":[{"count":1,"href":"https:\/\/jundiai.sp.gov.br\/noticias\/wp-json\/wp\/v2\/posts\/228881\/revisions"}],"predecessor-version":[{"id":228883,"href":"https:\/\/jundiai.sp.gov.br\/noticias\/wp-json\/wp\/v2\/posts\/228881\/revisions\/228883"}],"wp:attachment":[{"href":"https:\/\/jundiai.sp.gov.br\/noticias\/wp-json\/wp\/v2\/media?parent=228881"}],"wp:term":[{"taxonomy":"category","embeddable":true,"href":"https:\/\/jundiai.sp.gov.br\/noticias\/wp-json\/wp\/v2\/categories?post=228881"},{"taxonomy":"post_tag","embeddable":true,"href":"https:\/\/jundiai.sp.gov.br\/noticias\/wp-json\/wp\/v2\/tags?post=228881"},{"taxonomy":"ods","embeddable":true,"href":"https:\/\/jundiai.sp.gov.br\/noticias\/wp-json\/wp\/v2\/ods?post=228881"}],"curies":[{"name":"wp","href":"https:\/\/api.w.org\/{rel}","templated":true}]}}