{"id":229946,"date":"2019-05-02T12:24:36","date_gmt":"2019-05-02T15:24:36","guid":{"rendered":"https:\/\/jundiai.sp.gov.br\/noticias\/?p=229946"},"modified":"2024-04-22T12:10:16","modified_gmt":"2024-04-22T15:10:16","slug":"matine-no-poly-deste-domingo-05-traz-apresentacao-gratuita-da-peca-n1nho","status":"publish","type":"post","link":"https:\/\/jundiai.sp.gov.br\/noticias\/2019\/05\/02\/matine-no-poly-deste-domingo-05-traz-apresentacao-gratuita-da-peca-n1nho\/","title":{"rendered":"Matin\u00ea no Poly deste domingo (05) traz apresenta\u00e7\u00e3o gratuita da pe\u00e7a \u201cN1NHO\u201d"},"content":{"rendered":"<p>O Teatro Polytheama recebe neste domingo (05), \u00e0s 16h, a apresenta\u00e7\u00e3o da pe\u00e7a \u201cN1NHO\u201d da Cia. de Teatro de Jundia\u00ed. A atra\u00e7\u00e3o gratuita \u00e9 mais uma atra\u00e7\u00e3o da programa\u00e7\u00e3o do Matin\u00ea no Poly, iniciativa do Departamento de Teatros da Unidade de Gest\u00e3o de Cultura (UGC).<\/p>\n<p>\u201cN1NHO\u201d \u00e9 uma f\u00e1bula musical que narra a hist\u00f3ria de um beija-flor crian\u00e7a que pousa em um ninho localizado sobre um pr\u00e9dio de uma cidade in\u00f3spita, com a miss\u00e3o de despertar o fazer arte, viver e rir, que os passarinhos adultos, disfar\u00e7ados de urubus, escondem em seus cora\u00e7\u00f5es.<\/p>\n<div id=\"attachment_229947\" style=\"width: 1290px\" class=\"wp-caption alignleft\"><a href=\"https:\/\/jundiai.sp.gov.br\/noticias\/wp-content\/uploads\/sites\/32\/2019\/05\/peca-teatral-ninho-no-polytheama-cia-teatral-de-jundiai_c_-173.jpg\"><img loading=\"lazy\" decoding=\"async\" aria-describedby=\"caption-attachment-229947\" class=\"size-full wp-image-229947\" src=\"https:\/\/jundiai.sp.gov.br\/noticias\/wp-content\/uploads\/sites\/32\/2019\/05\/peca-teatral-ninho-no-polytheama-cia-teatral-de-jundiai_c_-173.jpg\" alt=\"Palco do teatro Polytheama, com plateia n\u00e3o identific\u00e1vel abaixo, com atores fantasiados de p\u00e1ssaros, escadas m\u00f3veis e uma tenda de circo montada\" width=\"1280\" height=\"854\" srcset=\"https:\/\/jundiai.sp.gov.br\/noticias\/wp-content\/uploads\/sites\/32\/2019\/05\/peca-teatral-ninho-no-polytheama-cia-teatral-de-jundiai_c_-173.jpg 1280w, https:\/\/jundiai.sp.gov.br\/noticias\/wp-content\/uploads\/sites\/32\/2019\/05\/peca-teatral-ninho-no-polytheama-cia-teatral-de-jundiai_c_-173-300x200.jpg 300w, https:\/\/jundiai.sp.gov.br\/noticias\/wp-content\/uploads\/sites\/32\/2019\/05\/peca-teatral-ninho-no-polytheama-cia-teatral-de-jundiai_c_-173-768x512.jpg 768w, https:\/\/jundiai.sp.gov.br\/noticias\/wp-content\/uploads\/sites\/32\/2019\/05\/peca-teatral-ninho-no-polytheama-cia-teatral-de-jundiai_c_-173-450x300.jpg 450w\" sizes=\"auto, (max-width: 1280px) 100vw, 1280px\" \/><\/a><p id=\"caption-attachment-229947\" class=\"wp-caption-text\">\u201cN1NHO\u201d narra a hist\u00f3ria de um beija-flor crian\u00e7a que chega a um pr\u00e9dio e transforma a vida de p\u00e1ssaros adultos<\/p><\/div>\n<p>Sob a dire\u00e7\u00e3o de Carla Candiotto, o espet\u00e1culo tem dura\u00e7\u00e3o de 45 minutos e classifica\u00e7\u00e3o livre, com indica\u00e7\u00e3o para crian\u00e7as a partir dos seis anos. Os ingressos gratuitos ser\u00e3o distribu\u00eddos a partir deste s\u00e1bado (04), das 10h \u00e0s 17h, e no domingo (05), tamb\u00e9m a partir das 10h at\u00e9 o hor\u00e1rio do espet\u00e1culo. Cada adulto na fila pode retirar at\u00e9 dois ingressos. O teatro Polytheama fica na rua Bar\u00e3o de Jundia\u00ed, 176, Centro.<\/p>\n<p>Mais informa\u00e7\u00f5es sobre o espet\u00e1culo e os ingressos podem ser obtidas pelos telefones (11) 4586-2472 e 4522-0770.<\/p>\n<p>Assim como a Orquestra Municipal de Jundia\u00ed (OMJ) e a Cia. Jovem de Dan\u00e7a, a Cia. de Teatro \u00e9 um corpo art\u00edstico ligado ao Teatro Polytheama de fomento \u00e0s suas respectivas linguagens art\u00edsticas. Esses tr\u00eas corpos, junto com o Coral Municipal, possuem agenda anual de apresenta\u00e7\u00f5es gratuitas em eventos do calend\u00e1rio municipal.<\/p>\n<p><strong>Assessoria de Imprensa<br \/>\nFoto: Arquivo PMJ<\/strong><\/p>\n<p>&nbsp;<\/p>\n","protected":false},"excerpt":{"rendered":"<p>O Teatro Polytheama recebe neste domingo (05), \u00e0s 16h, a apresenta\u00e7\u00e3o da pe\u00e7a \u201cN1NHO\u201d da Cia. de Teatro de Jundia\u00ed. A atra\u00e7\u00e3o gratuita \u00e9 mais uma atra\u00e7\u00e3o da programa\u00e7\u00e3o do Matin\u00ea no Poly, iniciativa do Departamento de Teatros da Unidade de Gest\u00e3o de Cultura (UGC). \u201cN1NHO\u201d \u00e9 uma f\u00e1bula musical que narra a hist\u00f3ria de [&hellip;]<\/p>\n","protected":false},"author":30,"featured_media":0,"comment_status":"closed","ping_status":"closed","sticky":false,"template":"","format":"standard","meta":{"footnotes":""},"categories":[2],"tags":[812,29,98],"ods":[],"class_list":["post-229946","post","type-post","status-publish","format-standard","hentry","category-noticias","tag-companhia-de-teatro-de-jundiai","tag-cultura","tag-teatro-polytheama"],"_links":{"self":[{"href":"https:\/\/jundiai.sp.gov.br\/noticias\/wp-json\/wp\/v2\/posts\/229946","targetHints":{"allow":["GET"]}}],"collection":[{"href":"https:\/\/jundiai.sp.gov.br\/noticias\/wp-json\/wp\/v2\/posts"}],"about":[{"href":"https:\/\/jundiai.sp.gov.br\/noticias\/wp-json\/wp\/v2\/types\/post"}],"author":[{"embeddable":true,"href":"https:\/\/jundiai.sp.gov.br\/noticias\/wp-json\/wp\/v2\/users\/30"}],"replies":[{"embeddable":true,"href":"https:\/\/jundiai.sp.gov.br\/noticias\/wp-json\/wp\/v2\/comments?post=229946"}],"version-history":[{"count":3,"href":"https:\/\/jundiai.sp.gov.br\/noticias\/wp-json\/wp\/v2\/posts\/229946\/revisions"}],"predecessor-version":[{"id":229971,"href":"https:\/\/jundiai.sp.gov.br\/noticias\/wp-json\/wp\/v2\/posts\/229946\/revisions\/229971"}],"wp:attachment":[{"href":"https:\/\/jundiai.sp.gov.br\/noticias\/wp-json\/wp\/v2\/media?parent=229946"}],"wp:term":[{"taxonomy":"category","embeddable":true,"href":"https:\/\/jundiai.sp.gov.br\/noticias\/wp-json\/wp\/v2\/categories?post=229946"},{"taxonomy":"post_tag","embeddable":true,"href":"https:\/\/jundiai.sp.gov.br\/noticias\/wp-json\/wp\/v2\/tags?post=229946"},{"taxonomy":"ods","embeddable":true,"href":"https:\/\/jundiai.sp.gov.br\/noticias\/wp-json\/wp\/v2\/ods?post=229946"}],"curies":[{"name":"wp","href":"https:\/\/api.w.org\/{rel}","templated":true}]}}