{"id":230099,"date":"2019-05-07T11:17:30","date_gmt":"2019-05-07T14:17:30","guid":{"rendered":"https:\/\/jundiai.sp.gov.br\/noticias\/?p=230099"},"modified":"2019-05-07T11:17:30","modified_gmt":"2019-05-07T14:17:30","slug":"fumas-promove-workshop-sobre-regularizacao-fundiaria-para-servidores","status":"publish","type":"post","link":"https:\/\/jundiai.sp.gov.br\/noticias\/2019\/05\/07\/fumas-promove-workshop-sobre-regularizacao-fundiaria-para-servidores\/","title":{"rendered":"Fumas promove workshop sobre regulariza\u00e7\u00e3o fundi\u00e1ria para servidores"},"content":{"rendered":"<p>Com a finalidade de promover uma maior compreens\u00e3o das etapas do processo de regulariza\u00e7\u00e3o fundi\u00e1ria de interesse social, a Funda\u00e7\u00e3o Municipal de A\u00e7\u00e3o Social (Fumas) promove durante esta semana um <em>workshop<\/em> com os servidores municipais que atuam nessa \u00e1rea. Cerca de 40 servidores participam da s\u00e9rie de encontros, que come\u00e7ou nesta segunda-feira (6) e se estender\u00e1 por toda a semana, no Centro de Capacita\u00e7\u00e3o do Complexo Argos.<\/p>\n<div id=\"attachment_230100\" style=\"width: 1290px\" class=\"wp-caption alignleft\"><a href=\"https:\/\/jundiai.sp.gov.br\/noticias\/wp-content\/uploads\/sites\/32\/2019\/05\/workshop_fumas_regularizacao_fundiaria.jpg\"><img loading=\"lazy\" decoding=\"async\" aria-describedby=\"caption-attachment-230100\" class=\"size-full wp-image-230100\" src=\"https:\/\/jundiai.sp.gov.br\/noticias\/wp-content\/uploads\/sites\/32\/2019\/05\/workshop_fumas_regularizacao_fundiaria.jpg\" alt=\"Pessoas sentadas ao redor de sala de aula com palestrante \u00e0 frente\" width=\"1280\" height=\"853\" srcset=\"https:\/\/jundiai.sp.gov.br\/noticias\/wp-content\/uploads\/sites\/32\/2019\/05\/workshop_fumas_regularizacao_fundiaria.jpg 1280w, https:\/\/jundiai.sp.gov.br\/noticias\/wp-content\/uploads\/sites\/32\/2019\/05\/workshop_fumas_regularizacao_fundiaria-300x200.jpg 300w, https:\/\/jundiai.sp.gov.br\/noticias\/wp-content\/uploads\/sites\/32\/2019\/05\/workshop_fumas_regularizacao_fundiaria-768x512.jpg 768w, https:\/\/jundiai.sp.gov.br\/noticias\/wp-content\/uploads\/sites\/32\/2019\/05\/workshop_fumas_regularizacao_fundiaria-450x300.jpg 450w\" sizes=\"auto, (max-width: 1280px) 100vw, 1280px\" \/><\/a><p id=\"caption-attachment-230100\" class=\"wp-caption-text\">Entre os participantes est\u00e3o engenheiros, assistentes sociais, procuradores e t\u00e9cnicos que atuam no segmento<\/p><\/div>\n<p>Para a superintendente da Fumas, Solange Marques, o workshop \u00e9 uma forma de oferecer novas ferramentas para que os servidores tenham ainda mais condi\u00e7\u00f5es de atender as atuais e futuras demandas por regulariza\u00e7\u00e3o. \u201cEntre os servidores participantes temos assistentes sociais, engenheiros, procuradores jur\u00eddicos e demais t\u00e9cnicos que atuam desde o in\u00edcio do processo de regulariza\u00e7\u00e3o, ou seja, nesse treinamento est\u00e3o os respons\u00e1veis pelo levantamento das fam\u00edlias a receberem a titula\u00e7\u00e3o do im\u00f3vel no futuro, at\u00e9 os servidores que atuam na outra ponta, que \u00e9 a entrega dos t\u00edtulos aos propriet\u00e1rios\u201d, explicou Solange.<\/p>\n<p>O palestrante convidado \u00e9 o advogado Renato G\u00f3es, de S\u00e3o Jos\u00e9 do Rio Preto, que soma experi\u00eancias de atua\u00e7\u00e3o de Regulariza\u00e7\u00e3o Fundi\u00e1ria nas tr\u00eas esferas de Governo (federal, estadual e municipal). G\u00f3es tamb\u00e9m participou do Grupo de Estudo do Minist\u00e9rio das Cidades (atual Minist\u00e9rio da Integra\u00e7\u00e3o Nacional), que culminou com o projeto de lei convertido na Lei Nacional 13.465\/2017, que trata da Regulariza\u00e7\u00e3o Fundi\u00e1ria no pa\u00eds.<\/p>\n<p>\u201cA edi\u00e7\u00e3o de leis, por si s\u00f3, n\u00e3o resolve os problemas de nossas cidades. A solu\u00e7\u00e3o est\u00e1 no exerc\u00edcio correto das ferramentas criadas pelo Legislador, na capacita\u00e7\u00e3o dos Gestores P\u00fablicos Municipais e na capacidade de buscarem resolver os quest\u00f5es complexas da sociedade. Por isso \u00e9 essencial e correta a postura adotada pela FUMAS em propiciar treinamento adequado aos seus servidores para bem servir aos mun\u00edcipes de Jundia\u00ed\u201d, argumentou Renato.<\/p>\n<p><strong>Assessoria de Imprensa \u2013 Fumas<br \/>\nFoto: Divulga\u00e7\u00e3o<\/strong><\/p>\n","protected":false},"excerpt":{"rendered":"<p>Com a finalidade de promover uma maior compreens\u00e3o das etapas do processo de regulariza\u00e7\u00e3o fundi\u00e1ria de interesse social, a Funda\u00e7\u00e3o Municipal de A\u00e7\u00e3o Social (Fumas) promove durante esta semana um workshop com os servidores municipais que atuam nessa \u00e1rea. Cerca de 40 servidores participam da s\u00e9rie de encontros, que come\u00e7ou nesta segunda-feira (6) e se [&hellip;]<\/p>\n","protected":false},"author":30,"featured_media":0,"comment_status":"closed","ping_status":"closed","sticky":false,"template":"","format":"standard","meta":{"footnotes":""},"categories":[2],"tags":[419,49],"ods":[],"class_list":["post-230099","post","type-post","status-publish","format-standard","hentry","category-noticias","tag-complexo-argos","tag-fundacao-municipal-de-acao-social-fumas"],"_links":{"self":[{"href":"https:\/\/jundiai.sp.gov.br\/noticias\/wp-json\/wp\/v2\/posts\/230099","targetHints":{"allow":["GET"]}}],"collection":[{"href":"https:\/\/jundiai.sp.gov.br\/noticias\/wp-json\/wp\/v2\/posts"}],"about":[{"href":"https:\/\/jundiai.sp.gov.br\/noticias\/wp-json\/wp\/v2\/types\/post"}],"author":[{"embeddable":true,"href":"https:\/\/jundiai.sp.gov.br\/noticias\/wp-json\/wp\/v2\/users\/30"}],"replies":[{"embeddable":true,"href":"https:\/\/jundiai.sp.gov.br\/noticias\/wp-json\/wp\/v2\/comments?post=230099"}],"version-history":[{"count":1,"href":"https:\/\/jundiai.sp.gov.br\/noticias\/wp-json\/wp\/v2\/posts\/230099\/revisions"}],"predecessor-version":[{"id":230101,"href":"https:\/\/jundiai.sp.gov.br\/noticias\/wp-json\/wp\/v2\/posts\/230099\/revisions\/230101"}],"wp:attachment":[{"href":"https:\/\/jundiai.sp.gov.br\/noticias\/wp-json\/wp\/v2\/media?parent=230099"}],"wp:term":[{"taxonomy":"category","embeddable":true,"href":"https:\/\/jundiai.sp.gov.br\/noticias\/wp-json\/wp\/v2\/categories?post=230099"},{"taxonomy":"post_tag","embeddable":true,"href":"https:\/\/jundiai.sp.gov.br\/noticias\/wp-json\/wp\/v2\/tags?post=230099"},{"taxonomy":"ods","embeddable":true,"href":"https:\/\/jundiai.sp.gov.br\/noticias\/wp-json\/wp\/v2\/ods?post=230099"}],"curies":[{"name":"wp","href":"https:\/\/api.w.org\/{rel}","templated":true}]}}