{"id":230231,"date":"2019-05-11T15:58:45","date_gmt":"2019-05-11T18:58:45","guid":{"rendered":"https:\/\/jundiai.sp.gov.br\/noticias\/?p=230231"},"modified":"2019-05-11T15:58:45","modified_gmt":"2019-05-11T18:58:45","slug":"jundiai-e-representada-em-conferencia-estadual-de-saude","status":"publish","type":"post","link":"https:\/\/jundiai.sp.gov.br\/noticias\/2019\/05\/11\/jundiai-e-representada-em-conferencia-estadual-de-saude\/","title":{"rendered":"Jundia\u00ed \u00e9 representada em Confer\u00eancia Estadual de Sa\u00fade"},"content":{"rendered":"<div id=\"attachment_230232\" style=\"width: 1290px\" class=\"wp-caption alignleft\"><a href=\"https:\/\/jundiai.sp.gov.br\/noticias\/wp-content\/uploads\/sites\/32\/2019\/05\/paciente-pascoa-ap-f-condini-46.jpg\"><img loading=\"lazy\" decoding=\"async\" aria-describedby=\"caption-attachment-230232\" src=\"https:\/\/jundiai.sp.gov.br\/noticias\/wp-content\/uploads\/sites\/32\/2019\/05\/paciente-pascoa-ap-f-condini-46.jpg\" alt=\"\" width=\"1280\" height=\"895\" class=\"size-full wp-image-230232\" srcset=\"https:\/\/jundiai.sp.gov.br\/noticias\/wp-content\/uploads\/sites\/32\/2019\/05\/paciente-pascoa-ap-f-condini-46.jpg 1280w, https:\/\/jundiai.sp.gov.br\/noticias\/wp-content\/uploads\/sites\/32\/2019\/05\/paciente-pascoa-ap-f-condini-46-300x210.jpg 300w, https:\/\/jundiai.sp.gov.br\/noticias\/wp-content\/uploads\/sites\/32\/2019\/05\/paciente-pascoa-ap-f-condini-46-768x537.jpg 768w\" sizes=\"auto, (max-width: 1280px) 100vw, 1280px\" \/><\/a><p id=\"caption-attachment-230232\" class=\"wp-caption-text\">Fortalecimento da Sa\u00fade p\u00fablica \u00e9 intuito de confer\u00eancias<br \/><\/p><\/div>\n<p>Agendada para acontecer no m\u00eas de junho, entre os dias 14 a 16, a Confer\u00eancia Estadual de Sa\u00fade contar\u00e1 com a participa\u00e7\u00e3o de representantes de Jundia\u00ed para apresentar diretrizes para a melhoria constante no sistema de atendimento p\u00fablico em sa\u00fade do Pa\u00eds. Nesta semana, em Campinas, foi realizada a etapa macrorregional para a elabora\u00e7\u00e3o de propostas a partir dos encontros realizados nos munic\u00edpios.<\/p>\n<p>Segundo o gestor da Unidade de Gest\u00e3o de Promo\u00e7\u00e3o da Sa\u00fade (UGPS), Tiago Texera, \u2013 que foi eleito para participar da etapa estadual da Confer\u00eancia, juntamente com outros sete delegados jundiaienses \u2013 a representatividade \u00e9 importante. \u201cDas 16 propostas que foram elaboradas na etapa municipal, todas foram integradas \u00e0s 20 diretivas que nortear\u00e3o o encontro estadual. Essas confer\u00eancias s\u00e3o usadas para que as gest\u00f5es nacionais e estaduais elaborem os planos direcionados para a sa\u00fade\u201d, comenta.<\/p>\n<p><em><strong>Assessoria de Imprensa<br \/>\nFotos: Fot\u00f3grafos PMJ<\/strong><\/em><\/p>\n","protected":false},"excerpt":{"rendered":"<p>Agendada para acontecer no m\u00eas de junho, entre os dias 14 a 16, a Confer\u00eancia Estadual de Sa\u00fade contar\u00e1 com a participa\u00e7\u00e3o de representantes de Jundia\u00ed para apresentar diretrizes para a melhoria constante no sistema de atendimento p\u00fablico em sa\u00fade do Pa\u00eds. Nesta semana, em Campinas, foi realizada a etapa macrorregional para a elabora\u00e7\u00e3o de [&hellip;]<\/p>\n","protected":false},"author":33,"featured_media":0,"comment_status":"closed","ping_status":"closed","sticky":false,"template":"","format":"standard","meta":{"footnotes":""},"categories":[2],"tags":[3],"ods":[],"class_list":["post-230231","post","type-post","status-publish","format-standard","hentry","category-noticias","tag-saude"],"_links":{"self":[{"href":"https:\/\/jundiai.sp.gov.br\/noticias\/wp-json\/wp\/v2\/posts\/230231","targetHints":{"allow":["GET"]}}],"collection":[{"href":"https:\/\/jundiai.sp.gov.br\/noticias\/wp-json\/wp\/v2\/posts"}],"about":[{"href":"https:\/\/jundiai.sp.gov.br\/noticias\/wp-json\/wp\/v2\/types\/post"}],"author":[{"embeddable":true,"href":"https:\/\/jundiai.sp.gov.br\/noticias\/wp-json\/wp\/v2\/users\/33"}],"replies":[{"embeddable":true,"href":"https:\/\/jundiai.sp.gov.br\/noticias\/wp-json\/wp\/v2\/comments?post=230231"}],"version-history":[{"count":1,"href":"https:\/\/jundiai.sp.gov.br\/noticias\/wp-json\/wp\/v2\/posts\/230231\/revisions"}],"predecessor-version":[{"id":230233,"href":"https:\/\/jundiai.sp.gov.br\/noticias\/wp-json\/wp\/v2\/posts\/230231\/revisions\/230233"}],"wp:attachment":[{"href":"https:\/\/jundiai.sp.gov.br\/noticias\/wp-json\/wp\/v2\/media?parent=230231"}],"wp:term":[{"taxonomy":"category","embeddable":true,"href":"https:\/\/jundiai.sp.gov.br\/noticias\/wp-json\/wp\/v2\/categories?post=230231"},{"taxonomy":"post_tag","embeddable":true,"href":"https:\/\/jundiai.sp.gov.br\/noticias\/wp-json\/wp\/v2\/tags?post=230231"},{"taxonomy":"ods","embeddable":true,"href":"https:\/\/jundiai.sp.gov.br\/noticias\/wp-json\/wp\/v2\/ods?post=230231"}],"curies":[{"name":"wp","href":"https:\/\/api.w.org\/{rel}","templated":true}]}}