{"id":230416,"date":"2019-05-17T18:39:12","date_gmt":"2019-05-17T21:39:12","guid":{"rendered":"https:\/\/jundiai.sp.gov.br\/noticias\/?p=230416"},"modified":"2019-05-17T18:39:12","modified_gmt":"2019-05-17T21:39:12","slug":"consegs-forcas-policiais-e-populacao-efetivam-a-cooperacao-no-combate-a-criminalidade","status":"publish","type":"post","link":"https:\/\/jundiai.sp.gov.br\/noticias\/2019\/05\/17\/consegs-forcas-policiais-e-populacao-efetivam-a-cooperacao-no-combate-a-criminalidade\/","title":{"rendered":"Consegs: for\u00e7as policiais e popula\u00e7\u00e3o efetivam a coopera\u00e7\u00e3o no combate \u00e0 criminalidade"},"content":{"rendered":"<p>Dando sequ\u00eancia \u00e0s atividades, o Conseg Bar\u00e3o de Jundiahy, por meio de seu presidente Jos\u00e9 Henrique de Oliveira Coelho (reeleito), inicia o m\u00eas de maio com a reuni\u00e3o que aconteceu esta semana na Associa\u00e7\u00e3o Comercial Empresarial (ACE) de Jundia\u00ed. Em pauta, estava a declara\u00e7\u00e3o de posse, proferida pelo capit\u00e3o Ruiz por aclama\u00e7\u00e3o, dos demais integrantes da nova chapa da Diretoria do Conseg Bar\u00e3o de Jundiahy, eleita no dia 17 de abril para o bi\u00eanio 2019\/2021: Danilo D\u00b4Angelo (vice-presidente), Adriana Ferreira Martins (1\u00aa secret\u00e1ria), Rosana Zomignani e Virg\u00ednia Bossonaro.<\/p>\n<p>Os avan\u00e7os em tecnologia e videomonitoramento \u2013 com o Sistema Detecta e o Programa Vizinhan\u00e7a Solid\u00e1ria, ambos da Pol\u00edcia Militar; a Central de Monitoramento Eletr\u00f4nico de C\u00e2meras \u2013 Olho Vivo e sistema OCR \u2013 reconhecimento das placas dos ve\u00edculos, da GMJ, tamb\u00e9m foram destaque. O vice-presidente do Conseg informou aos presentes que o Detecta, instalado em Jundia\u00ed numa iniciativa da ACE junto ao governo do Estado, hoje chega a 46 c\u00e2meras em atividade, com 12 milh\u00f5es de registros. \u201cA capacidade de monitoramento inteligente realizado pelas duas institui\u00e7\u00f5es, principalmente a Guarda Municipal, s\u00e3o exemplares, com muito profissionalismo.\u201d<\/p>\n<div id=\"attachment_230417\" style=\"width: 1290px\" class=\"wp-caption alignleft\"><a href=\"https:\/\/jundiai.sp.gov.br\/noticias\/wp-content\/uploads\/sites\/32\/2019\/05\/dscn9959.jpg\"><img loading=\"lazy\" decoding=\"async\" aria-describedby=\"caption-attachment-230417\" class=\"size-full wp-image-230417\" src=\"https:\/\/jundiai.sp.gov.br\/noticias\/wp-content\/uploads\/sites\/32\/2019\/05\/dscn9959.jpg\" alt=\"\" width=\"1280\" height=\"960\" srcset=\"https:\/\/jundiai.sp.gov.br\/noticias\/wp-content\/uploads\/sites\/32\/2019\/05\/dscn9959.jpg 1280w, https:\/\/jundiai.sp.gov.br\/noticias\/wp-content\/uploads\/sites\/32\/2019\/05\/dscn9959-300x225.jpg 300w, https:\/\/jundiai.sp.gov.br\/noticias\/wp-content\/uploads\/sites\/32\/2019\/05\/dscn9959-768x576.jpg 768w\" sizes=\"auto, (max-width: 1280px) 100vw, 1280px\" \/><\/a><p id=\"caption-attachment-230417\" class=\"wp-caption-text\">Encontros acontecem mensalmente para discutir as principais pautas, inteirando a comunidade sobre a import\u00e2ncia na comunica\u00e7\u00e3o dos fatos<\/p><\/div>\n<p>A campanha \u2018N\u00e3o D\u00ea Esmolas\u2019 foi um dos pontos altos do encontro, uma vez que, segundo os participantes, enquanto tiver algu\u00e9m dando esse tipo de ajuda, a realidade se mant\u00e9m. \u201cAo se dar esmola acaba n\u00e3o se dando dignidade. \u00c9 preciso sim estender a m\u00e3o, manifestar a caridade dentro do que pode ser feito, com orienta\u00e7\u00e3o e encaminhamento. A popula\u00e7\u00e3o merece ter uma conviv\u00eancia pac\u00edfica, e para isso realizamos interven\u00e7\u00f5es pontuais e integradas\u201d, ressaltou o capit\u00e3o Ruiz.<\/p>\n<p>O presidente reeleito colocou em discuss\u00e3o a utiliza\u00e7\u00e3o do\u00a0<em>WhatsApp<\/em>\u00a0como ferramenta fundamental para o contato cada vez mais pr\u00f3ximo entre os moradores do mesmo bairro. \u201cOs grupos se fortalecem, aumentam gradativamente, uma vez que as informa\u00e7\u00f5es trocadas s\u00e3o fundamentais. Nossa grande preocupa\u00e7\u00e3o \u00e9 promover o bem-estar de toda a comunidade, principalmente os idosos, mantendo o di\u00e1logo durante o dia, seja qual for a situa\u00e7\u00e3o, para que se possa agir de imediato\u201d, defende.<\/p>\n<p>\u201cA participa\u00e7\u00e3o da popula\u00e7\u00e3o \u00e9 de extrema import\u00e2ncia para que as for\u00e7as de seguran\u00e7a, ouvindo os moradores dos bairros, possam tra\u00e7ar estrat\u00e9gias para garantir cada vez mais uma cidade tranquila, com \u00edndices de criminalidade cada vez mais baixos. Realizamos opera\u00e7\u00f5es estrat\u00e9gicas com as demais for\u00e7as, uma vez que as demandas dos mun\u00edcipes ocasionam bloqueios espec\u00edficos\u201d, informou o subinspetor Godoi.<\/p>\n<p>Dentre os presentes \u00e0 reuni\u00e3o estavam o comandante da 1\u00aa Cia. do 11\u00ba Batalh\u00e3o da Pol\u00edcia Militar do Interior (BPMI), capit\u00e3o PM Samuel Barban Ruiz; os delegados titulares Josias Guimar\u00e3es (1\u00ba Distrito Policial \u2013 DP); Florisval Silva Santos (6\u00ba DP);a delegada Camila Duarte Pena (7\u00ba DP); o subinspetor Erich Streng Godoi (representando o inspetor Benedito Marcos Moreno, comandante da Guarda Municipal de Jundia\u00ed \u2013 GMJ) e o vereador Douglas Medeiros.<\/p>\n<p><strong>Abrang\u00eancia<br \/>\n<\/strong>O Conseg Bar\u00e3o de Jundiahy integra a regi\u00e3o do 1\u00ba Distrito Policial (Centro, vilas Liberdade e Municipal); do 6\u00ba (vilas Nova Jundiain\u00f3polis, Rami, Campos Sales, Garcia, Maring\u00e1; jardins Pitangueiras II, Bonfiglioli, Tijuco Preto, Santa Gertrudes, Cica, Vianelo, Parque Uni\u00e3o e Malota); al\u00e9m do 7\u00ba Distrito Policial (jardins Paulista I, Paulista II, Santa Adelaide, Paris: vilas Japi II, Della Piazza, Ana; Bela Vista, Retiro, Anhangaba\u00fa, Parque do Col\u00e9gio; jardins Ana Maria, Messina, Campos El\u00edseos, Ch\u00e1cara Urbana).<\/p>\n<p><em><strong>Assessoria de Imprensa GMJ<br \/>\nFoto: Assessoria de Imprensa GMJ<\/strong><\/em><\/p>\n","protected":false},"excerpt":{"rendered":"<p>Dando sequ\u00eancia \u00e0s atividades, o Conseg Bar\u00e3o de Jundiahy, por meio de seu presidente Jos\u00e9 Henrique de Oliveira Coelho (reeleito), inicia o m\u00eas de maio com a reuni\u00e3o que aconteceu esta semana na Associa\u00e7\u00e3o Comercial Empresarial (ACE) de Jundia\u00ed. Em pauta, estava a declara\u00e7\u00e3o de posse, proferida pelo capit\u00e3o Ruiz por aclama\u00e7\u00e3o, dos demais integrantes [&hellip;]<\/p>\n","protected":false},"author":30,"featured_media":0,"comment_status":"closed","ping_status":"closed","sticky":false,"template":"","format":"standard","meta":{"footnotes":""},"categories":[2],"tags":[178,31,948],"ods":[],"class_list":["post-230416","post","type-post","status-publish","format-standard","hentry","category-noticias","tag-conselho-de-seguranca-barao-de-jundiahy-conseg","tag-guarda-municipal","tag-seguranca-municipal"],"_links":{"self":[{"href":"https:\/\/jundiai.sp.gov.br\/noticias\/wp-json\/wp\/v2\/posts\/230416","targetHints":{"allow":["GET"]}}],"collection":[{"href":"https:\/\/jundiai.sp.gov.br\/noticias\/wp-json\/wp\/v2\/posts"}],"about":[{"href":"https:\/\/jundiai.sp.gov.br\/noticias\/wp-json\/wp\/v2\/types\/post"}],"author":[{"embeddable":true,"href":"https:\/\/jundiai.sp.gov.br\/noticias\/wp-json\/wp\/v2\/users\/30"}],"replies":[{"embeddable":true,"href":"https:\/\/jundiai.sp.gov.br\/noticias\/wp-json\/wp\/v2\/comments?post=230416"}],"version-history":[{"count":1,"href":"https:\/\/jundiai.sp.gov.br\/noticias\/wp-json\/wp\/v2\/posts\/230416\/revisions"}],"predecessor-version":[{"id":230418,"href":"https:\/\/jundiai.sp.gov.br\/noticias\/wp-json\/wp\/v2\/posts\/230416\/revisions\/230418"}],"wp:attachment":[{"href":"https:\/\/jundiai.sp.gov.br\/noticias\/wp-json\/wp\/v2\/media?parent=230416"}],"wp:term":[{"taxonomy":"category","embeddable":true,"href":"https:\/\/jundiai.sp.gov.br\/noticias\/wp-json\/wp\/v2\/categories?post=230416"},{"taxonomy":"post_tag","embeddable":true,"href":"https:\/\/jundiai.sp.gov.br\/noticias\/wp-json\/wp\/v2\/tags?post=230416"},{"taxonomy":"ods","embeddable":true,"href":"https:\/\/jundiai.sp.gov.br\/noticias\/wp-json\/wp\/v2\/ods?post=230416"}],"curies":[{"name":"wp","href":"https:\/\/api.w.org\/{rel}","templated":true}]}}