{"id":230587,"date":"2019-05-24T11:17:53","date_gmt":"2019-05-24T14:17:53","guid":{"rendered":"https:\/\/jundiai.sp.gov.br\/noticias\/?p=230587"},"modified":"2019-05-24T11:17:53","modified_gmt":"2019-05-24T14:17:53","slug":"educacao-de-jovens-e-adultos-incentiva-tambem-na-formacao-fora-da-sala-de-aula","status":"publish","type":"post","link":"https:\/\/jundiai.sp.gov.br\/noticias\/2019\/05\/24\/educacao-de-jovens-e-adultos-incentiva-tambem-na-formacao-fora-da-sala-de-aula\/","title":{"rendered":"Educa\u00e7\u00e3o de Jovens e Adultos incentiva tamb\u00e9m na forma\u00e7\u00e3o fora da sala de aula"},"content":{"rendered":"<p>Al\u00e9m dos conte\u00fados abordados em sala de aula, o Centro Municipal de Educa\u00e7\u00e3o de Jovens e Adultos \u201cProf. Dr. Andr\u00e9 Franco Montoro\u201d (CMEJA) tamb\u00e9m tem incentivado a forma\u00e7\u00e3o cultural, cient\u00edfica e tecnol\u00f3gica por meio de atividades extracurriculares e visitas monitoradas que favorecem o aprendizado. Somente nessa ter\u00e7a (21) e quarta-feira (22), cerca 450 alunos do semipresencial participaram da palestra de educa\u00e7\u00e3o para o tr\u00e2nsito, promovida por conta do Maio Amarelo, em parceria com a Pol\u00edcia Rodovi\u00e1ria.<\/p>\n<div id=\"attachment_230588\" style=\"width: 1290px\" class=\"wp-caption alignleft\"><a href=\"https:\/\/jundiai.sp.gov.br\/noticias\/wp-content\/uploads\/sites\/32\/2019\/05\/cmeja-50.jpg\"><img loading=\"lazy\" decoding=\"async\" aria-describedby=\"caption-attachment-230588\" class=\"size-full wp-image-230588\" src=\"https:\/\/jundiai.sp.gov.br\/noticias\/wp-content\/uploads\/sites\/32\/2019\/05\/cmeja-50.jpg\" alt=\"Policial Militar sobre palco, com espectadores sentados em plateia\" width=\"1280\" height=\"729\" srcset=\"https:\/\/jundiai.sp.gov.br\/noticias\/wp-content\/uploads\/sites\/32\/2019\/05\/cmeja-50.jpg 1280w, https:\/\/jundiai.sp.gov.br\/noticias\/wp-content\/uploads\/sites\/32\/2019\/05\/cmeja-50-300x171.jpg 300w, https:\/\/jundiai.sp.gov.br\/noticias\/wp-content\/uploads\/sites\/32\/2019\/05\/cmeja-50-768x437.jpg 768w\" sizes=\"auto, (max-width: 1280px) 100vw, 1280px\" \/><\/a><p id=\"caption-attachment-230588\" class=\"wp-caption-text\">Cerca 450 alunos do semipresencial participaram da palestra no audit\u00f3rio Elis Regina<\/p><\/div>\n<p>Somente neste ano, os alunos participaram de oficina interativa sobre eletricidade, visitas monitoradas \u00e0 Biblioteca Municipal para o incentivo \u00e0 leitura e uma viv\u00eancia pr\u00e1tica sobre Biologia, Qu\u00edmica, F\u00edsica e Astronomia na mostra itinerante do Museu Catavento, al\u00e9m de atividades no DAE, no Centro de Gerenciamento de Res\u00edduos S\u00f3lidos (Geresol) e no Vale Verde.<\/p>\n<p>Para Vast\u00ed Ferrari Marques, gestora da Unidade de Gest\u00e3o de Educa\u00e7\u00e3o (UGE), a iniciativa vem ao encontro da forma\u00e7\u00e3o completa dos alunos. \u201cUma das preocupa\u00e7\u00f5es do programa Escola Inovadora \u00e9 garantir a todos os alunos da rede a perspectiva de levar para os diversos segmentos da vida as liga\u00e7\u00f5es com os conte\u00fados dos livros. Isso \u00e9 ainda mais importante para esses jovens e adultos, que voltaram \u00e0 escola e nestas viv\u00eancias externas podem entender que o aprendizado formal tem significados e conte\u00fados aplic\u00e1veis\u201d.<\/p>\n<p><strong>Inscri\u00e7\u00f5es\u00a0<\/strong><br \/>\nAtualmente o CMEJA possui cerca de 2.800 alunos matriculados. As aulas ocorrem na unidade do Complexo Argos e em nove n\u00facleos descentralizados nos seguintes bairros Morada das Vinhas, Jardim S\u00e3o Camilo, Novo Horizonte, Santa Gertrudes, Vista Alegre, Engordadouro, Almerinda Chaves, Cidade Nova e Parque Continental. Os interessados em cursar o Ensino Fundamental devem ter 15 anos completos e Ensino M\u00e9dio 18 anos. Mais informa\u00e7\u00f5es podem ser obtidas pelo telefone da secretaria da unidade escolar (11) 4587-3518.<\/p>\n<p><strong>Assessoria de Imprensa<br \/>\nFotos: Fot\u00f3grafos PMJ<\/strong><\/p>\n","protected":false},"excerpt":{"rendered":"<p>Al\u00e9m dos conte\u00fados abordados em sala de aula, o Centro Municipal de Educa\u00e7\u00e3o de Jovens e Adultos \u201cProf. Dr. Andr\u00e9 Franco Montoro\u201d (CMEJA) tamb\u00e9m tem incentivado a forma\u00e7\u00e3o cultural, cient\u00edfica e tecnol\u00f3gica por meio de atividades extracurriculares e visitas monitoradas que favorecem o aprendizado. Somente nessa ter\u00e7a (21) e quarta-feira (22), cerca 450 alunos do [&hellip;]<\/p>\n","protected":false},"author":30,"featured_media":0,"comment_status":"closed","ping_status":"closed","sticky":false,"template":"","format":"standard","meta":{"footnotes":""},"categories":[2],"tags":[304,6],"ods":[],"class_list":["post-230587","post","type-post","status-publish","format-standard","hentry","category-noticias","tag-centro-municipal-de-educacao-de-jovens-e-adultos-cmeja","tag-educacao"],"_links":{"self":[{"href":"https:\/\/jundiai.sp.gov.br\/noticias\/wp-json\/wp\/v2\/posts\/230587","targetHints":{"allow":["GET"]}}],"collection":[{"href":"https:\/\/jundiai.sp.gov.br\/noticias\/wp-json\/wp\/v2\/posts"}],"about":[{"href":"https:\/\/jundiai.sp.gov.br\/noticias\/wp-json\/wp\/v2\/types\/post"}],"author":[{"embeddable":true,"href":"https:\/\/jundiai.sp.gov.br\/noticias\/wp-json\/wp\/v2\/users\/30"}],"replies":[{"embeddable":true,"href":"https:\/\/jundiai.sp.gov.br\/noticias\/wp-json\/wp\/v2\/comments?post=230587"}],"version-history":[{"count":1,"href":"https:\/\/jundiai.sp.gov.br\/noticias\/wp-json\/wp\/v2\/posts\/230587\/revisions"}],"predecessor-version":[{"id":230589,"href":"https:\/\/jundiai.sp.gov.br\/noticias\/wp-json\/wp\/v2\/posts\/230587\/revisions\/230589"}],"wp:attachment":[{"href":"https:\/\/jundiai.sp.gov.br\/noticias\/wp-json\/wp\/v2\/media?parent=230587"}],"wp:term":[{"taxonomy":"category","embeddable":true,"href":"https:\/\/jundiai.sp.gov.br\/noticias\/wp-json\/wp\/v2\/categories?post=230587"},{"taxonomy":"post_tag","embeddable":true,"href":"https:\/\/jundiai.sp.gov.br\/noticias\/wp-json\/wp\/v2\/tags?post=230587"},{"taxonomy":"ods","embeddable":true,"href":"https:\/\/jundiai.sp.gov.br\/noticias\/wp-json\/wp\/v2\/ods?post=230587"}],"curies":[{"name":"wp","href":"https:\/\/api.w.org\/{rel}","templated":true}]}}