{"id":230648,"date":"2019-05-27T12:32:03","date_gmt":"2019-05-27T15:32:03","guid":{"rendered":"https:\/\/jundiai.sp.gov.br\/noticias\/?p=230648"},"modified":"2019-05-27T12:32:03","modified_gmt":"2019-05-27T15:32:03","slug":"mostra-fotografica-na-galeria-de-arte-sera-integrada-a-outras-instalacoes","status":"publish","type":"post","link":"https:\/\/jundiai.sp.gov.br\/noticias\/2019\/05\/27\/mostra-fotografica-na-galeria-de-arte-sera-integrada-a-outras-instalacoes\/","title":{"rendered":"Mostra fotogr\u00e1fica na Galeria de Arte ser\u00e1 integrada a outras instala\u00e7\u00f5es"},"content":{"rendered":"<p>A Galeria de Arte Fernanda Perracini Milani recebe nesta sexta-feira (31), a partir das 19h, a abertura da exposi\u00e7\u00e3o fotogr\u00e1fica \u201cLacra\u00e7\u00e3o\u201d, da fot\u00f3grafa paulistana Bella Tozini. O projeto, contemplado pelo edital Programa de A\u00e7\u00e3o Cultural (ProAC \u2013 SP) de Artes Visuais \u2013 Obras e Exposi\u00e7\u00f5es, se estende e se integra com instala\u00e7\u00f5es em outros locais da cidade, como o Complexo Fepasa, o Senac e pra\u00e7as, por exemplo.<\/p>\n<div id=\"attachment_230649\" style=\"width: 1290px\" class=\"wp-caption alignleft\"><a href=\"https:\/\/jundiai.sp.gov.br\/noticias\/wp-content\/uploads\/sites\/32\/2019\/05\/galeria_de_artes-38.jpg\"><img loading=\"lazy\" decoding=\"async\" aria-describedby=\"caption-attachment-230649\" class=\"size-full wp-image-230649\" src=\"https:\/\/jundiai.sp.gov.br\/noticias\/wp-content\/uploads\/sites\/32\/2019\/05\/galeria_de_artes-38.jpg\" alt=\"Galeria de Arte, com mostra e expectadores no corredor\" width=\"1280\" height=\"648\" srcset=\"https:\/\/jundiai.sp.gov.br\/noticias\/wp-content\/uploads\/sites\/32\/2019\/05\/galeria_de_artes-38.jpg 1280w, https:\/\/jundiai.sp.gov.br\/noticias\/wp-content\/uploads\/sites\/32\/2019\/05\/galeria_de_artes-38-300x152.jpg 300w, https:\/\/jundiai.sp.gov.br\/noticias\/wp-content\/uploads\/sites\/32\/2019\/05\/galeria_de_artes-38-768x389.jpg 768w\" sizes=\"auto, (max-width: 1280px) 100vw, 1280px\" \/><\/a><p id=\"caption-attachment-230649\" class=\"wp-caption-text\">Exposi\u00e7\u00e3o fotogr\u00e1fica na Galeria de Arte estar\u00e1 integrada a outras interven\u00e7\u00f5es pela cidade<\/p><\/div>\n<p>A mostra visual conta com mais de 100 retratos fotogr\u00e1ficos de corpos dissidentes da cidade e regi\u00e3o. A proposta da exposi\u00e7\u00e3o surge do livro hom\u00f4nimo, de 2018, e passa a se integrar com a trama contempor\u00e2nea por meio do uso de m\u00faltiplas estruturas de intera\u00e7\u00e3o, como express\u00f5es fotogr\u00e1ficas e serigr\u00e1ficas, lambe-lambes, pain\u00e9is internos e externos de led, QR codes, mapeamentos, depoimentos e derivas program\u00e1ticas.<\/p>\n<p>As visita\u00e7\u00f5es gratuitas poder\u00e3o ser feitas at\u00e9 o dia 31 de junho, de segunda a sexta-feira, das 9h \u00e0s 12h e das 13h \u00e0s 17h, e aos s\u00e1bados das 9h \u00e0s 13h, na Galeria Fernanda Perracini, que fica anexa ao Teatro Polytheama, na rua Bar\u00e3o de Jundia\u00ed, 176, Centro. Mais informa\u00e7\u00f5es podem ser obtidas pelos telefones (11) 4586-2472 e (11) 4522-0770.<\/p>\n<p><strong>Assessoria de Imprensa<br \/>\nFoto: Arquivo PMJ<\/strong><\/p>\n","protected":false},"excerpt":{"rendered":"<p>A Galeria de Arte Fernanda Perracini Milani recebe nesta sexta-feira (31), a partir das 19h, a abertura da exposi\u00e7\u00e3o fotogr\u00e1fica \u201cLacra\u00e7\u00e3o\u201d, da fot\u00f3grafa paulistana Bella Tozini. O projeto, contemplado pelo edital Programa de A\u00e7\u00e3o Cultural (ProAC \u2013 SP) de Artes Visuais \u2013 Obras e Exposi\u00e7\u00f5es, se estende e se integra com instala\u00e7\u00f5es em outros locais [&hellip;]<\/p>\n","protected":false},"author":30,"featured_media":0,"comment_status":"closed","ping_status":"closed","sticky":false,"template":"","format":"standard","meta":{"footnotes":""},"categories":[2],"tags":[29,56,98],"ods":[],"class_list":["post-230648","post","type-post","status-publish","format-standard","hentry","category-noticias","tag-cultura","tag-galeria-de-arte-fernanda-perracini-milani","tag-teatro-polytheama"],"_links":{"self":[{"href":"https:\/\/jundiai.sp.gov.br\/noticias\/wp-json\/wp\/v2\/posts\/230648","targetHints":{"allow":["GET"]}}],"collection":[{"href":"https:\/\/jundiai.sp.gov.br\/noticias\/wp-json\/wp\/v2\/posts"}],"about":[{"href":"https:\/\/jundiai.sp.gov.br\/noticias\/wp-json\/wp\/v2\/types\/post"}],"author":[{"embeddable":true,"href":"https:\/\/jundiai.sp.gov.br\/noticias\/wp-json\/wp\/v2\/users\/30"}],"replies":[{"embeddable":true,"href":"https:\/\/jundiai.sp.gov.br\/noticias\/wp-json\/wp\/v2\/comments?post=230648"}],"version-history":[{"count":1,"href":"https:\/\/jundiai.sp.gov.br\/noticias\/wp-json\/wp\/v2\/posts\/230648\/revisions"}],"predecessor-version":[{"id":230650,"href":"https:\/\/jundiai.sp.gov.br\/noticias\/wp-json\/wp\/v2\/posts\/230648\/revisions\/230650"}],"wp:attachment":[{"href":"https:\/\/jundiai.sp.gov.br\/noticias\/wp-json\/wp\/v2\/media?parent=230648"}],"wp:term":[{"taxonomy":"category","embeddable":true,"href":"https:\/\/jundiai.sp.gov.br\/noticias\/wp-json\/wp\/v2\/categories?post=230648"},{"taxonomy":"post_tag","embeddable":true,"href":"https:\/\/jundiai.sp.gov.br\/noticias\/wp-json\/wp\/v2\/tags?post=230648"},{"taxonomy":"ods","embeddable":true,"href":"https:\/\/jundiai.sp.gov.br\/noticias\/wp-json\/wp\/v2\/ods?post=230648"}],"curies":[{"name":"wp","href":"https:\/\/api.w.org\/{rel}","templated":true}]}}