{"id":230663,"date":"2019-05-27T18:03:13","date_gmt":"2019-05-27T21:03:13","guid":{"rendered":"https:\/\/jundiai.sp.gov.br\/noticias\/?p=230663"},"modified":"2019-05-27T18:03:13","modified_gmt":"2019-05-27T21:03:13","slug":"canil-da-gm-participa-de-congresso-internacional-em-barra-mansa","status":"publish","type":"post","link":"https:\/\/jundiai.sp.gov.br\/noticias\/2019\/05\/27\/canil-da-gm-participa-de-congresso-internacional-em-barra-mansa\/","title":{"rendered":"Canil da GM participa de Congresso Internacional em Barra Mansa"},"content":{"rendered":"<p>Para ampliar os conhecimentos j\u00e1 adquiridos, e atualiz\u00e1-los permanentemente para que assim possam continuar oferecendo servi\u00e7os com muita seriedade e profissionalismo, caracter\u00edsticas que tornam refer\u00eancia o trabalho do Canil da Guarda Municipal de Jundia\u00ed (GMJ) em todo o pa\u00eds, a GM Martins, acompanhada dos GMs Silva, Odirley, \u00cdcaro e Calixto, estiveram no Rio de Janeiro para participar do 2\u00ba Congresso Internacional de C\u00e3es de Pol\u00edcia e Trabalho, realizado no Parque da Cidade Barra Mansa \u2013 Sala de Espet\u00e1culos Tulhas do Caf\u00e9.<\/p>\n<p>Entre as ra\u00e7as treinadas para os procedimentos operacionais de seguran\u00e7a p\u00fablica est\u00e3o os labradores, os pastores belga Malinois e alem\u00e3o. Nos grandes centros, os c\u00e3es de trabalho s\u00e3o usados em opera\u00e7\u00f5es de busca, tamb\u00e9m para apreens\u00e3o de drogas e armas, al\u00e9m de procedimentos de localiza\u00e7\u00e3o a v\u00edtimas de acidentes, como desabamentos, alagamentos, e outros que venham a exigir a mobiliza\u00e7\u00e3o imediata de todos os envolvidos.<\/p>\n<div id=\"attachment_230664\" style=\"width: 730px\" class=\"wp-caption alignleft\"><a href=\"https:\/\/jundiai.sp.gov.br\/noticias\/wp-content\/uploads\/sites\/32\/2019\/05\/canilbarra-mansa-maio-2019.jpg\"><img loading=\"lazy\" decoding=\"async\" aria-describedby=\"caption-attachment-230664\" class=\"size-full wp-image-230664\" src=\"https:\/\/jundiai.sp.gov.br\/noticias\/wp-content\/uploads\/sites\/32\/2019\/05\/canilbarra-mansa-maio-2019.jpg\" alt=\"GM fala ao microfone com tel\u00e3o atr\u00e1s\" width=\"720\" height=\"540\" srcset=\"https:\/\/jundiai.sp.gov.br\/noticias\/wp-content\/uploads\/sites\/32\/2019\/05\/canilbarra-mansa-maio-2019.jpg 720w, https:\/\/jundiai.sp.gov.br\/noticias\/wp-content\/uploads\/sites\/32\/2019\/05\/canilbarra-mansa-maio-2019-300x225.jpg 300w\" sizes=\"auto, (max-width: 720px) 100vw, 720px\" \/><\/a><p id=\"caption-attachment-230664\" class=\"wp-caption-text\">GM Martins \u00e9 m\u00e9dica veterin\u00e1ria, cinot\u00e9cnica na \u00e1rea de seguran\u00e7a, \u00fanica mulher a palestrar no evento<\/p><\/div>\n<p>Para o inspetor Alceu Marestoni, chefe do Canil, a experi\u00eancia foi muito significativa e enriquecedora para a troca de experi\u00eancias entre os agentes de seguran\u00e7a p\u00fablica, uma vez que estiveram presentes centenas de representantes de institui\u00e7\u00f5es daquele Estado e tamb\u00e9m de outros pa\u00edses. \u201cAo completar 15 anos de cria\u00e7\u00e3o, o Canil da GMJ re\u00fane profissionais cada vez mais especializados, com os c\u00e3es de trabalho treinados diariamente para estar nas ruas com muita precis\u00e3o e efici\u00eancia no combate \u00e0 viol\u00eancia e criminalidade. Participar de mais um evento com esta dimens\u00e3o permite que avancemos em nossas a\u00e7\u00f5es, sempre com muita efetividade e bons resultados\u201d, destacou o graduado.<\/p>\n<p>Convidada e palestrando pela primeira vez durante um Congresso, a GM Martins \u00e9 m\u00e9dica veterin\u00e1ria e cinot\u00e9cnica na \u00e1rea de seguran\u00e7a. \u201cAbordei um tema muito importante e necess\u00e1rio para que se tenha mais profissionais mulheres atuando neste setor espec\u00edfico: A Evolu\u00e7\u00e3o da Mulher na Cinotecnia. Fui a \u00fanica a me apresentar explanando sobre este conte\u00fado que faz parte da nossa rotina di\u00e1ria, os conhecimentos que devem ser adquiridos por agentes de seguran\u00e7a p\u00fablica para desenvolver t\u00e9cnicas de utiliza\u00e7\u00e3o dos c\u00e3es em diversas modalidades, principalmente no que se refere ao emprego policial dos mesmos. N\u00e3o \u00e9 por preconceito que as profissionais de seguran\u00e7a p\u00fablica n\u00e3o atuam neste setor especializado, talvez por falta de interesse ou mesmo conhecimento. O aperfei\u00e7oamento deve ser uma constante para todo profissional\u201d, declarou a GM Martins.<\/p>\n<p><strong>Assessoria de Imprensa GMJ<br \/>\n<\/strong><strong>Foto: Canil GMJ<\/strong><\/p>\n<p>&nbsp;<\/p>\n","protected":false},"excerpt":{"rendered":"<p>Para ampliar os conhecimentos j\u00e1 adquiridos, e atualiz\u00e1-los permanentemente para que assim possam continuar oferecendo servi\u00e7os com muita seriedade e profissionalismo, caracter\u00edsticas que tornam refer\u00eancia o trabalho do Canil da Guarda Municipal de Jundia\u00ed (GMJ) em todo o pa\u00eds, a GM Martins, acompanhada dos GMs Silva, Odirley, \u00cdcaro e Calixto, estiveram no Rio de Janeiro [&hellip;]<\/p>\n","protected":false},"author":30,"featured_media":0,"comment_status":"closed","ping_status":"closed","sticky":false,"template":"","format":"standard","meta":{"footnotes":""},"categories":[2],"tags":[31,948],"ods":[],"class_list":["post-230663","post","type-post","status-publish","format-standard","hentry","category-noticias","tag-guarda-municipal","tag-seguranca-municipal"],"_links":{"self":[{"href":"https:\/\/jundiai.sp.gov.br\/noticias\/wp-json\/wp\/v2\/posts\/230663","targetHints":{"allow":["GET"]}}],"collection":[{"href":"https:\/\/jundiai.sp.gov.br\/noticias\/wp-json\/wp\/v2\/posts"}],"about":[{"href":"https:\/\/jundiai.sp.gov.br\/noticias\/wp-json\/wp\/v2\/types\/post"}],"author":[{"embeddable":true,"href":"https:\/\/jundiai.sp.gov.br\/noticias\/wp-json\/wp\/v2\/users\/30"}],"replies":[{"embeddable":true,"href":"https:\/\/jundiai.sp.gov.br\/noticias\/wp-json\/wp\/v2\/comments?post=230663"}],"version-history":[{"count":1,"href":"https:\/\/jundiai.sp.gov.br\/noticias\/wp-json\/wp\/v2\/posts\/230663\/revisions"}],"predecessor-version":[{"id":230665,"href":"https:\/\/jundiai.sp.gov.br\/noticias\/wp-json\/wp\/v2\/posts\/230663\/revisions\/230665"}],"wp:attachment":[{"href":"https:\/\/jundiai.sp.gov.br\/noticias\/wp-json\/wp\/v2\/media?parent=230663"}],"wp:term":[{"taxonomy":"category","embeddable":true,"href":"https:\/\/jundiai.sp.gov.br\/noticias\/wp-json\/wp\/v2\/categories?post=230663"},{"taxonomy":"post_tag","embeddable":true,"href":"https:\/\/jundiai.sp.gov.br\/noticias\/wp-json\/wp\/v2\/tags?post=230663"},{"taxonomy":"ods","embeddable":true,"href":"https:\/\/jundiai.sp.gov.br\/noticias\/wp-json\/wp\/v2\/ods?post=230663"}],"curies":[{"name":"wp","href":"https:\/\/api.w.org\/{rel}","templated":true}]}}