{"id":231004,"date":"2019-06-06T11:28:14","date_gmt":"2019-06-06T14:28:14","guid":{"rendered":"https:\/\/jundiai.sp.gov.br\/noticias\/?p=231004"},"modified":"2019-06-06T11:28:14","modified_gmt":"2019-06-06T14:28:14","slug":"moradores-do-jardim-novo-horizonte-recebem-prestacao-de-contas","status":"publish","type":"post","link":"https:\/\/jundiai.sp.gov.br\/noticias\/2019\/06\/06\/moradores-do-jardim-novo-horizonte-recebem-prestacao-de-contas\/","title":{"rendered":"Moradores do Jardim Novo Horizonte recebem presta\u00e7\u00e3o de contas"},"content":{"rendered":"<p>A Emeb Prof\u00aa Beatriz Blattner Pupo, no Jardim Novo Horizonte, recebeu na noite de quarta-feira (5) mais um encontro da a\u00e7\u00e3o de presta\u00e7\u00e3o de contas, realizada pelo prefeito Luiz Fernando Machado. A atividade faz parte das iniciativas do chefe do executivo de manter a administra\u00e7\u00e3o municipal transparente e pr\u00f3xima da popula\u00e7\u00e3o. Al\u00e9m de apresentar as a\u00e7\u00f5es j\u00e1 realizadas, o prefeito ouviu e encaminhou solicita\u00e7\u00f5es relacionadas, principalmente, \u00e0 regulariza\u00e7\u00e3o de im\u00f3veis e transporte. Gestores das Unidades de Gest\u00e3o e o vereador representante do bairro, Romildo Antonio da Silva, tamb\u00e9m estiveram presentes.<\/p>\n<div id=\"attachment_231005\" style=\"width: 1290px\" class=\"wp-caption alignleft\"><a href=\"https:\/\/jundiai.sp.gov.br\/noticias\/wp-content\/uploads\/sites\/32\/2019\/06\/prestacao_de_contas_novo_horizonte_atend.jpg\"><img loading=\"lazy\" decoding=\"async\" aria-describedby=\"caption-attachment-231005\" class=\"size-full wp-image-231005\" src=\"https:\/\/jundiai.sp.gov.br\/noticias\/wp-content\/uploads\/sites\/32\/2019\/06\/prestacao_de_contas_novo_horizonte_atend.jpg\" alt=\"Prefeito olha para documento enquanto pessoas o olham\" width=\"1280\" height=\"1024\" srcset=\"https:\/\/jundiai.sp.gov.br\/noticias\/wp-content\/uploads\/sites\/32\/2019\/06\/prestacao_de_contas_novo_horizonte_atend.jpg 1280w, https:\/\/jundiai.sp.gov.br\/noticias\/wp-content\/uploads\/sites\/32\/2019\/06\/prestacao_de_contas_novo_horizonte_atend-300x240.jpg 300w, https:\/\/jundiai.sp.gov.br\/noticias\/wp-content\/uploads\/sites\/32\/2019\/06\/prestacao_de_contas_novo_horizonte_atend-768x614.jpg 768w, https:\/\/jundiai.sp.gov.br\/noticias\/wp-content\/uploads\/sites\/32\/2019\/06\/prestacao_de_contas_novo_horizonte_atend-1200x960.jpg 1200w\" sizes=\"auto, (max-width: 1280px) 100vw, 1280px\" \/><\/a><p id=\"caption-attachment-231005\" class=\"wp-caption-text\">Prefeito Luiz Fernando Machado ouviu e encaminhou demandas dos moradores do Novo Horizonte<\/p><\/div>\n<p>Esta foi a segunda presta\u00e7\u00e3o de contas no local: no ano passado ela tamb\u00e9m foi realizada no sal\u00e3o paroquial da igreja do Novo Horizonte. \u201cMinha inten\u00e7\u00e3o \u00e9 usar o mandato para dialogar com as pessoas, n\u00e3o s\u00f3 em \u00e9poca de elei\u00e7\u00e3o, mas sempre que poss\u00edvel, para apresentarmos o que foi feito e ouvirmos as demandas da popula\u00e7\u00e3o\u201d, afirmou Luiz Fernando.<\/p>\n<p>Entre os investimentos j\u00e1 conclu\u00eddos, foi destaque a entrega dos dois maiores equipamentos de sa\u00fade da cidade: a Cl\u00ednica da Fam\u00edlia, que aumentou em 46% o n\u00famero de atendimentos m\u00e9dicos em compara\u00e7\u00e3o com o servi\u00e7o prestado no modelo da UBS Novo Horizonte, e a UPA 24 horas, que realizou mais de 28 mil atendimentos m\u00e9dicos de urg\u00eancia e emerg\u00eancia no primeiro quadrimestre. \u201cHoje essa UPA \u00e9 procurada at\u00e9 por moradores de outros bairros\u201d, ressaltou o prefeito.<\/p>\n<p>Tamb\u00e9m foram anunciados os pr\u00f3ximos investimentos, que incluem o asfalto da Rua 8 \u2013 uma obra aguardada h\u00e1 d\u00e9cadas pelos moradores -, ao custo de R$ 7,3 milh\u00f5es, que ser\u00e1 entregue no pr\u00f3ximo ano, e a cria\u00e7\u00e3o do Parque do Cerrado, que um espa\u00e7o multiuso para apresenta\u00e7\u00f5es culturais, pista de skate e academia ao ar livre, na avenida Eunice Cavalcante, com previs\u00e3o de entrega no 2\u00ba semestre de 2020, ao custo de R$ 3,9 milh\u00f5es.<\/p>\n<div id=\"attachment_231006\" style=\"width: 1290px\" class=\"wp-caption alignleft\"><a href=\"https:\/\/jundiai.sp.gov.br\/noticias\/wp-content\/uploads\/sites\/32\/2019\/06\/prestacao_de_contas_novo_horizonte-313.jpg\"><img loading=\"lazy\" decoding=\"async\" aria-describedby=\"caption-attachment-231006\" class=\"size-full wp-image-231006\" src=\"https:\/\/jundiai.sp.gov.br\/noticias\/wp-content\/uploads\/sites\/32\/2019\/06\/prestacao_de_contas_novo_horizonte-313.jpg\" alt=\"\" width=\"1280\" height=\"723\" srcset=\"https:\/\/jundiai.sp.gov.br\/noticias\/wp-content\/uploads\/sites\/32\/2019\/06\/prestacao_de_contas_novo_horizonte-313.jpg 1280w, https:\/\/jundiai.sp.gov.br\/noticias\/wp-content\/uploads\/sites\/32\/2019\/06\/prestacao_de_contas_novo_horizonte-313-300x169.jpg 300w, https:\/\/jundiai.sp.gov.br\/noticias\/wp-content\/uploads\/sites\/32\/2019\/06\/prestacao_de_contas_novo_horizonte-313-768x434.jpg 768w\" sizes=\"auto, (max-width: 1280px) 100vw, 1280px\" \/><\/a><p id=\"caption-attachment-231006\" class=\"wp-caption-text\">EMEB Prof\u00aa Beatriz Blattner Pupo ficou lotada na noite de quarta-feira<\/p><\/div>\n<p>A cuidadora de idosos Maria de F\u00e1tima Silva, que mora h\u00e1 23 anos na Rua 8, recebeu a not\u00edcia sobre a vinda do asfalto com alegria e al\u00edvio. \u201cS\u00f3 temos a agradecer pelo que j\u00e1 foi feito pelo bairro, como a UPA, onde recentemente levei meu filho e ele foi muito bem tratado\u201d, disse. \u201cA presta\u00e7\u00e3o de contas \u00e9 muito boa, porque assim ficamos sabendo o que est\u00e1 acontecendo e o que vai ser realizado\u201d.<\/p>\n<p>O encontro, que abre espa\u00e7o para perguntas e manifesta\u00e7\u00f5es ao final, levantou v\u00e1rias d\u00favidas sobre regulariza\u00e7\u00e3o de im\u00f3veis no Novo Horizonte. Por determina\u00e7\u00e3o do prefeito, que estava acompanhado pela superintendente da Funda\u00e7\u00e3o Municipal de A\u00e7\u00e3o Social (Fumas), Solange Marques, o tema ser\u00e1 discutido em uma nova reuni\u00e3o no bairro, em data a ser definida.<\/p>\n<p><strong>Assessoria de Imprensa<br \/>\nFotos: Fot\u00f3grafos PMJ<\/strong><\/p>\n","protected":false},"excerpt":{"rendered":"<p>A Emeb Prof\u00aa Beatriz Blattner Pupo, no Jardim Novo Horizonte, recebeu na noite de quarta-feira (5) mais um encontro da a\u00e7\u00e3o de presta\u00e7\u00e3o de contas, realizada pelo prefeito Luiz Fernando Machado. A atividade faz parte das iniciativas do chefe do executivo de manter a administra\u00e7\u00e3o municipal transparente e pr\u00f3xima da popula\u00e7\u00e3o. Al\u00e9m de apresentar as [&hellip;]<\/p>\n","protected":false},"author":30,"featured_media":231006,"comment_status":"closed","ping_status":"closed","sticky":false,"template":"","format":"standard","meta":{"footnotes":""},"categories":[2],"tags":[1131,49,58,981,627],"ods":[],"class_list":["post-231004","post","type-post","status-publish","format-standard","has-post-thumbnail","hentry","category-noticias","tag-clinica-da-familia","tag-fundacao-municipal-de-acao-social-fumas","tag-prefeito","tag-promocao-da-saude","tag-unidade-de-pronto-atendimento-upa"],"_links":{"self":[{"href":"https:\/\/jundiai.sp.gov.br\/noticias\/wp-json\/wp\/v2\/posts\/231004","targetHints":{"allow":["GET"]}}],"collection":[{"href":"https:\/\/jundiai.sp.gov.br\/noticias\/wp-json\/wp\/v2\/posts"}],"about":[{"href":"https:\/\/jundiai.sp.gov.br\/noticias\/wp-json\/wp\/v2\/types\/post"}],"author":[{"embeddable":true,"href":"https:\/\/jundiai.sp.gov.br\/noticias\/wp-json\/wp\/v2\/users\/30"}],"replies":[{"embeddable":true,"href":"https:\/\/jundiai.sp.gov.br\/noticias\/wp-json\/wp\/v2\/comments?post=231004"}],"version-history":[{"count":1,"href":"https:\/\/jundiai.sp.gov.br\/noticias\/wp-json\/wp\/v2\/posts\/231004\/revisions"}],"predecessor-version":[{"id":231007,"href":"https:\/\/jundiai.sp.gov.br\/noticias\/wp-json\/wp\/v2\/posts\/231004\/revisions\/231007"}],"wp:featuredmedia":[{"embeddable":true,"href":"https:\/\/jundiai.sp.gov.br\/noticias\/wp-json\/wp\/v2\/media\/231006"}],"wp:attachment":[{"href":"https:\/\/jundiai.sp.gov.br\/noticias\/wp-json\/wp\/v2\/media?parent=231004"}],"wp:term":[{"taxonomy":"category","embeddable":true,"href":"https:\/\/jundiai.sp.gov.br\/noticias\/wp-json\/wp\/v2\/categories?post=231004"},{"taxonomy":"post_tag","embeddable":true,"href":"https:\/\/jundiai.sp.gov.br\/noticias\/wp-json\/wp\/v2\/tags?post=231004"},{"taxonomy":"ods","embeddable":true,"href":"https:\/\/jundiai.sp.gov.br\/noticias\/wp-json\/wp\/v2\/ods?post=231004"}],"curies":[{"name":"wp","href":"https:\/\/api.w.org\/{rel}","templated":true}]}}