{"id":231043,"date":"2019-06-07T12:36:05","date_gmt":"2019-06-07T15:36:05","guid":{"rendered":"https:\/\/jundiai.sp.gov.br\/noticias\/?p=231043"},"modified":"2019-06-10T10:51:14","modified_gmt":"2019-06-10T13:51:14","slug":"festejos-juninos-estreiam-com-animacao-e-sucesso-de-publico","status":"publish","type":"post","link":"https:\/\/jundiai.sp.gov.br\/noticias\/2019\/06\/07\/festejos-juninos-estreiam-com-animacao-e-sucesso-de-publico\/","title":{"rendered":"Festejos Juninos estreiam com anima\u00e7\u00e3o e sucesso de p\u00fablico"},"content":{"rendered":"<p>Com os repert\u00f3rios t\u00edpicos juninos, m\u00fasica nordestina e forr\u00f3 p\u00e9 de serra, a edi\u00e7\u00e3o deste ano dos Festejos Juninos estreou com muita anima\u00e7\u00e3o e sucesso de p\u00fablico na noite dessa quinta-feira (06), na Pra\u00e7a Marechal Floriano Peixoto (Pra\u00e7a do Coreto). O evento, realizado pelas Unidades de Gest\u00e3o de Cultura (UGC) e de Abastecimento e Turismo (UGAAT) e pelo Fundo Social de Solidariedade (Funss), conta tamb\u00e9m com a participa\u00e7\u00e3o das fam\u00edlias dos alunos e atletas do TIME Jundia\u00ed da Unidade de Gest\u00e3o de Esporte e Lazer (UGEL).<\/p>\n<p>Al\u00e9m das m\u00fasicas de Maur\u00edcio Marson e das bandas Zimbai\u00e3o e Serelepe, a gastronomia tamb\u00e9m foi atra\u00e7\u00e3o da festa: lanches diversos, espetinhos, pasteis, cuscuz, milho e derivados, pipoca, cocadas, ma\u00e7\u00e3 do amor, tapioca, al\u00e9m de bebidas t\u00edpicas.<\/p>\n<div id=\"attachment_231044\" style=\"width: 1290px\" class=\"wp-caption alignleft\"><a href=\"https:\/\/jundiai.sp.gov.br\/noticias\/wp-content\/uploads\/sites\/32\/2019\/06\/festejos_juninos-28.jpg\"><img loading=\"lazy\" decoding=\"async\" aria-describedby=\"caption-attachment-231044\" class=\"size-full wp-image-231044\" src=\"https:\/\/jundiai.sp.gov.br\/noticias\/wp-content\/uploads\/sites\/32\/2019\/06\/festejos_juninos-28.jpg\" alt=\"Pra\u00e7a do Coreto, com popula\u00e7\u00e3o acomodada em mesas e cadeiras, sob tenda, em frente ao coreto\" width=\"1280\" height=\"731\" srcset=\"https:\/\/jundiai.sp.gov.br\/noticias\/wp-content\/uploads\/sites\/32\/2019\/06\/festejos_juninos-28.jpg 1280w, https:\/\/jundiai.sp.gov.br\/noticias\/wp-content\/uploads\/sites\/32\/2019\/06\/festejos_juninos-28-300x171.jpg 300w, https:\/\/jundiai.sp.gov.br\/noticias\/wp-content\/uploads\/sites\/32\/2019\/06\/festejos_juninos-28-768x439.jpg 768w\" sizes=\"auto, (max-width: 1280px) 100vw, 1280px\" \/><\/a><p id=\"caption-attachment-231044\" class=\"wp-caption-text\">Sucesso de p\u00fablico marcou a estreia dos Festejos Juninos<\/p><\/div>\n<p>O diretor de Cultura da UGC, Jo\u00e3o Carlos De Luca, alertou para a participa\u00e7\u00e3o da popula\u00e7\u00e3o na programa\u00e7\u00e3o cultural do Munic\u00edpio e para a presen\u00e7a nos espa\u00e7os p\u00fablicos. \u201cO sucesso de p\u00fablico desta noite \u00e9 resultado do zelo na curadoria e formato das atra\u00e7\u00f5es e no trabalho da equipe na realiza\u00e7\u00e3o e divulga\u00e7\u00e3o dos eventos\u201d.<\/p>\n<p>J\u00e1 para a diretora do Fundo Social, Francine Picardi, aproveitou para frisar o convite. \u201cTivemos uma primeira noite muito movimentada, com demonstra\u00e7\u00f5es de aprova\u00e7\u00e3o. Contamos com a presen\u00e7a dos jundiaienses para prestigiar e ajudar o Fundo Social em suas a\u00e7\u00f5es solid\u00e1rias, que trouxe para a festa as barracas de divers\u00f5es juninas\u201d.<\/p>\n<p>Para a fam\u00edlia do bairro Nova Jundian\u00f3polis, Thiago e Jennifer, acompanhado da filha Laura, de cinco anos, os Festejos Juninos s\u00e3o uma ocasi\u00e3o para comemorar muitas festas. \u201cJunho \u00e9 um m\u00eas muito especial para n\u00f3s, pois \u00e9 quando n\u00f3s tr\u00eas fazemos anivers\u00e1rio, \u00e9 nosso anivers\u00e1rio de casamento e \u00e9 tamb\u00e9m a temporada de festas juninas. Soubemos dos Festejos pela internet e elogiamos a iniciativa, pois traz as pessoas ao Centro e fomentam o com\u00e9rcio\u201d.<\/p>\n<p>A programa\u00e7\u00e3o dos Festejos segue nos dias 07, 08, 13, 14 e 15 de junho, das 16h \u00e0s 22h nos dias de semana e das 9h \u00e0s 21h aos s\u00e1bados. Nesta sexta (07), \u00e0s 17h tem F\u00e1bio Porte; \u00e0s 19h, a dupla Luis Carreiro &amp; Geovane; e \u00e0s 20h30, Karla Mantovani. Neste s\u00e1bado (08), \u00e0s 9h30 tem o sanfoneiro Jefferson Almeida; \u00e0s 11h30, Encantos do Brasil Sert\u00e3o; \u00e0s 14h, Forr\u00f3 Di Fole; \u00e0s 17h, a dupla Marina e Gabriel; e \u00e0s 19h30, Marcos Nunes.<\/p>\n<div id=\"attachment_231045\" style=\"width: 1290px\" class=\"wp-caption alignleft\"><a href=\"https:\/\/jundiai.sp.gov.br\/noticias\/wp-content\/uploads\/sites\/32\/2019\/06\/festejos_juninos-17.jpg\"><img loading=\"lazy\" decoding=\"async\" aria-describedby=\"caption-attachment-231045\" class=\"size-full wp-image-231045\" src=\"https:\/\/jundiai.sp.gov.br\/noticias\/wp-content\/uploads\/sites\/32\/2019\/06\/festejos_juninos-17.jpg\" alt=\"Casal com filha no colo em frente ao Coreto, com decora\u00e7\u00e3o junina e banda no palco\" width=\"1280\" height=\"1098\" srcset=\"https:\/\/jundiai.sp.gov.br\/noticias\/wp-content\/uploads\/sites\/32\/2019\/06\/festejos_juninos-17.jpg 1280w, https:\/\/jundiai.sp.gov.br\/noticias\/wp-content\/uploads\/sites\/32\/2019\/06\/festejos_juninos-17-300x257.jpg 300w, https:\/\/jundiai.sp.gov.br\/noticias\/wp-content\/uploads\/sites\/32\/2019\/06\/festejos_juninos-17-768x659.jpg 768w, https:\/\/jundiai.sp.gov.br\/noticias\/wp-content\/uploads\/sites\/32\/2019\/06\/festejos_juninos-17-1119x960.jpg 1119w\" sizes=\"auto, (max-width: 1280px) 100vw, 1280px\" \/><\/a><p id=\"caption-attachment-231045\" class=\"wp-caption-text\">Thiago, Jeniffer e Laura deram in\u00edcio nos Festejos Juninos \u00e0s comemora\u00e7\u00f5es de junho da fam\u00edlia<\/p><\/div>\n<p><strong>Mais barracas<\/strong><br \/>\nEntre as barracas com del\u00edcias juninas, os volunt\u00e1rios do Programa de Esportes e Atividades Motoras Adaptadas (Peama) e do TIME Jundia\u00ed oferecem bebidas quentes t\u00edpicas e cuscuz. A renda obtida com as vendas ser\u00e1 revertida para as atividades do PEAMA, que atende a mais de 350 alunos e demais atividades das outras modalidades. Renata dos Santos \u00e9 m\u00e3e de Henrique, 18 anos, que h\u00e1 tr\u00eas anos \u00e9 aluno do Peama. Ela \u00e9 uma das 25 pessoas volunt\u00e1rias que se revezar\u00e3o entre os seis dias de festividades para a operacionaliza\u00e7\u00e3o do estande. \u201cEu me aposentei e encontrei no Peama uma forma de fazer algo \u00fatil ao pr\u00f3ximo. O grupo \u00e9 muito importante para o meu filho\u201d, comenta.<\/p>\n<p><strong>Assessoria de Imprensa<br \/>\nFotos: Fot\u00f3grafos PMJ<\/strong><\/p>\n","protected":false},"excerpt":{"rendered":"<p>Com os repert\u00f3rios t\u00edpicos juninos, m\u00fasica nordestina e forr\u00f3 p\u00e9 de serra, a edi\u00e7\u00e3o deste ano dos Festejos Juninos estreou com muita anima\u00e7\u00e3o e sucesso de p\u00fablico na noite dessa quinta-feira (06), na Pra\u00e7a Marechal Floriano Peixoto (Pra\u00e7a do Coreto). O evento, realizado pelas Unidades de Gest\u00e3o de Cultura (UGC) e de Abastecimento e Turismo [&hellip;]<\/p>\n","protected":false},"author":30,"featured_media":0,"comment_status":"closed","ping_status":"closed","sticky":false,"template":"","format":"standard","meta":{"footnotes":""},"categories":[2],"tags":[29,1070],"ods":[],"class_list":["post-231043","post","type-post","status-publish","format-standard","hentry","category-noticias","tag-cultura","tag-festejos-juninos"],"_links":{"self":[{"href":"https:\/\/jundiai.sp.gov.br\/noticias\/wp-json\/wp\/v2\/posts\/231043","targetHints":{"allow":["GET"]}}],"collection":[{"href":"https:\/\/jundiai.sp.gov.br\/noticias\/wp-json\/wp\/v2\/posts"}],"about":[{"href":"https:\/\/jundiai.sp.gov.br\/noticias\/wp-json\/wp\/v2\/types\/post"}],"author":[{"embeddable":true,"href":"https:\/\/jundiai.sp.gov.br\/noticias\/wp-json\/wp\/v2\/users\/30"}],"replies":[{"embeddable":true,"href":"https:\/\/jundiai.sp.gov.br\/noticias\/wp-json\/wp\/v2\/comments?post=231043"}],"version-history":[{"count":4,"href":"https:\/\/jundiai.sp.gov.br\/noticias\/wp-json\/wp\/v2\/posts\/231043\/revisions"}],"predecessor-version":[{"id":231110,"href":"https:\/\/jundiai.sp.gov.br\/noticias\/wp-json\/wp\/v2\/posts\/231043\/revisions\/231110"}],"wp:attachment":[{"href":"https:\/\/jundiai.sp.gov.br\/noticias\/wp-json\/wp\/v2\/media?parent=231043"}],"wp:term":[{"taxonomy":"category","embeddable":true,"href":"https:\/\/jundiai.sp.gov.br\/noticias\/wp-json\/wp\/v2\/categories?post=231043"},{"taxonomy":"post_tag","embeddable":true,"href":"https:\/\/jundiai.sp.gov.br\/noticias\/wp-json\/wp\/v2\/tags?post=231043"},{"taxonomy":"ods","embeddable":true,"href":"https:\/\/jundiai.sp.gov.br\/noticias\/wp-json\/wp\/v2\/ods?post=231043"}],"curies":[{"name":"wp","href":"https:\/\/api.w.org\/{rel}","templated":true}]}}