{"id":231163,"date":"2019-06-11T17:07:44","date_gmt":"2019-06-11T20:07:44","guid":{"rendered":"https:\/\/jundiai.sp.gov.br\/noticias\/?p=231163"},"modified":"2019-06-11T17:07:44","modified_gmt":"2019-06-11T20:07:44","slug":"cia-jovem-de-danca-estreia-novas-coreografias-no-polytheama","status":"publish","type":"post","link":"https:\/\/jundiai.sp.gov.br\/noticias\/2019\/06\/11\/cia-jovem-de-danca-estreia-novas-coreografias-no-polytheama\/","title":{"rendered":"Cia. Jovem de Dan\u00e7a estreia novas coreografias no Polytheama"},"content":{"rendered":"<p>A Cia. Jovem de Dan\u00e7a apresenta neste s\u00e1bado (15), a estreia de duas novas coreografias: \u201cEstudos em Chrom.Aqui\u201d, de Alex Soares, diretor art\u00edstico da companhia, e \u201cEntre o corpo e o azul\u201d, de Henrique Rodovalho, num espet\u00e1culo gratuito no Teatro Polytheama \u00e0s 20h.<\/p>\n<p>\u201cEstudos em Chrom.Aqui\u201d prop\u00f5e uma releitura de trechos dos primeiros trabalhos coreogr\u00e1ficos de Alex Soares, nos quais a tecnologia e o v\u00eddeo aconteciam simultaneamente com a dan\u00e7a. A coreografia pretende ir \u00e0 camada mais \u00edntima: a da movimenta\u00e7\u00e3o corporal dos dan\u00e7arinos, realizada na frente de Chroma Keys, telas verdes nas quais os atores gravam cenas de v\u00eddeo para, posteriormente, serem acrescidas de efeitos visuais. \u201cPara essa proposta, o desafio foi ir exatamente na dire\u00e7\u00e3o contr\u00e1ria, levando a pe\u00e7a para o lugar do antes, no pr\u00e9\u201d, revela o core\u00f3grafo.<\/p>\n<div id=\"attachment_231164\" style=\"width: 1290px\" class=\"wp-caption alignleft\"><a href=\"https:\/\/jundiai.sp.gov.br\/noticias\/wp-content\/uploads\/sites\/32\/2019\/06\/cia_de_danca-24.jpg\"><img loading=\"lazy\" decoding=\"async\" aria-describedby=\"caption-attachment-231164\" class=\"size-full wp-image-231164\" src=\"https:\/\/jundiai.sp.gov.br\/noticias\/wp-content\/uploads\/sites\/32\/2019\/06\/cia_de_danca-24.jpg\" alt=\"Bailarinos com figurino todo preto, em apresenta\u00e7\u00e3o no palco do Polytheama, com luzes roxas ao fundo\" width=\"1280\" height=\"641\" srcset=\"https:\/\/jundiai.sp.gov.br\/noticias\/wp-content\/uploads\/sites\/32\/2019\/06\/cia_de_danca-24.jpg 1280w, https:\/\/jundiai.sp.gov.br\/noticias\/wp-content\/uploads\/sites\/32\/2019\/06\/cia_de_danca-24-300x150.jpg 300w, https:\/\/jundiai.sp.gov.br\/noticias\/wp-content\/uploads\/sites\/32\/2019\/06\/cia_de_danca-24-768x385.jpg 768w\" sizes=\"auto, (max-width: 1280px) 100vw, 1280px\" \/><\/a><p id=\"caption-attachment-231164\" class=\"wp-caption-text\">Corpo art\u00edstico foi retomado pela Prefeitura em 2018 como forma de fomentar a linguagem art\u00edstica da dan\u00e7a no Munic\u00edpio<\/p><\/div>\n<p>J\u00e1 em \u201cEntre o corpo e o azul\u201d, atrav\u00e9s do abstrato dos movimentos com uma trilha sonora de car\u00e1ter todo brasileiro nos sons, surgem rela\u00e7\u00f5es e percep\u00e7\u00f5es mais humanas e sens\u00edveis do que o esperado, expondo as possibilidades do acontecer e do fazer sentir entre o corpo, o movimento, o espa\u00e7o e o azul.<\/p>\n<p>A Cia. Jovem de Dan\u00e7a \u00e9 um corpo art\u00edstico ligado ao Teatro Polytheama retomado em 2018 que visa ao est\u00edmulo dessa linguagem art\u00edstica e \u00e0 oferta de apresenta\u00e7\u00f5es em eventos do calend\u00e1rio municipal. Al\u00e9m da Cia. Jovem de Dan\u00e7a, s\u00e3o corpos art\u00edsticos da Unidade de Gest\u00e3o de Cultura a Orquestra Municipal de Jundia\u00ed (OMJ), a Cia. de Teatro e o Coral Municipal.<\/p>\n<p>Os ingressos gratuitos para o espet\u00e1culo come\u00e7am a ser distribu\u00eddos nesta sexta-feira (14), das 10h \u00e0s 20h, e no dia do espet\u00e1culo, tamb\u00e9m a partir das 10h. Cada adulto na fila poder\u00e1 retirar at\u00e9 dois ingressos. A bilheteria do teatro fica na rua Bar\u00e3o de Jundia\u00ed, 176, Centro. Mais informa\u00e7\u00f5es podem ser obtidas pelos telefones 4586-2472 e 4522-0770.<\/p>\n<p><strong>Assessoria de Imprensa<br \/>\nFoto: Arquivo PMJ<\/strong><\/p>\n","protected":false},"excerpt":{"rendered":"<p>A Cia. Jovem de Dan\u00e7a apresenta neste s\u00e1bado (15), a estreia de duas novas coreografias: \u201cEstudos em Chrom.Aqui\u201d, de Alex Soares, diretor art\u00edstico da companhia, e \u201cEntre o corpo e o azul\u201d, de Henrique Rodovalho, num espet\u00e1culo gratuito no Teatro Polytheama \u00e0s 20h. \u201cEstudos em Chrom.Aqui\u201d prop\u00f5e uma releitura de trechos dos primeiros trabalhos coreogr\u00e1ficos [&hellip;]<\/p>\n","protected":false},"author":30,"featured_media":0,"comment_status":"closed","ping_status":"closed","sticky":false,"template":"","format":"standard","meta":{"footnotes":""},"categories":[2],"tags":[1130,29,98],"ods":[],"class_list":["post-231163","post","type-post","status-publish","format-standard","hentry","category-noticias","tag-cia-jovem-de-danca","tag-cultura","tag-teatro-polytheama"],"_links":{"self":[{"href":"https:\/\/jundiai.sp.gov.br\/noticias\/wp-json\/wp\/v2\/posts\/231163","targetHints":{"allow":["GET"]}}],"collection":[{"href":"https:\/\/jundiai.sp.gov.br\/noticias\/wp-json\/wp\/v2\/posts"}],"about":[{"href":"https:\/\/jundiai.sp.gov.br\/noticias\/wp-json\/wp\/v2\/types\/post"}],"author":[{"embeddable":true,"href":"https:\/\/jundiai.sp.gov.br\/noticias\/wp-json\/wp\/v2\/users\/30"}],"replies":[{"embeddable":true,"href":"https:\/\/jundiai.sp.gov.br\/noticias\/wp-json\/wp\/v2\/comments?post=231163"}],"version-history":[{"count":1,"href":"https:\/\/jundiai.sp.gov.br\/noticias\/wp-json\/wp\/v2\/posts\/231163\/revisions"}],"predecessor-version":[{"id":231165,"href":"https:\/\/jundiai.sp.gov.br\/noticias\/wp-json\/wp\/v2\/posts\/231163\/revisions\/231165"}],"wp:attachment":[{"href":"https:\/\/jundiai.sp.gov.br\/noticias\/wp-json\/wp\/v2\/media?parent=231163"}],"wp:term":[{"taxonomy":"category","embeddable":true,"href":"https:\/\/jundiai.sp.gov.br\/noticias\/wp-json\/wp\/v2\/categories?post=231163"},{"taxonomy":"post_tag","embeddable":true,"href":"https:\/\/jundiai.sp.gov.br\/noticias\/wp-json\/wp\/v2\/tags?post=231163"},{"taxonomy":"ods","embeddable":true,"href":"https:\/\/jundiai.sp.gov.br\/noticias\/wp-json\/wp\/v2\/ods?post=231163"}],"curies":[{"name":"wp","href":"https:\/\/api.w.org\/{rel}","templated":true}]}}