{"id":231186,"date":"2019-06-12T14:26:30","date_gmt":"2019-06-12T17:26:30","guid":{"rendered":"https:\/\/jundiai.sp.gov.br\/noticias\/?p=231186"},"modified":"2019-06-12T14:26:30","modified_gmt":"2019-06-12T17:26:30","slug":"prefeitura-inicia-reforma-de-quadra-publica-na-vila-hortolandia","status":"publish","type":"post","link":"https:\/\/jundiai.sp.gov.br\/noticias\/2019\/06\/12\/prefeitura-inicia-reforma-de-quadra-publica-na-vila-hortolandia\/","title":{"rendered":"Prefeitura inicia reforma de quadra p\u00fablica na Vila Hortol\u00e2ndia"},"content":{"rendered":"<p>A Prefeitura de Jundia\u00ed, por meio da Unidade de Gest\u00e3o de Infraestrutura e Servi\u00e7os P\u00fablicos (UGISP), deu in\u00edcio esta semana \u00e0 reforma da quadra p\u00fablica localizada ao lado da Emeb Professora Haydee Dumagin Mojola, na Vila Hortol\u00e2ndia. A previs\u00e3o \u00e9 de que os trabalhos sejam conclu\u00eddos em 60 dias.<\/p>\n<div id=\"attachment_231187\" style=\"width: 1290px\" class=\"wp-caption alignleft\"><a href=\"https:\/\/jundiai.sp.gov.br\/noticias\/wp-content\/uploads\/sites\/32\/2019\/06\/reforma_quadra_esportiva_hortolandia-1.jpg\"><img loading=\"lazy\" decoding=\"async\" aria-describedby=\"caption-attachment-231187\" class=\"size-full wp-image-231187\" src=\"https:\/\/jundiai.sp.gov.br\/noticias\/wp-content\/uploads\/sites\/32\/2019\/06\/reforma_quadra_esportiva_hortolandia-1.jpg\" alt=\"Quadra poliesportiva\" width=\"1280\" height=\"853\" srcset=\"https:\/\/jundiai.sp.gov.br\/noticias\/wp-content\/uploads\/sites\/32\/2019\/06\/reforma_quadra_esportiva_hortolandia-1.jpg 1280w, https:\/\/jundiai.sp.gov.br\/noticias\/wp-content\/uploads\/sites\/32\/2019\/06\/reforma_quadra_esportiva_hortolandia-1-300x200.jpg 300w, https:\/\/jundiai.sp.gov.br\/noticias\/wp-content\/uploads\/sites\/32\/2019\/06\/reforma_quadra_esportiva_hortolandia-1-768x512.jpg 768w, https:\/\/jundiai.sp.gov.br\/noticias\/wp-content\/uploads\/sites\/32\/2019\/06\/reforma_quadra_esportiva_hortolandia-1-450x300.jpg 450w\" sizes=\"auto, (max-width: 1280px) 100vw, 1280px\" \/><\/a><p id=\"caption-attachment-231187\" class=\"wp-caption-text\">Piso e alambrado da quadra ser\u00e3o trocados, bem como o sistema de ilumina\u00e7\u00e3o<\/p><\/div>\n<p>O investimento inclui a troca de todo o piso e dos alambrados, troca de traves, nova pintura e ilumina\u00e7\u00e3o. A obra \u00e9 realizada com recursos pr\u00f3prios da Prefeitura. De acordo com a UGISP, at\u00e9 o fim do ano que vem, ao todo, 33 quadras localizadas em \u00e1reas p\u00fablicas de v\u00e1rios bairros da cidade passar\u00e3o por reforma completa.<\/p>\n<p>Al\u00e9m da reforma da quadra, a UGISP realizou recentemente manuten\u00e7\u00f5es gerais na pra\u00e7a Joaquim Soares Lemos, tamb\u00e9m na Vila Hortol\u00e2ndia, na rua Itirapina.<\/p>\n<p><strong>Assessoria de Imprensa<\/strong><br \/>\n<strong>Fotos: Fot\u00f3grafos PMJ<\/strong><\/p>\n","protected":false},"excerpt":{"rendered":"<p>A Prefeitura de Jundia\u00ed, por meio da Unidade de Gest\u00e3o de Infraestrutura e Servi\u00e7os P\u00fablicos (UGISP), deu in\u00edcio esta semana \u00e0 reforma da quadra p\u00fablica localizada ao lado da Emeb Professora Haydee Dumagin Mojola, na Vila Hortol\u00e2ndia. A previs\u00e3o \u00e9 de que os trabalhos sejam conclu\u00eddos em 60 dias. O investimento inclui a troca de [&hellip;]<\/p>\n","protected":false},"author":30,"featured_media":231187,"comment_status":"closed","ping_status":"closed","sticky":false,"template":"","format":"standard","meta":{"footnotes":""},"categories":[2],"tags":[985],"ods":[],"class_list":["post-231186","post","type-post","status-publish","format-standard","has-post-thumbnail","hentry","category-noticias","tag-infraestrutura-e-servicos-publicos"],"_links":{"self":[{"href":"https:\/\/jundiai.sp.gov.br\/noticias\/wp-json\/wp\/v2\/posts\/231186","targetHints":{"allow":["GET"]}}],"collection":[{"href":"https:\/\/jundiai.sp.gov.br\/noticias\/wp-json\/wp\/v2\/posts"}],"about":[{"href":"https:\/\/jundiai.sp.gov.br\/noticias\/wp-json\/wp\/v2\/types\/post"}],"author":[{"embeddable":true,"href":"https:\/\/jundiai.sp.gov.br\/noticias\/wp-json\/wp\/v2\/users\/30"}],"replies":[{"embeddable":true,"href":"https:\/\/jundiai.sp.gov.br\/noticias\/wp-json\/wp\/v2\/comments?post=231186"}],"version-history":[{"count":1,"href":"https:\/\/jundiai.sp.gov.br\/noticias\/wp-json\/wp\/v2\/posts\/231186\/revisions"}],"predecessor-version":[{"id":231188,"href":"https:\/\/jundiai.sp.gov.br\/noticias\/wp-json\/wp\/v2\/posts\/231186\/revisions\/231188"}],"wp:featuredmedia":[{"embeddable":true,"href":"https:\/\/jundiai.sp.gov.br\/noticias\/wp-json\/wp\/v2\/media\/231187"}],"wp:attachment":[{"href":"https:\/\/jundiai.sp.gov.br\/noticias\/wp-json\/wp\/v2\/media?parent=231186"}],"wp:term":[{"taxonomy":"category","embeddable":true,"href":"https:\/\/jundiai.sp.gov.br\/noticias\/wp-json\/wp\/v2\/categories?post=231186"},{"taxonomy":"post_tag","embeddable":true,"href":"https:\/\/jundiai.sp.gov.br\/noticias\/wp-json\/wp\/v2\/tags?post=231186"},{"taxonomy":"ods","embeddable":true,"href":"https:\/\/jundiai.sp.gov.br\/noticias\/wp-json\/wp\/v2\/ods?post=231186"}],"curies":[{"name":"wp","href":"https:\/\/api.w.org\/{rel}","templated":true}]}}