{"id":231190,"date":"2019-06-12T15:19:01","date_gmt":"2019-06-12T18:19:01","guid":{"rendered":"https:\/\/jundiai.sp.gov.br\/noticias\/?p=231190"},"modified":"2019-06-12T15:19:01","modified_gmt":"2019-06-12T18:19:01","slug":"com-obras-cece-pedro-raymundo-amplia-em-20-numero-de-frequentadores","status":"publish","type":"post","link":"https:\/\/jundiai.sp.gov.br\/noticias\/2019\/06\/12\/com-obras-cece-pedro-raymundo-amplia-em-20-numero-de-frequentadores\/","title":{"rendered":"Com obras, CECE Pedro Raymundo amplia em 20% n\u00famero de frequentadores"},"content":{"rendered":"<p>Iniciada no m\u00eas de mar\u00e7o, a constru\u00e7\u00e3o de vesti\u00e1rios e rampas de acesso no Complexo Educacional, Cultural e Esportivo (CECE) Pedro Raymundo, na Vila Rio Branco, j\u00e1 atrai a aten\u00e7\u00e3o de novos usu\u00e1rios para o espa\u00e7o, que recebeu, no ano passado, a requalifica\u00e7\u00e3o do piso do gin\u00e1sio e ampliou o movimento em 20%. Esse \u00e9 um dos investimentos \u2013 totalizando mais de R$ 4 milh\u00f5es \u2013 em andamento pela Unidade de Gest\u00e3o de Esporte e Lazer (UGEL) nos espa\u00e7os esportivos da cidade.<\/p>\n<p>\u201cO volume de usu\u00e1rios est\u00e1 maior. As pessoas est\u00e3o buscando pelas atividades e qualidade do espa\u00e7o, al\u00e9m da import\u00e2ncia da atividade f\u00edsica para a sa\u00fade\u201d, comenta a educadora f\u00edsica Mara Cristiane Zanon Carneiro, que \u00e9 respons\u00e1vel pelas turmas de gin\u00e1stica R\u00edtmica, Art\u00edstica e Corporal. Segundo dados da administra\u00e7\u00e3o da unidade, o CECE recebia em m\u00e9dia 700 pessoas por semana e passou a receber 850 pessoas no mesmo per\u00edodo. A expectativa \u00e9 que, com o investimento na constru\u00e7\u00e3o dos vesti\u00e1rios e rampas \u2013 de R$ 1.146.934,11 \u2013 o n\u00famero de praticantes de atividade f\u00edsica no local aumente.<\/p>\n<div id=\"attachment_231191\" style=\"width: 1290px\" class=\"wp-caption alignleft\"><a href=\"https:\/\/jundiai.sp.gov.br\/noticias\/wp-content\/uploads\/sites\/32\/2019\/06\/pedro_raimundo_obras-6.jpg\"><img loading=\"lazy\" decoding=\"async\" aria-describedby=\"caption-attachment-231191\" class=\"size-full wp-image-231191\" src=\"https:\/\/jundiai.sp.gov.br\/noticias\/wp-content\/uploads\/sites\/32\/2019\/06\/pedro_raimundo_obras-6.jpg\" alt=\"Obras foram iniciadas em mar\u00e7o\" width=\"1280\" height=\"853\" srcset=\"https:\/\/jundiai.sp.gov.br\/noticias\/wp-content\/uploads\/sites\/32\/2019\/06\/pedro_raimundo_obras-6.jpg 1280w, https:\/\/jundiai.sp.gov.br\/noticias\/wp-content\/uploads\/sites\/32\/2019\/06\/pedro_raimundo_obras-6-300x200.jpg 300w, https:\/\/jundiai.sp.gov.br\/noticias\/wp-content\/uploads\/sites\/32\/2019\/06\/pedro_raimundo_obras-6-768x512.jpg 768w, https:\/\/jundiai.sp.gov.br\/noticias\/wp-content\/uploads\/sites\/32\/2019\/06\/pedro_raimundo_obras-6-450x300.jpg 450w\" sizes=\"auto, (max-width: 1280px) 100vw, 1280px\" \/><\/a><p id=\"caption-attachment-231191\" class=\"wp-caption-text\">Obras do CECE Pedro Raymundo s\u00e3o para constru\u00e7\u00e3o de vesti\u00e1rios e rampas de acesso<\/p><\/div>\n<p>\u201cAs obras atraem a aten\u00e7\u00e3o da popula\u00e7\u00e3o, que se interessa em saber o que est\u00e1 sendo feito. Os vesti\u00e1rios e as rampas estimular\u00e3o ainda mais a participa\u00e7\u00e3o da popula\u00e7\u00e3o, que j\u00e1 foi acrescida ap\u00f3s a melhoria no piso do gin\u00e1sio. A facilidade no acesso por meio de rampas e os vesti\u00e1rios com banheiros ajudar\u00e3o os alunos idosos, que ter\u00e3o o acesso pr\u00f3ximo\u201d, explica a educadora.<\/p>\n<p>Aluna das turmas de Gin\u00e1stica R\u00edtmica e Gin\u00e1stica Art\u00edstica h\u00e1 tr\u00eas anos, Grazielli Aparecida Marchesin de Moraes, 13 anos, est\u00e1 animada com as melhorias. \u201cO piso do gin\u00e1sio ficou muito bom e bonito tamb\u00e9m. Com as outras obras, os alunos de futebol e futsal tamb\u00e9m ser\u00e3o beneficiados, podendo tomar banho ap\u00f3s sair do jogo, facilitando para que as pessoas possam sair daqui, direto para outras atividades\u201d, detalha.\u00a0Somente o espa\u00e7o da Vila Rio Branco, al\u00e9m do investimento em andamento, j\u00e1 recebeu outros R$ 310 mil para a requalifica\u00e7\u00e3o do piso do gin\u00e1sio.<\/p>\n<p>Al\u00e9m desta constru\u00e7\u00e3o, o CECE Dr Nicolino de Luca, o Bol\u00e3o, recebeu investimentos em rampas de acesso e vesti\u00e1rios para as quadras de t\u00eanis e constru\u00e7\u00e3o de arquibancada no complexo aqu\u00e1tico. No ano passado o espa\u00e7o recebeu a troca da ilumina\u00e7\u00e3o da pista de atletismo, com equipamentos modernos, mais econ\u00f4micos e de maior claridade. No CECE Antonio de Lima est\u00e1 em andamento a constru\u00e7\u00e3o de sala de gin\u00e1stica e outros espa\u00e7os. Ainda est\u00e3o em execu\u00e7\u00e3o obras no CECE Helena Cestari e no CECE Vanderlei Sperandio.<\/p>\n<p><strong>Assessoria de Imprensa<\/strong><br \/>\n<strong>Fotos: Fot\u00f3grafos PMJ<\/strong><\/p>\n<p>&nbsp;<\/p>\n","protected":false},"excerpt":{"rendered":"<p>Iniciada no m\u00eas de mar\u00e7o, a constru\u00e7\u00e3o de vesti\u00e1rios e rampas de acesso no Complexo Educacional, Cultural e Esportivo (CECE) Pedro Raymundo, na Vila Rio Branco, j\u00e1 atrai a aten\u00e7\u00e3o de novos usu\u00e1rios para o espa\u00e7o, que recebeu, no ano passado, a requalifica\u00e7\u00e3o do piso do gin\u00e1sio e ampliou o movimento em 20%. Esse \u00e9 [&hellip;]<\/p>\n","protected":false},"author":30,"featured_media":231192,"comment_status":"closed","ping_status":"closed","sticky":false,"template":"","format":"standard","meta":{"footnotes":""},"categories":[2],"tags":[411],"ods":[],"class_list":["post-231190","post","type-post","status-publish","format-standard","has-post-thumbnail","hentry","category-noticias","tag-centro-esportivo"],"_links":{"self":[{"href":"https:\/\/jundiai.sp.gov.br\/noticias\/wp-json\/wp\/v2\/posts\/231190","targetHints":{"allow":["GET"]}}],"collection":[{"href":"https:\/\/jundiai.sp.gov.br\/noticias\/wp-json\/wp\/v2\/posts"}],"about":[{"href":"https:\/\/jundiai.sp.gov.br\/noticias\/wp-json\/wp\/v2\/types\/post"}],"author":[{"embeddable":true,"href":"https:\/\/jundiai.sp.gov.br\/noticias\/wp-json\/wp\/v2\/users\/30"}],"replies":[{"embeddable":true,"href":"https:\/\/jundiai.sp.gov.br\/noticias\/wp-json\/wp\/v2\/comments?post=231190"}],"version-history":[{"count":1,"href":"https:\/\/jundiai.sp.gov.br\/noticias\/wp-json\/wp\/v2\/posts\/231190\/revisions"}],"predecessor-version":[{"id":231193,"href":"https:\/\/jundiai.sp.gov.br\/noticias\/wp-json\/wp\/v2\/posts\/231190\/revisions\/231193"}],"wp:featuredmedia":[{"embeddable":true,"href":"https:\/\/jundiai.sp.gov.br\/noticias\/wp-json\/wp\/v2\/media\/231192"}],"wp:attachment":[{"href":"https:\/\/jundiai.sp.gov.br\/noticias\/wp-json\/wp\/v2\/media?parent=231190"}],"wp:term":[{"taxonomy":"category","embeddable":true,"href":"https:\/\/jundiai.sp.gov.br\/noticias\/wp-json\/wp\/v2\/categories?post=231190"},{"taxonomy":"post_tag","embeddable":true,"href":"https:\/\/jundiai.sp.gov.br\/noticias\/wp-json\/wp\/v2\/tags?post=231190"},{"taxonomy":"ods","embeddable":true,"href":"https:\/\/jundiai.sp.gov.br\/noticias\/wp-json\/wp\/v2\/ods?post=231190"}],"curies":[{"name":"wp","href":"https:\/\/api.w.org\/{rel}","templated":true}]}}