{"id":231431,"date":"2019-06-23T11:52:12","date_gmt":"2019-06-23T14:52:12","guid":{"rendered":"https:\/\/jundiai.sp.gov.br\/noticias\/?p=231431"},"modified":"2019-06-23T12:07:37","modified_gmt":"2019-06-23T15:07:37","slug":"museu-historico-e-cultural-traz-percurso-por-documentos-em-sua-nova-exposicao","status":"publish","type":"post","link":"https:\/\/jundiai.sp.gov.br\/noticias\/2019\/06\/23\/museu-historico-e-cultural-traz-percurso-por-documentos-em-sua-nova-exposicao\/","title":{"rendered":"Museu Hist\u00f3rico e Cultural traz percurso por documentos em sua nova exposi\u00e7\u00e3o"},"content":{"rendered":"<div id=\"attachment_231432\" style=\"width: 1290px\" class=\"wp-caption alignleft\"><a href=\"https:\/\/jundiai.sp.gov.br\/noticias\/wp-content\/uploads\/sites\/32\/2019\/06\/exposicao_documento_solar-16.jpg\"><img loading=\"lazy\" decoding=\"async\" aria-describedby=\"caption-attachment-231432\" class=\"size-full wp-image-231432\" src=\"https:\/\/jundiai.sp.gov.br\/noticias\/wp-content\/uploads\/sites\/32\/2019\/06\/exposicao_documento_solar-16.jpg\" alt=\"\" width=\"1280\" height=\"875\" srcset=\"https:\/\/jundiai.sp.gov.br\/noticias\/wp-content\/uploads\/sites\/32\/2019\/06\/exposicao_documento_solar-16.jpg 1280w, https:\/\/jundiai.sp.gov.br\/noticias\/wp-content\/uploads\/sites\/32\/2019\/06\/exposicao_documento_solar-16-300x205.jpg 300w, https:\/\/jundiai.sp.gov.br\/noticias\/wp-content\/uploads\/sites\/32\/2019\/06\/exposicao_documento_solar-16-768x525.jpg 768w\" sizes=\"auto, (max-width: 1280px) 100vw, 1280px\" \/><\/a><p id=\"caption-attachment-231432\" class=\"wp-caption-text\">Paulo explica que uma das instala\u00e7\u00f5es da mostra representa como o acervo \u00e9 mantido envelopado no Centro de Mem\u00f3ria<\/p><\/div>\n<p><strong>A nova mostra tempor\u00e1ria do Museu Hist\u00f3rico e Cultural \u2013 Solar do Bar\u00e3o traz um repert\u00f3rio variado de tipos de documentos memoriais da cidade, convidando os visitantes a conhecer e interpretar a realidade de Jundia\u00ed e do Pa\u00eds atrav\u00e9s dos s\u00e9culos. Concebida pelo Museu e pelo Centro de Mem\u00f3ria da Unidade de Gest\u00e3o de Cultura (UGC), a exposi\u00e7\u00e3o segue gratuita at\u00e9 o m\u00eas de agosto, quando ser\u00e1 realizado o M\u00eas do Patrim\u00f4nio Hist\u00f3rico e Cultural no Munic\u00edpio.<\/strong><\/p>\n<p>O diretor do Departamento de Museus da UGC, Paulo Vicentini, explica como a popula\u00e7\u00e3o pode fazer expandir o acervo da mostra. \u201cA exposi\u00e7\u00e3o lan\u00e7a luz sobre um silencioso, mas importante, trabalho que vem sendo realizado pelo Centro das Artes na organiza\u00e7\u00e3o, sele\u00e7\u00e3o e cataloga\u00e7\u00e3o do acervo. Esta \u00e9 a base de um projeto que vai at\u00e9 2030 para o arquivo hist\u00f3rico municipal. Queremos que o acervo desperte a curiosidade e questionamentos dos visitantes que, se interessados, podem at\u00e9 contribuir doando documentos pessoais, num processo permanente de constru\u00e7\u00e3o\u201d.<\/p>\n<p>Entre os itens do acervo, que v\u00eam desde 1657 at\u00e9 os dias de hoje, encontram-se livros com nomes de rua da cidade, documentos com as contas de \u00e1guas dos moradores da d\u00e9cada de 1920, cartazes de cinema, livros sobre a hist\u00f3ria da escravatura ind\u00edgena e africana, desenhos e mapas desenhados por Geraldo Tomanik, al\u00e9m de reprodu\u00e7\u00f5es de plantas da cidade do fim s\u00e9culo 19 e jornais e revistas da cidade.<\/p>\n<p><a href=\"https:\/\/jundiai.sp.gov.br\/noticias\/wp-content\/uploads\/sites\/32\/2019\/06\/exposicao_documento_solar-80-1.jpg\"><img loading=\"lazy\" decoding=\"async\" class=\"alignleft size-full wp-image-231433\" src=\"https:\/\/jundiai.sp.gov.br\/noticias\/wp-content\/uploads\/sites\/32\/2019\/06\/exposicao_documento_solar-80-1.jpg\" alt=\"\" width=\"1280\" height=\"971\" srcset=\"https:\/\/jundiai.sp.gov.br\/noticias\/wp-content\/uploads\/sites\/32\/2019\/06\/exposicao_documento_solar-80-1.jpg 1280w, https:\/\/jundiai.sp.gov.br\/noticias\/wp-content\/uploads\/sites\/32\/2019\/06\/exposicao_documento_solar-80-1-300x228.jpg 300w, https:\/\/jundiai.sp.gov.br\/noticias\/wp-content\/uploads\/sites\/32\/2019\/06\/exposicao_documento_solar-80-1-768x583.jpg 768w, https:\/\/jundiai.sp.gov.br\/noticias\/wp-content\/uploads\/sites\/32\/2019\/06\/exposicao_documento_solar-80-1-1265x960.jpg 1265w\" sizes=\"auto, (max-width: 1280px) 100vw, 1280px\" \/><\/a><\/p>\n<p>J\u00e1 num ambiente reservado \u00e0 mem\u00f3ria privada, o acervo traz fotos de espa\u00e7os da cidade, cart\u00f5es postais, certificados de reservista do antigo Minist\u00e9rio da Guerra, carteiras de habilita\u00e7\u00e3o, t\u00edtulos de eleitores, atas do Legislativo Municipal e Federal, al\u00e9m de almanaques nacionais de inspira\u00e7\u00e3o europeia, al\u00e9m de partituras particulares de m\u00fasicos como Hayde\u00e9 Dumangin Mojola, Luiz Biela de Souza, Frederico Nano e Deolinda Copelli.<\/p>\n<p>A Avelina Calheiros, moradora do Jardim Samambaia, aproveitou para ciceronear os vizinhos capixabas \u00c2ngela Menelli e seu neto Renzo Lira, de seis anos, que h\u00e1 um ano moram em Jundia\u00ed. Apesar de botafoguense, o cart\u00e3o postal da vit\u00f3ria do Paulista na Copa do Brasil em 2005 foi o que mais chamou a aten\u00e7\u00e3o do pequeno. \u201cApesar de curiosos h\u00e1 um tempo, esta \u00e9 a primeira vez que visitamos o museu. O Renzo nunca tinha visto um cart\u00e3o postal. S\u00e3o costumes que se perdem, mas o Museu cumpre seu papel em resgat\u00e1-los\u201d.<\/p>\n<p>Al\u00e9m da mostra tempor\u00e1ria, o visitante pode conferir o acervo permanente e os jardins do Solar. O Museu fica na rua Bar\u00e3o de Jundia\u00ed, 762, Centro, e funciona de ter\u00e7a a sexta-feira, das 10h \u00e0s 17h, e aos s\u00e1bados, domingos e feriados, das 9h \u00e0s 16h. Mais informa\u00e7\u00f5es podem ser obtidas pelos telefones (11) 4521-6259 e 4586-8414.<\/p>\n<p><strong>Assessoria de Imprensa<br \/>\nFotos: Fot\u00f3grafos PMJ<\/strong><\/p>\n","protected":false},"excerpt":{"rendered":"<p>A nova mostra tempor\u00e1ria do Museu Hist\u00f3rico e Cultural \u2013 Solar do Bar\u00e3o traz um repert\u00f3rio variado de tipos de documentos memoriais da cidade, convidando os visitantes a conhecer e interpretar a realidade de Jundia\u00ed e do Pa\u00eds atrav\u00e9s dos s\u00e9culos. Concebida pelo Museu e pelo Centro de Mem\u00f3ria da Unidade de Gest\u00e3o de Cultura [&hellip;]<\/p>\n","protected":false},"author":33,"featured_media":0,"comment_status":"closed","ping_status":"closed","sticky":false,"template":"","format":"standard","meta":{"footnotes":""},"categories":[2],"tags":[29,1097,290],"ods":[],"class_list":["post-231431","post","type-post","status-publish","format-standard","hentry","category-noticias","tag-cultura","tag-mes-do-patrimonio-historico-e-cultural","tag-museu-historico-e-cultural-solar-do-barao"],"_links":{"self":[{"href":"https:\/\/jundiai.sp.gov.br\/noticias\/wp-json\/wp\/v2\/posts\/231431","targetHints":{"allow":["GET"]}}],"collection":[{"href":"https:\/\/jundiai.sp.gov.br\/noticias\/wp-json\/wp\/v2\/posts"}],"about":[{"href":"https:\/\/jundiai.sp.gov.br\/noticias\/wp-json\/wp\/v2\/types\/post"}],"author":[{"embeddable":true,"href":"https:\/\/jundiai.sp.gov.br\/noticias\/wp-json\/wp\/v2\/users\/33"}],"replies":[{"embeddable":true,"href":"https:\/\/jundiai.sp.gov.br\/noticias\/wp-json\/wp\/v2\/comments?post=231431"}],"version-history":[{"count":1,"href":"https:\/\/jundiai.sp.gov.br\/noticias\/wp-json\/wp\/v2\/posts\/231431\/revisions"}],"predecessor-version":[{"id":231434,"href":"https:\/\/jundiai.sp.gov.br\/noticias\/wp-json\/wp\/v2\/posts\/231431\/revisions\/231434"}],"wp:attachment":[{"href":"https:\/\/jundiai.sp.gov.br\/noticias\/wp-json\/wp\/v2\/media?parent=231431"}],"wp:term":[{"taxonomy":"category","embeddable":true,"href":"https:\/\/jundiai.sp.gov.br\/noticias\/wp-json\/wp\/v2\/categories?post=231431"},{"taxonomy":"post_tag","embeddable":true,"href":"https:\/\/jundiai.sp.gov.br\/noticias\/wp-json\/wp\/v2\/tags?post=231431"},{"taxonomy":"ods","embeddable":true,"href":"https:\/\/jundiai.sp.gov.br\/noticias\/wp-json\/wp\/v2\/ods?post=231431"}],"curies":[{"name":"wp","href":"https:\/\/api.w.org\/{rel}","templated":true}]}}