{"id":231533,"date":"2019-06-26T11:51:31","date_gmt":"2019-06-26T14:51:31","guid":{"rendered":"https:\/\/jundiai.sp.gov.br\/noticias\/?p=231533"},"modified":"2019-06-26T11:51:31","modified_gmt":"2019-06-26T14:51:31","slug":"programacao-gratuita-de-oficinas-tem-mais-de-350-vagas-pelas-ferias-na-pinacoteca","status":"publish","type":"post","link":"https:\/\/jundiai.sp.gov.br\/noticias\/2019\/06\/26\/programacao-gratuita-de-oficinas-tem-mais-de-350-vagas-pelas-ferias-na-pinacoteca\/","title":{"rendered":"Programa\u00e7\u00e3o gratuita de oficinas tem mais de 350 vagas pelas \u201cF\u00e9rias na Pinacoteca\u201d"},"content":{"rendered":"<p>Para aproveitar as f\u00e9rias escolares da crian\u00e7ada, a Unidade de Gest\u00e3o de Cultura (UGC) preparou novamente uma programa\u00e7\u00e3o especial gratuita de \u201cF\u00e9rias na Pinacoteca\u201d, com minicursos, oficinas de artes visuais, conta\u00e7\u00e3o de hist\u00f3rias e apresenta\u00e7\u00e3o musical, com mais de 350 vagas voltadas a crian\u00e7as desde os dois meses de idade, por meio do Primeir\u00edssima Inf\u00e2ncia, at\u00e9 os 14 anos de idade.<\/p>\n<p>Os interessados devem se inscrever em\u00a0<strong><a href=\"https:\/\/cultura.jundiai.sp.gov.br\/oficinas\/\" target=\"_blank\" rel=\"noopener noreferrer\">formul\u00e1rios online<\/a><\/strong>, dispon\u00edvel no site da Cultura. Para as atividades, que come\u00e7am j\u00e1 nesta ter\u00e7a (2), h\u00e1 um n\u00famero limite de inscri\u00e7\u00f5es, identificada em cada formul\u00e1rio. Os materiais para cada oficina tamb\u00e9m ser\u00e3o fornecidos.<\/p>\n<div id=\"attachment_231534\" style=\"width: 1290px\" class=\"wp-caption alignleft\"><a href=\"https:\/\/jundiai.sp.gov.br\/noticias\/wp-content\/uploads\/sites\/32\/2019\/06\/oficina-de-pintura-pinacoteca-15.jpg\"><img loading=\"lazy\" decoding=\"async\" aria-describedby=\"caption-attachment-231534\" class=\"size-full wp-image-231534\" src=\"https:\/\/jundiai.sp.gov.br\/noticias\/wp-content\/uploads\/sites\/32\/2019\/06\/oficina-de-pintura-pinacoteca-15.jpg\" alt=\"Crian\u00e7as pintando com aquarela e pinc\u00e9is\" width=\"1280\" height=\"853\" srcset=\"https:\/\/jundiai.sp.gov.br\/noticias\/wp-content\/uploads\/sites\/32\/2019\/06\/oficina-de-pintura-pinacoteca-15.jpg 1280w, https:\/\/jundiai.sp.gov.br\/noticias\/wp-content\/uploads\/sites\/32\/2019\/06\/oficina-de-pintura-pinacoteca-15-300x200.jpg 300w, https:\/\/jundiai.sp.gov.br\/noticias\/wp-content\/uploads\/sites\/32\/2019\/06\/oficina-de-pintura-pinacoteca-15-768x512.jpg 768w, https:\/\/jundiai.sp.gov.br\/noticias\/wp-content\/uploads\/sites\/32\/2019\/06\/oficina-de-pintura-pinacoteca-15-450x300.jpg 450w\" sizes=\"auto, (max-width: 1280px) 100vw, 1280px\" \/><\/a><p id=\"caption-attachment-231534\" class=\"wp-caption-text\">Atividades gratuitas ao longo de todo o m\u00eas s\u00e3o voltadas a crian\u00e7as de dois meses a 14 anos<\/p><\/div>\n<p>Est\u00e3o programados minicursos de Mang\u00e1 e de Modelagem e Escultura, Oficinas de Artes Visuais sobre produ\u00e7\u00e3o de tintas naturais; t\u00e9cnicas de fazer telas e pinc\u00e9is; pintura em painel e com tinta acr\u00edlica em tela e em madeira; mosaico; aquarela; pintura em telha, tela, madeira e suporte alternativo; assemblagem; esculturas com papel mach\u00ea e graffiti.<\/p>\n<p>Tamb\u00e9m est\u00e3o programadas para o s\u00e1bado (27), a partir das 10h, uma oficina de Dan\u00e7a Materna \u201cBaby Fusion\u201d, voltada para as m\u00e3es e seus beb\u00eas, entre dois e onze meses, pelo Primeir\u00edssima Inf\u00e2ncia, e uma oficina de Pinturas Gigantes, com a atriz Iara Jamra.<\/p>\n<p>Sem a necessidade de inscri\u00e7\u00f5es, est\u00e3o programadas conta\u00e7\u00f5es de hist\u00f3rias, com Sueli Patelli e Rodrigo Moraes, nos s\u00e1bados 06 e 13, a partir das 10h, e uma apresenta\u00e7\u00e3o da banda POIN (Pequena Orquestra Interativa), no s\u00e1bado (20), tamb\u00e9m a partir das 10h.<\/p>\n<p>A Pinacoteca Municipal Di\u00f3genes Duarte Paes faz parte do Centro Jundiaiense de Cultura Josefina Rodrigues da Silva (Jorosil) e fica na rua Bar\u00e3o de Jundia\u00ed, 109, Centro. Mais informa\u00e7\u00f5es podem ser obtidas pelo telefone (11) 4586-2326.<\/p>\n<p><strong>Assessoria de Imprensa<br \/>\nFoto: Arquivo PMJ<\/strong><\/p>\n","protected":false},"excerpt":{"rendered":"<p>Para aproveitar as f\u00e9rias escolares da crian\u00e7ada, a Unidade de Gest\u00e3o de Cultura (UGC) preparou novamente uma programa\u00e7\u00e3o especial gratuita de \u201cF\u00e9rias na Pinacoteca\u201d, com minicursos, oficinas de artes visuais, conta\u00e7\u00e3o de hist\u00f3rias e apresenta\u00e7\u00e3o musical, com mais de 350 vagas voltadas a crian\u00e7as desde os dois meses de idade, por meio do Primeir\u00edssima Inf\u00e2ncia, [&hellip;]<\/p>\n","protected":false},"author":30,"featured_media":0,"comment_status":"closed","ping_status":"closed","sticky":false,"template":"","format":"standard","meta":{"footnotes":""},"categories":[2],"tags":[29,370],"ods":[],"class_list":["post-231533","post","type-post","status-publish","format-standard","hentry","category-noticias","tag-cultura","tag-pinacoteca-municipal-diogenes-duarte-paes"],"_links":{"self":[{"href":"https:\/\/jundiai.sp.gov.br\/noticias\/wp-json\/wp\/v2\/posts\/231533","targetHints":{"allow":["GET"]}}],"collection":[{"href":"https:\/\/jundiai.sp.gov.br\/noticias\/wp-json\/wp\/v2\/posts"}],"about":[{"href":"https:\/\/jundiai.sp.gov.br\/noticias\/wp-json\/wp\/v2\/types\/post"}],"author":[{"embeddable":true,"href":"https:\/\/jundiai.sp.gov.br\/noticias\/wp-json\/wp\/v2\/users\/30"}],"replies":[{"embeddable":true,"href":"https:\/\/jundiai.sp.gov.br\/noticias\/wp-json\/wp\/v2\/comments?post=231533"}],"version-history":[{"count":1,"href":"https:\/\/jundiai.sp.gov.br\/noticias\/wp-json\/wp\/v2\/posts\/231533\/revisions"}],"predecessor-version":[{"id":231535,"href":"https:\/\/jundiai.sp.gov.br\/noticias\/wp-json\/wp\/v2\/posts\/231533\/revisions\/231535"}],"wp:attachment":[{"href":"https:\/\/jundiai.sp.gov.br\/noticias\/wp-json\/wp\/v2\/media?parent=231533"}],"wp:term":[{"taxonomy":"category","embeddable":true,"href":"https:\/\/jundiai.sp.gov.br\/noticias\/wp-json\/wp\/v2\/categories?post=231533"},{"taxonomy":"post_tag","embeddable":true,"href":"https:\/\/jundiai.sp.gov.br\/noticias\/wp-json\/wp\/v2\/tags?post=231533"},{"taxonomy":"ods","embeddable":true,"href":"https:\/\/jundiai.sp.gov.br\/noticias\/wp-json\/wp\/v2\/ods?post=231533"}],"curies":[{"name":"wp","href":"https:\/\/api.w.org\/{rel}","templated":true}]}}