{"id":231565,"date":"2019-06-27T12:15:14","date_gmt":"2019-06-27T15:15:14","guid":{"rendered":"https:\/\/jundiai.sp.gov.br\/noticias\/?p=231565"},"modified":"2019-12-10T16:40:54","modified_gmt":"2019-12-10T18:40:54","slug":"sorteio-faz-a-recomposicao-de-vagas-no-comite-das-criancas","status":"publish","type":"post","link":"https:\/\/jundiai.sp.gov.br\/noticias\/2019\/06\/27\/sorteio-faz-a-recomposicao-de-vagas-no-comite-das-criancas\/","title":{"rendered":"Sorteio faz a recomposi\u00e7\u00e3o de vagas no Comit\u00ea das Crian\u00e7as"},"content":{"rendered":"<p>Foi realizado na Pinacoteca Municipal na manh\u00e3 desta quarta-feira (26) o sorteio para recomposi\u00e7\u00e3o de vagas do Comit\u00ea das Crian\u00e7as, \u00f3rg\u00e3o consultivo que visa dar voz \u00e0s crian\u00e7as para a constru\u00e7\u00e3o de pol\u00edticas p\u00fablicas municipais e integra as a\u00e7\u00f5es da Prefeitura pelo conceito de Cidade das Crian\u00e7as. Dos 28 integrantes sorteados em abril deste ano, 10 vagas tornaram-se dispon\u00edveis, j\u00e1 que nove crian\u00e7as deixaram de comparecer a tr\u00eas encontros mensais do Comit\u00ea e uma mudou-se de Munic\u00edpio. Assista ao sorteio:<\/p>\n<p><iframe loading=\"lazy\" width=\"760\" height=\"515\" src=\"https:\/\/www.youtube.com\/embed\/FixdNrrpMYI\" frameborder=\"0\" allow=\"accelerometer; autoplay; encrypted-media; gyroscope; picture-in-picture\" allowfullscreen><\/iframe><\/p>\n<p>Para a regi\u00e3o Sul, foram sorteados como titulares Beatriz Leandra de Assis Greg\u00f3rio, Lucas Gabriel Prestes Pereira e Leandro de Goes Maciel como titulares e Fernanda Vieira de Oliveira e Wesley Francisco da Silva Lacerda como suplentes.<\/p>\n<p>J\u00e1 da regi\u00e3o Noroeste, foram sorteados como titulares Rafaela Cristina Lanai Ribeiro e Gabriel Gomes Vieira e como suplentes Rayanne Mota Rodrigues e \u00cdcaro Feitoza de Souza.<\/p>\n<p>Da regi\u00e3o Oeste, Arthur Narciso Clemente \u00e9 titular e Gustavo Faria Michelotto suplente. Da regi\u00e3o Norte, s\u00e3o titulares Enzo Felipe Barboza de Medeiros e Pedro Pinheiro Barbosa e suplente Gabriel Assis Foreze. Da regi\u00e3o Nordeste, foi eleito titular Fabio Henrique Jobstraibizer.<\/p>\n<p>Como n\u00e3o havia meninos inscritos para representar a regi\u00e3o Central, e conforme previsto pelo Regulamento do Comit\u00ea, publicado na\u00a0<strong><a href=\"https:\/\/imprensaoficial.jundiai.sp.gov.br\/wp-content\/uploads\/2019\/04\/90027be5-d988-410e-a831-65ed909de354_Edi%C3%A7%C3%A3o-4541-05-04-2019-2.pdf\" target=\"_blank\" rel=\"noopener noreferrer\">p\u00e1gina 54 da edi\u00e7\u00e3o 4541 da Imprensa Oficial<\/a><\/strong>, a vaga ser\u00e1 preenchida por Wesley Francisco da Silva Lacerda, suplente da regi\u00e3o Sul, o primeiro menino suplente, em ordem cronol\u00f3gica, a ser sorteado na ocasi\u00e3o.<\/p>\n<div id=\"attachment_231566\" style=\"width: 1290px\" class=\"wp-caption alignleft\"><a href=\"https:\/\/jundiai.sp.gov.br\/noticias\/wp-content\/uploads\/sites\/32\/2019\/06\/lancamento_comite_das_criancas_complexo_fepasa-584.jpg\"><img loading=\"lazy\" decoding=\"async\" aria-describedby=\"caption-attachment-231566\" class=\"size-full wp-image-231566\" src=\"https:\/\/jundiai.sp.gov.br\/noticias\/wp-content\/uploads\/sites\/32\/2019\/06\/lancamento_comite_das_criancas_complexo_fepasa-584.jpg\" alt=\"Crian\u00e7as sentadas em c\u00edrculo no ch\u00e3o de madeira, com rel\u00f3gios diversos na parede\" width=\"1280\" height=\"869\" srcset=\"https:\/\/jundiai.sp.gov.br\/noticias\/wp-content\/uploads\/sites\/32\/2019\/06\/lancamento_comite_das_criancas_complexo_fepasa-584.jpg 1280w, https:\/\/jundiai.sp.gov.br\/noticias\/wp-content\/uploads\/sites\/32\/2019\/06\/lancamento_comite_das_criancas_complexo_fepasa-584-300x204.jpg 300w, https:\/\/jundiai.sp.gov.br\/noticias\/wp-content\/uploads\/sites\/32\/2019\/06\/lancamento_comite_das_criancas_complexo_fepasa-584-768x521.jpg 768w\" sizes=\"auto, (max-width: 1280px) 100vw, 1280px\" \/><\/a><p id=\"caption-attachment-231566\" class=\"wp-caption-text\">Primeiro compromisso das crian\u00e7as sorteadas ser\u00e1 j\u00e1 no dia 13 de julho, \u00e0s 14h, na Sala dos Rel\u00f3gios<\/p><\/div>\n<p>Para divis\u00e3o para o sorteio, o abairramento seguiu a divis\u00e3o do Munic\u00edpio em sete regi\u00f5es presente na home de seu site e cada crian\u00e7a deveria se inscrever por local de resid\u00eancia, n\u00e3o por base da escola que frequenta.<\/p>\n<p>As crian\u00e7as sorteadas ser\u00e3o notificadas pela Unidade de Gest\u00e3o de Cultura (UGC) e pelas escolas em que estudam e j\u00e1 dever\u00e3o se reunir com o Comit\u00ea no dia 13 de julho, das 14h \u00e0s 16h, na Sala dos Rel\u00f3gios do Complexo Fepasa. As demais reuni\u00f5es do ano est\u00e3o agendadas para os mesmos local e hor\u00e1rio nos dias 10 de agosto, 14 de setembro, 26 de outubro e 23 de novembro, este \u00faltimo com a presen\u00e7a do prefeito Luiz Fernando Machado.<\/p>\n<p>Jundia\u00ed \u00e9 o primeiro Munic\u00edpio do Estado a integrar a Rede Latino Americana \u2013 Projeto Cidade das Crian\u00e7as.<\/p>\n<p><strong>Assessoria de Imprensa<br \/>\nFoto: Arquivo PMJ<\/strong><\/p>\n","protected":false},"excerpt":{"rendered":"<p>Foi realizado na Pinacoteca Municipal na manh\u00e3 desta quarta-feira (26) o sorteio para recomposi\u00e7\u00e3o de vagas do Comit\u00ea das Crian\u00e7as, \u00f3rg\u00e3o consultivo que visa dar voz \u00e0s crian\u00e7as para a constru\u00e7\u00e3o de pol\u00edticas p\u00fablicas municipais e integra as a\u00e7\u00f5es da Prefeitura pelo conceito de Cidade das Crian\u00e7as. Dos 28 integrantes sorteados em abril deste ano, [&hellip;]<\/p>\n","protected":false},"author":30,"featured_media":0,"comment_status":"closed","ping_status":"closed","sticky":false,"template":"","format":"standard","meta":{"footnotes":""},"categories":[2],"tags":[1154,1201,29,370],"ods":[],"class_list":["post-231565","post","type-post","status-publish","format-standard","hentry","category-noticias","tag-cidade-das-criancas","tag-comite-das-criancas","tag-cultura","tag-pinacoteca-municipal-diogenes-duarte-paes"],"_links":{"self":[{"href":"https:\/\/jundiai.sp.gov.br\/noticias\/wp-json\/wp\/v2\/posts\/231565","targetHints":{"allow":["GET"]}}],"collection":[{"href":"https:\/\/jundiai.sp.gov.br\/noticias\/wp-json\/wp\/v2\/posts"}],"about":[{"href":"https:\/\/jundiai.sp.gov.br\/noticias\/wp-json\/wp\/v2\/types\/post"}],"author":[{"embeddable":true,"href":"https:\/\/jundiai.sp.gov.br\/noticias\/wp-json\/wp\/v2\/users\/30"}],"replies":[{"embeddable":true,"href":"https:\/\/jundiai.sp.gov.br\/noticias\/wp-json\/wp\/v2\/comments?post=231565"}],"version-history":[{"count":3,"href":"https:\/\/jundiai.sp.gov.br\/noticias\/wp-json\/wp\/v2\/posts\/231565\/revisions"}],"predecessor-version":[{"id":231569,"href":"https:\/\/jundiai.sp.gov.br\/noticias\/wp-json\/wp\/v2\/posts\/231565\/revisions\/231569"}],"wp:attachment":[{"href":"https:\/\/jundiai.sp.gov.br\/noticias\/wp-json\/wp\/v2\/media?parent=231565"}],"wp:term":[{"taxonomy":"category","embeddable":true,"href":"https:\/\/jundiai.sp.gov.br\/noticias\/wp-json\/wp\/v2\/categories?post=231565"},{"taxonomy":"post_tag","embeddable":true,"href":"https:\/\/jundiai.sp.gov.br\/noticias\/wp-json\/wp\/v2\/tags?post=231565"},{"taxonomy":"ods","embeddable":true,"href":"https:\/\/jundiai.sp.gov.br\/noticias\/wp-json\/wp\/v2\/ods?post=231565"}],"curies":[{"name":"wp","href":"https:\/\/api.w.org\/{rel}","templated":true}]}}