{"id":231833,"date":"2019-07-05T12:11:48","date_gmt":"2019-07-05T15:11:48","guid":{"rendered":"https:\/\/jundiai.sp.gov.br\/noticias\/?p=231833"},"modified":"2019-07-05T12:11:48","modified_gmt":"2019-07-05T15:11:48","slug":"jundiai-ja-tem-destaques-dos-jogos-regionais","status":"publish","type":"post","link":"https:\/\/jundiai.sp.gov.br\/noticias\/2019\/07\/05\/jundiai-ja-tem-destaques-dos-jogos-regionais\/","title":{"rendered":"Jundia\u00ed j\u00e1 tem destaques dos Jogos Regionais"},"content":{"rendered":"<p>Os atletas do TIME Jundia\u00ed que representam o munic\u00edpio nos 63\u00ba Jogos Regionais, em Sorocaba, j\u00e1 contam com medalhas para trazer na bagagem. As conquistas foram nas modalidades de Karat\u00ea e Ciclismo. Nesta sexta-feira (05), os atletas do Programa de Esporte e Atividades Motoras (Peama) entram na competi\u00e7\u00e3o e s\u00e3o grandes as chances de mais conquistas de boas coloca\u00e7\u00f5es para a cidade.<\/p>\n<p>De acordo com levantamento passado pela comiss\u00e3o t\u00e9cnica do TIME Jundia\u00ed, a modalidade Karat\u00ea conquistou, na quinta-feira (4), o 2\u00ba lugar Geral, nas categorias Feminina e Masculino. O grupo de jundia\u00ed ficou com apenas um ponto a menos que a lideran\u00e7a, que foi conquistada pela cidade sede na categoria feminina, Sorocaba (49 a 48 pontos). A equipe feminina \u00e9 formada por Ana Lopes, Brenda Silva, Bruna Curcio, Lara Fontenele, Mariana Fernandes e Naomi Yanase.<\/p>\n<div id=\"attachment_231834\" style=\"width: 1290px\" class=\"wp-caption alignleft\"><a href=\"https:\/\/jundiai.sp.gov.br\/noticias\/wp-content\/uploads\/sites\/32\/2019\/07\/medalhas.jpg\"><img loading=\"lazy\" decoding=\"async\" aria-describedby=\"caption-attachment-231834\" class=\"size-full wp-image-231834\" src=\"https:\/\/jundiai.sp.gov.br\/noticias\/wp-content\/uploads\/sites\/32\/2019\/07\/medalhas.jpg\" alt=\"Foto posada da equipe de karat\u00ea com medalhas\" width=\"1280\" height=\"922\" srcset=\"https:\/\/jundiai.sp.gov.br\/noticias\/wp-content\/uploads\/sites\/32\/2019\/07\/medalhas.jpg 1280w, https:\/\/jundiai.sp.gov.br\/noticias\/wp-content\/uploads\/sites\/32\/2019\/07\/medalhas-300x216.jpg 300w, https:\/\/jundiai.sp.gov.br\/noticias\/wp-content\/uploads\/sites\/32\/2019\/07\/medalhas-768x553.jpg 768w\" sizes=\"auto, (max-width: 1280px) 100vw, 1280px\" \/><\/a><p id=\"caption-attachment-231834\" class=\"wp-caption-text\">Os atletas do TIME Jundia\u00ed que representam o munic\u00edpio nos 63\u00ba Jogos Regionais, em Sorocaba, j\u00e1 contam com medalhas para trazer na bagagem; as conquistas foram nas modalidades Karat\u00ea e Ciclismo<\/p><\/div>\n<p>J\u00e1 entre a equipe masculina, formada por Bruno Velasco, Dalton Botelho, Douglas Aguiar, Fabr\u00edcio Siqueira, Giovanni Mietto, Grigor Oliveira, Guilherme Azevedo, Kaik Soares, Leonardo Zeller, Rai Santos e Weslley Alves, a classifica\u00e7\u00e3o teve diferen\u00e7a de 11 pontos, (53 TIME Jundia\u00ed contra 64 de Sorocaba).<\/p>\n<p>Nas classifica\u00e7\u00f5es individuais, os atletas do TIME Jundia\u00ed de Karat\u00ea conquistaram 4 medalhas de ouro, 4 medalhas de prata e 2 medalhas de bronze. A comiss\u00e3o t\u00e9cnica da modalidade \u00e9 formada por Anderson Bogniotti e C\u00e1ssio Bogniotti. O grupo tamb\u00e9m participa, no per\u00edodo de 04 a 07 de julho de 2019, do Campeonato Brasileiro de Karat\u00ea, no Gin\u00e1sio Poliesportivo Mauro Pinheiro (Ibirapuera \u2013 S\u00e3o Paulo).<\/p>\n<p>Nas pedaladas, o TIME Jundia\u00ed de Ciclismo garantiu duas medalhas de prata e uma medalha de bronze Carlos Henrique Paix\u00e3o (prata), Fabiana Greg\u00f3rio Brand\u00e3o (prata) e Edivando de Souza Cruz (bronze), na modalidade Mountain Bike.<\/p>\n<p>As competi\u00e7\u00f5es prosseguem at\u00e9 o dia 12 de julho. A delega\u00e7\u00e3o de Jundia\u00ed conta com 437 atletas distribu\u00eddos em 43 categorias e modalidades.<\/p>\n<p><strong>Assessoria de Imprensa<\/strong><br \/>\n<strong>Fotos: TIME Jundia\u00ed<\/strong><\/p>\n","protected":false},"excerpt":{"rendered":"<p>Os atletas do TIME Jundia\u00ed que representam o munic\u00edpio nos 63\u00ba Jogos Regionais, em Sorocaba, j\u00e1 contam com medalhas para trazer na bagagem. As conquistas foram nas modalidades de Karat\u00ea e Ciclismo. Nesta sexta-feira (05), os atletas do Programa de Esporte e Atividades Motoras (Peama) entram na competi\u00e7\u00e3o e s\u00e3o grandes as chances de mais [&hellip;]<\/p>\n","protected":false},"author":30,"featured_media":0,"comment_status":"closed","ping_status":"closed","sticky":false,"template":"","format":"standard","meta":{"footnotes":""},"categories":[2],"tags":[610],"ods":[],"class_list":["post-231833","post","type-post","status-publish","format-standard","hentry","category-noticias","tag-jogos-regionais"],"_links":{"self":[{"href":"https:\/\/jundiai.sp.gov.br\/noticias\/wp-json\/wp\/v2\/posts\/231833","targetHints":{"allow":["GET"]}}],"collection":[{"href":"https:\/\/jundiai.sp.gov.br\/noticias\/wp-json\/wp\/v2\/posts"}],"about":[{"href":"https:\/\/jundiai.sp.gov.br\/noticias\/wp-json\/wp\/v2\/types\/post"}],"author":[{"embeddable":true,"href":"https:\/\/jundiai.sp.gov.br\/noticias\/wp-json\/wp\/v2\/users\/30"}],"replies":[{"embeddable":true,"href":"https:\/\/jundiai.sp.gov.br\/noticias\/wp-json\/wp\/v2\/comments?post=231833"}],"version-history":[{"count":1,"href":"https:\/\/jundiai.sp.gov.br\/noticias\/wp-json\/wp\/v2\/posts\/231833\/revisions"}],"predecessor-version":[{"id":231835,"href":"https:\/\/jundiai.sp.gov.br\/noticias\/wp-json\/wp\/v2\/posts\/231833\/revisions\/231835"}],"wp:attachment":[{"href":"https:\/\/jundiai.sp.gov.br\/noticias\/wp-json\/wp\/v2\/media?parent=231833"}],"wp:term":[{"taxonomy":"category","embeddable":true,"href":"https:\/\/jundiai.sp.gov.br\/noticias\/wp-json\/wp\/v2\/categories?post=231833"},{"taxonomy":"post_tag","embeddable":true,"href":"https:\/\/jundiai.sp.gov.br\/noticias\/wp-json\/wp\/v2\/tags?post=231833"},{"taxonomy":"ods","embeddable":true,"href":"https:\/\/jundiai.sp.gov.br\/noticias\/wp-json\/wp\/v2\/ods?post=231833"}],"curies":[{"name":"wp","href":"https:\/\/api.w.org\/{rel}","templated":true}]}}