{"id":231894,"date":"2019-07-07T19:09:26","date_gmt":"2019-07-07T22:09:26","guid":{"rendered":"https:\/\/jundiai.sp.gov.br\/noticias\/?p=231894"},"modified":"2019-07-07T19:11:20","modified_gmt":"2019-07-07T22:11:20","slug":"jogos-regionais-volei-feminino-de-jundiai-e-finalista-pelo-segundo-ano-consecutivo","status":"publish","type":"post","link":"https:\/\/jundiai.sp.gov.br\/noticias\/2019\/07\/07\/jogos-regionais-volei-feminino-de-jundiai-e-finalista-pelo-segundo-ano-consecutivo\/","title":{"rendered":"Jogos Regionais: v\u00f4lei feminino de Jundia\u00ed \u00e9 finalista pelo segundo ano consecutivo"},"content":{"rendered":"<p>Pelo segundo ano consecutivo, o v\u00f4lei feminino de Jundia\u00ed est\u00e1 na decis\u00e3o dos Jogos Regionais. A equipe jundiaiense venceu Itarar\u00e9 por 3 sets a 0, conquistando vaga na final, que ser\u00e1 nesta segunda-feira. \u201cNossa defesa e ataque funcionaram muito bem\u201d, afirmou Ademir Zamboni, comandante da equipe jundiaiense, que tem na competi\u00e7\u00e3o as atletas Bruna, Mait\u00ea, Priscila, Poli, Isa, Julia, Giuliana, Samira, Bia, Livia, Mari, Alanis e Ray.<\/p>\n<p><div id=\"attachment_231895\" style=\"width: 1290px\" class=\"wp-caption alignleft\"><a href=\"https:\/\/jundiai.sp.gov.br\/noticias\/wp-content\/uploads\/sites\/32\/2019\/07\/futsal2.jpg\"><img loading=\"lazy\" decoding=\"async\" aria-describedby=\"caption-attachment-231895\" src=\"https:\/\/jundiai.sp.gov.br\/noticias\/wp-content\/uploads\/sites\/32\/2019\/07\/futsal2.jpg\" alt=\"\" width=\"1280\" height=\"853\" class=\"size-full wp-image-231895\" srcset=\"https:\/\/jundiai.sp.gov.br\/noticias\/wp-content\/uploads\/sites\/32\/2019\/07\/futsal2.jpg 1280w, https:\/\/jundiai.sp.gov.br\/noticias\/wp-content\/uploads\/sites\/32\/2019\/07\/futsal2-300x200.jpg 300w, https:\/\/jundiai.sp.gov.br\/noticias\/wp-content\/uploads\/sites\/32\/2019\/07\/futsal2-768x512.jpg 768w, https:\/\/jundiai.sp.gov.br\/noticias\/wp-content\/uploads\/sites\/32\/2019\/07\/futsal2-450x300.jpg 450w\" sizes=\"auto, (max-width: 1280px) 100vw, 1280px\" \/><\/a><p id=\"caption-attachment-231895\" class=\"wp-caption-text\">utsal masculino sub-20 de Jundia\u00ed est\u00e1 classificado para as semifinais<\/p><\/div><br \/>\nFutsal sub-20 \u2013 O futsal masculino sub-20 de Jundia\u00ed est\u00e1 classificado para as semifinais. Neste domingo, a equipe jundiaiense venceu Itapetininga por 2 a 0 pelas quartas de final. Os gols de Jundia\u00ed foram de Daniel e Gonzales. A disputa da semi ser\u00e1 nesta segunda-feira.<\/p>\n<p>Prova de resist\u00eancia \u2013 Em 96 km de corrida, em um circuito de 6 km, largaram 10 atletas por cidade, totalizando 130 atletas. Carlos Uch\u00f4a, de Jundia\u00ed, foi campe\u00e3o, e Bruno Savieto Calimani foi o 6\u00ba colocado. No feminino foram 48 km no mesmo circuito, e N\u00e1dia Mortoni foi a 6\u00aa colocada.<\/p>\n<p>Ciclismo \u2013 O atleta Guilherme de Jesus, do ciclismo do TIME Jundia\u00ed, conquistou s\u00e1bado o t\u00edtulo de campe\u00e3o brasileiro de BMX na categoria Cruiser, realizada em Paul\u00ednia. Al\u00e9m do t\u00edtulo brasileiro, os melhores atletas de cada categoria pontuam para o Ranking Nacional. Na Championship, os primeiros marcam pontos no Ranking Mundial classificat\u00f3rio para T\u00f3quio 2020, caso de Guilherme.<\/p>\n<p>Nata\u00e7\u00e3o \u2013 Marya Eduarda foi a campe\u00e3 nos 50 metros costas; Paula Chequer conquistou o Bronze nos 200 metros peito, e Matheus Orue tamb\u00e9m levou Bronze nos 200 metros peito.<\/p>\n<p>Basquete masculino \u2013 O TIME Jundia\u00ed venceu Avar\u00e9 por 144 a 36 na fase classificat\u00f3ria.<br \/>\n<div id=\"attachment_231896\" style=\"width: 460px\" class=\"wp-caption alignleft\"><a href=\"https:\/\/jundiai.sp.gov.br\/noticias\/wp-content\/uploads\/sites\/32\/2019\/07\/basquetejundiai.jpg\"><img loading=\"lazy\" decoding=\"async\" aria-describedby=\"caption-attachment-231896\" src=\"https:\/\/jundiai.sp.gov.br\/noticias\/wp-content\/uploads\/sites\/32\/2019\/07\/basquetejundiai.jpg\" alt=\"\" width=\"1280\" height=\"854\" class=\"size-full wp-image-231896\" srcset=\"https:\/\/jundiai.sp.gov.br\/noticias\/wp-content\/uploads\/sites\/32\/2019\/07\/basquetejundiai.jpg 1280w, https:\/\/jundiai.sp.gov.br\/noticias\/wp-content\/uploads\/sites\/32\/2019\/07\/basquetejundiai-300x200.jpg 300w, https:\/\/jundiai.sp.gov.br\/noticias\/wp-content\/uploads\/sites\/32\/2019\/07\/basquetejundiai-768x512.jpg 768w, https:\/\/jundiai.sp.gov.br\/noticias\/wp-content\/uploads\/sites\/32\/2019\/07\/basquetejundiai-450x300.jpg 450w\" sizes=\"auto, (max-width: 1280px) 100vw, 1280px\" \/><\/a><p id=\"caption-attachment-231896\" class=\"wp-caption-text\">Basquete masculino venceu Avar\u00e9 por 144 a 36 na fase classificat\u00f3ria<\/p><\/div><\/p>\n<p>Atletismo \u2013 Campe\u00e3o no Revezamento 4\u00d7100 livre masculino e no Revezamento 4x 100 livre feminino.<\/p>\n<p>Nata\u00e7\u00e3o \u2013 200 Medley masculino: Prata, com Guilherme Yukio, e Bronze, com Vagner da Silva J\u00fanior<\/p>\n<p>Damas \u2013 A equipe de damas misto sub-20 de Jundia\u00ed conquistou a medalha de Bronze ap\u00f3s vit\u00f3ria sobre Santana de Parna\u00edba por 8 a 2. O resultado do domingo significa a volta da modalidade ao p\u00f3dio da competi\u00e7\u00e3o, j\u00e1 que ficou ausente dos Regionais em 2017 e foi quarto colocado em 2018.<\/p>\n<p>T\u00eanis de campo \u2013 O T\u00eanis de Campo de Jundia\u00ed finalizou sua participa\u00e7\u00e3o com a Prata nos Jogos Regionais; em confronto disputad\u00edssimo contra Sorocaba, a equipe acabou sendo vencida por 2 a 1. Esse resultado garantiu participa\u00e7\u00e3o nos Jogos Abertos do Interior.<\/p>\n<p>Biribol \u2013 Na final, Jundia\u00ed perdeu para Sorocaba, ficando com a Prata.<\/p>\n<p>T\u00eanis de mesa \u2013 Finalizou em 3\u00b0 lugar no geral do Feminino e Masculino. A equipe masculina garantiu o Bronze vencendo a equipe de Cap\u00e3o Bonito. A feminina acabou derrotada pela equipe de Itapetininga, mas tamb\u00e9m garantiu o bronze.<\/p>\n<p>Os 63\u00ba Jogos Regionais em Sorocaba prosseguem at\u00e9 a pr\u00f3xima sexta, dia 12. As modalidades em disputa este ano somam 43 para o TIME Jundia\u00ed: Atletismo, Atletismo ACD, Badminton, Basquete, Biribol, Bocha, Capoeira, Ciclismo, Damas, Futebol, Futsal, Gin\u00e1stica Art\u00edstica, Gin\u00e1stica R\u00edtmica, Handebol, Jud\u00f4, Karat\u00ea, Nata\u00e7\u00e3o, Nata\u00e7\u00e3o ACD, Taekwondo, T\u00eanis, T\u00eanis de mesa, V\u00f4lei de praia, V\u00f4lei e Xadrez. A delega\u00e7\u00e3o de Jundia\u00ed conta com 437 atletas.<br \/>\n<strong><br \/>\nAssessoria de Imprensa<br \/>\nFotos: Fot\u00f3grafos PMJ<\/strong><\/p>\n","protected":false},"excerpt":{"rendered":"<p>Pelo segundo ano consecutivo, o v\u00f4lei feminino de Jundia\u00ed est\u00e1 na decis\u00e3o dos Jogos Regionais. A equipe jundiaiense venceu Itarar\u00e9 por 3 sets a 0, conquistando vaga na final, que ser\u00e1 nesta segunda-feira. \u201cNossa defesa e ataque funcionaram muito bem\u201d, afirmou Ademir Zamboni, comandante da equipe jundiaiense, que tem na competi\u00e7\u00e3o as atletas Bruna, Mait\u00ea, [&hellip;]<\/p>\n","protected":false},"author":31,"featured_media":0,"comment_status":"closed","ping_status":"closed","sticky":false,"template":"","format":"standard","meta":{"footnotes":""},"categories":[2],"tags":[35],"ods":[],"class_list":["post-231894","post","type-post","status-publish","format-standard","hentry","category-noticias","tag-esporte-e-lazer"],"_links":{"self":[{"href":"https:\/\/jundiai.sp.gov.br\/noticias\/wp-json\/wp\/v2\/posts\/231894","targetHints":{"allow":["GET"]}}],"collection":[{"href":"https:\/\/jundiai.sp.gov.br\/noticias\/wp-json\/wp\/v2\/posts"}],"about":[{"href":"https:\/\/jundiai.sp.gov.br\/noticias\/wp-json\/wp\/v2\/types\/post"}],"author":[{"embeddable":true,"href":"https:\/\/jundiai.sp.gov.br\/noticias\/wp-json\/wp\/v2\/users\/31"}],"replies":[{"embeddable":true,"href":"https:\/\/jundiai.sp.gov.br\/noticias\/wp-json\/wp\/v2\/comments?post=231894"}],"version-history":[{"count":1,"href":"https:\/\/jundiai.sp.gov.br\/noticias\/wp-json\/wp\/v2\/posts\/231894\/revisions"}],"predecessor-version":[{"id":231897,"href":"https:\/\/jundiai.sp.gov.br\/noticias\/wp-json\/wp\/v2\/posts\/231894\/revisions\/231897"}],"wp:attachment":[{"href":"https:\/\/jundiai.sp.gov.br\/noticias\/wp-json\/wp\/v2\/media?parent=231894"}],"wp:term":[{"taxonomy":"category","embeddable":true,"href":"https:\/\/jundiai.sp.gov.br\/noticias\/wp-json\/wp\/v2\/categories?post=231894"},{"taxonomy":"post_tag","embeddable":true,"href":"https:\/\/jundiai.sp.gov.br\/noticias\/wp-json\/wp\/v2\/tags?post=231894"},{"taxonomy":"ods","embeddable":true,"href":"https:\/\/jundiai.sp.gov.br\/noticias\/wp-json\/wp\/v2\/ods?post=231894"}],"curies":[{"name":"wp","href":"https:\/\/api.w.org\/{rel}","templated":true}]}}