{"id":231993,"date":"2019-07-10T18:24:34","date_gmt":"2019-07-10T21:24:34","guid":{"rendered":"https:\/\/jundiai.sp.gov.br\/noticias\/?p=231993"},"modified":"2019-07-10T18:24:34","modified_gmt":"2019-07-10T21:24:34","slug":"alunos-de-escolas-publicas-podem-participar-de-curso-sobre-audiovisual","status":"publish","type":"post","link":"https:\/\/jundiai.sp.gov.br\/noticias\/2019\/07\/10\/alunos-de-escolas-publicas-podem-participar-de-curso-sobre-audiovisual\/","title":{"rendered":"Alunos de escolas p\u00fablicas podem participar de curso sobre audiovisual"},"content":{"rendered":"<p>Est\u00e3o abertas at\u00e9 o dia 20 de julho as inscri\u00e7\u00f5es para o projeto \u201cC\u00e2mera na M\u00e3o\u201d, voltado a adolescentes entre 14 e 17 anos. O curso, gratuito, ser\u00e1 ministrado pela ONG jundiaiense Vidapontocom e foi selecionado pelo Proac- Programa de Incentivo \u00e0 Cultura do Estado de S\u00e3o Paulo. O objetivo \u00e9 ensinar jovens a trabalhar de forma profissional com t\u00e9cnicas audiovisuais. S\u00e3o 40 vagas no total e a prefer\u00eancia nas inscri\u00e7\u00f5es \u00e9 para adolescentes vindos de escolas p\u00fablicas e de fam\u00edlias carentes.<\/p>\n<div id=\"attachment_231994\" style=\"width: 970px\" class=\"wp-caption alignleft\"><a href=\"https:\/\/jundiai.sp.gov.br\/noticias\/wp-content\/uploads\/sites\/32\/2019\/07\/audiovisual.jpg\"><img loading=\"lazy\" decoding=\"async\" aria-describedby=\"caption-attachment-231994\" class=\"size-full wp-image-231994\" src=\"https:\/\/jundiai.sp.gov.br\/noticias\/wp-content\/uploads\/sites\/32\/2019\/07\/audiovisual.jpg\" alt=\"\" width=\"960\" height=\"638\" srcset=\"https:\/\/jundiai.sp.gov.br\/noticias\/wp-content\/uploads\/sites\/32\/2019\/07\/audiovisual.jpg 960w, https:\/\/jundiai.sp.gov.br\/noticias\/wp-content\/uploads\/sites\/32\/2019\/07\/audiovisual-300x199.jpg 300w, https:\/\/jundiai.sp.gov.br\/noticias\/wp-content\/uploads\/sites\/32\/2019\/07\/audiovisual-768x510.jpg 768w, https:\/\/jundiai.sp.gov.br\/noticias\/wp-content\/uploads\/sites\/32\/2019\/07\/audiovisual-450x300.jpg 450w\" sizes=\"auto, (max-width: 960px) 100vw, 960px\" \/><\/a><p id=\"caption-attachment-231994\" class=\"wp-caption-text\">Al\u00e9m da concep\u00e7\u00e3o de roteiro, grava\u00e7\u00e3o, edi\u00e7\u00e3o e dire\u00e7\u00e3o, os alunos tamb\u00e9m atuam nos curtas-metragens<\/p><\/div>\n<p>As aulas ser\u00e3o realizadas na Biblioteca Municipal Professor Nelson Foot a partir de 7 de agosto, \u00e0s quartas-feiras, das 14h \u00e0s 16h30. Al\u00e9m da concep\u00e7\u00e3o de roteiro, grava\u00e7\u00e3o, edi\u00e7\u00e3o e dire\u00e7\u00e3o, os alunos tamb\u00e9m atuam nos curtas-metragens, que ser\u00e3o, no final do curso, apresentados em uma mostra.<\/p>\n<p>Informa\u00e7\u00f5es e inscri\u00e7\u00f5es podem ser obtidas pelo tel. (11) 3964-7188 ou no e-mail <a href=\"mailto:cameranamao@vidapontocom.org.br\">cameranamao@vidapontocom.org.br<\/a><\/p>\n<p><strong>Assessoria de Imprensa<br \/>\nFotos: Fot\u00f3grafos PMJ<\/strong><\/p>\n","protected":false},"excerpt":{"rendered":"<p>Est\u00e3o abertas at\u00e9 o dia 20 de julho as inscri\u00e7\u00f5es para o projeto \u201cC\u00e2mera na M\u00e3o\u201d, voltado a adolescentes entre 14 e 17 anos. O curso, gratuito, ser\u00e1 ministrado pela ONG jundiaiense Vidapontocom e foi selecionado pelo Proac- Programa de Incentivo \u00e0 Cultura do Estado de S\u00e3o Paulo. O objetivo \u00e9 ensinar jovens a trabalhar [&hellip;]<\/p>\n","protected":false},"author":30,"featured_media":0,"comment_status":"closed","ping_status":"closed","sticky":false,"template":"","format":"standard","meta":{"footnotes":""},"categories":[2],"tags":[505,6],"ods":[],"class_list":["post-231993","post","type-post","status-publish","format-standard","hentry","category-noticias","tag-biblioteca-municipal-professor-nelson-foot","tag-educacao"],"_links":{"self":[{"href":"https:\/\/jundiai.sp.gov.br\/noticias\/wp-json\/wp\/v2\/posts\/231993","targetHints":{"allow":["GET"]}}],"collection":[{"href":"https:\/\/jundiai.sp.gov.br\/noticias\/wp-json\/wp\/v2\/posts"}],"about":[{"href":"https:\/\/jundiai.sp.gov.br\/noticias\/wp-json\/wp\/v2\/types\/post"}],"author":[{"embeddable":true,"href":"https:\/\/jundiai.sp.gov.br\/noticias\/wp-json\/wp\/v2\/users\/30"}],"replies":[{"embeddable":true,"href":"https:\/\/jundiai.sp.gov.br\/noticias\/wp-json\/wp\/v2\/comments?post=231993"}],"version-history":[{"count":1,"href":"https:\/\/jundiai.sp.gov.br\/noticias\/wp-json\/wp\/v2\/posts\/231993\/revisions"}],"predecessor-version":[{"id":231995,"href":"https:\/\/jundiai.sp.gov.br\/noticias\/wp-json\/wp\/v2\/posts\/231993\/revisions\/231995"}],"wp:attachment":[{"href":"https:\/\/jundiai.sp.gov.br\/noticias\/wp-json\/wp\/v2\/media?parent=231993"}],"wp:term":[{"taxonomy":"category","embeddable":true,"href":"https:\/\/jundiai.sp.gov.br\/noticias\/wp-json\/wp\/v2\/categories?post=231993"},{"taxonomy":"post_tag","embeddable":true,"href":"https:\/\/jundiai.sp.gov.br\/noticias\/wp-json\/wp\/v2\/tags?post=231993"},{"taxonomy":"ods","embeddable":true,"href":"https:\/\/jundiai.sp.gov.br\/noticias\/wp-json\/wp\/v2\/ods?post=231993"}],"curies":[{"name":"wp","href":"https:\/\/api.w.org\/{rel}","templated":true}]}}