{"id":232285,"date":"2019-07-22T18:21:07","date_gmt":"2019-07-22T21:21:07","guid":{"rendered":"https:\/\/jundiai.sp.gov.br\/noticias\/?p=232285"},"modified":"2019-07-30T18:14:11","modified_gmt":"2019-07-30T21:14:11","slug":"mes-do-patrimonio-traz-atividades-para-discutir-a-importancia-do-tema","status":"publish","type":"post","link":"https:\/\/jundiai.sp.gov.br\/noticias\/2019\/07\/22\/mes-do-patrimonio-traz-atividades-para-discutir-a-importancia-do-tema\/","title":{"rendered":"M\u00eas do Patrim\u00f4nio traz atividades para discutir a import\u00e2ncia do tema"},"content":{"rendered":"<p>O M\u00eas do Patrim\u00f4nio Hist\u00f3rico e Cultural traz ao longo de todo o m\u00eas de agosto uma programa\u00e7\u00e3o de atra\u00e7\u00f5es tem\u00e1ticas gratuitas em diversos locais e eventos da agenda cultural, a fim de discutir com a sociedade a import\u00e2ncia do assunto no Munic\u00edpio. Numa realiza\u00e7\u00e3o da Unidade de Gest\u00e3o de Cultura (UGC) por meio do Departamento de Patrim\u00f4nio Hist\u00f3rico, a programa\u00e7\u00e3o inicia-se logo no dia 01 de agosto, \u00e0s 19h, com abertura oficial no Teatro Polytheama (rua Bar\u00e3o de Jundia\u00ed, 176, Centro), num show com Luciana Mello e outros convidados. A distribui\u00e7\u00e3o gratuita dos ingressos come\u00e7a uma hora antes do espet\u00e1culo. A programa\u00e7\u00e3o completa pode ser consultada no site do <strong><a href=\"https:\/\/cultura.jundiai.sp.gov.br\/mesdopatrimonio\/\" target=\"_blank\" rel=\"noopener noreferrer\">M\u00eas do Patrim\u00f4nio<\/a><\/strong>.<\/p>\n<p>Dois grandes eventos do calend\u00e1rio municipal tamb\u00e9m abra\u00e7am a causa do M\u00eas do Patrim\u00f4nio e realizam edi\u00e7\u00f5es tem\u00e1ticas. S\u00e3o o Domingo no Parque do dia 04, das 9h \u00e0s 17h, no Parque Comendador Ant\u00f4nio Carbonari (Parque da Uva), que trar\u00e1 ainda as sa\u00eddas do programa Caminhos do Centro Hist\u00f3rico \u00e0s 10h30 e \u00e0s 14h30, e o Sexta no Centro do dia 09 na Pra\u00e7a Marechal Floriano Peixoto (Pra\u00e7a do Coreto), que come\u00e7a mais cedo, logo \u00e0s 16h, e segue at\u00e9 as 22h.<\/p>\n<div id=\"attachment_232286\" style=\"width: 1290px\" class=\"wp-caption alignleft\"><a href=\"https:\/\/jundiai.sp.gov.br\/noticias\/wp-content\/uploads\/sites\/32\/2019\/07\/caminhos_do_centro_historico.jpg\"><img loading=\"lazy\" decoding=\"async\" aria-describedby=\"caption-attachment-232286\" class=\"wp-image-232286 size-full\" src=\"https:\/\/jundiai.sp.gov.br\/noticias\/wp-content\/uploads\/sites\/32\/2019\/07\/caminhos_do_centro_historico.jpg\" alt=\"Foto do alto de galeria de museu com instala\u00e7\u00f5es de madeiras e pessoas durante visita\" width=\"1280\" height=\"853\" srcset=\"https:\/\/jundiai.sp.gov.br\/noticias\/wp-content\/uploads\/sites\/32\/2019\/07\/caminhos_do_centro_historico.jpg 1280w, https:\/\/jundiai.sp.gov.br\/noticias\/wp-content\/uploads\/sites\/32\/2019\/07\/caminhos_do_centro_historico-300x200.jpg 300w, https:\/\/jundiai.sp.gov.br\/noticias\/wp-content\/uploads\/sites\/32\/2019\/07\/caminhos_do_centro_historico-768x512.jpg 768w, https:\/\/jundiai.sp.gov.br\/noticias\/wp-content\/uploads\/sites\/32\/2019\/07\/caminhos_do_centro_historico-450x300.jpg 450w\" sizes=\"auto, (max-width: 1280px) 100vw, 1280px\" \/><\/a><p id=\"caption-attachment-232286\" class=\"wp-caption-text\">Programa\u00e7\u00e3o gratuita e tem\u00e1tica se estende ao longo de todo o m\u00eas de agosto<\/p><\/div>\n<p>Est\u00e3o tamb\u00e9m programadas uma atividade de limpeza e organiza\u00e7\u00e3o da \u201cEsta\u00e7\u00e3ozinha\u201d no s\u00e1bado (03); uma oficina de higieniza\u00e7\u00e3o de acervos no s\u00e1bado (03), \u00e0s 14h, no Centro de Mem\u00f3ria; uma oficina de Leitura de Manuscritos na segunda (05), \u00e0s 19h, tamb\u00e9m no Centro de Mem\u00f3ria; uma reuni\u00e3o ordin\u00e1ria do Conselho Municipal do Patrim\u00f4nio Cultural (Compac) especial para aprecia\u00e7\u00e3o de tombamentos na ter\u00e7a (06), \u00e0s 19h, no Solar do Bar\u00e3o; uma palestra sobre a import\u00e2ncia do centro de Mem\u00f3ria no s\u00e1bado (17), \u00e0s 10h, no Solar do Bar\u00e3o; uma roda de conversa com as Baianas do Acaraj\u00e9 na ter\u00e7a (20), \u00e0s 15h, na Pinacoteca; uma palestra sobre o papel da mulher nos primeiros anos do Munic\u00edpio na segunda (26), \u00e0s 19h, na Pinacoteca; e um col\u00f3quio sobre o Samba paulista na quinta-feira (29), \u00e0s 19h, na C\u00e2mara Municipal.<\/p>\n<p>Em parceria com a Fatec, ser\u00e1 tamb\u00e9m realizada a 7\u00aa edi\u00e7\u00e3o do Simp\u00f3sio sobre Patrim\u00f4nio Material e Imaterial. A programa\u00e7\u00e3o ser\u00e1 realizada no Complexo Fepasa entre a quinta (22) e o s\u00e1bado (24).<\/p>\n<p>Quem ainda abra\u00e7a a programa\u00e7\u00e3o \u00e9 o programa \u201cViagem Fant\u00e1stica pelo Teatro Polytheama\u201d, o tour encenado pelas depend\u00eancias do teatro na segunda-feira (26), \u00e0s 9h, 13h30 e 15h, com agendamento gratuito pelo telefone (11) 4586-2472.<\/p>\n<p><strong>Lan\u00e7amentos<\/strong><br \/>\nComo novidades, o M\u00eas do Patrim\u00f4nio trar\u00e1 nos dias 13, 14, 16, 20 e 21, \u00e0s 20h, o Cine Mem\u00f3ria, com as exibi\u00e7\u00f5es na Sala Cult do Shopping Paineiras das entrevistas concedidas ao programa \u201cE tamb\u00e9m por mim Jundia\u00ed se fez grande\u201d. J\u00e1 na quarta-feira (21), \u00e0s 15h, ser\u00e3o apresentadas as placas da terceira fase do programa \u201cRota Tur\u00edstica Centro Hist\u00f3rico\u201d, em uma reuni\u00e3o do Conselho Municipal de Turismo (Comtur) em local ainda a ser definido.<\/p>\n<p>Na quarta (28), \u00e0s 19h, ser\u00e1 o lan\u00e7amento do \u201cFeira nos Trilhos\u201d, programa que integrar\u00e1 as participa\u00e7\u00f5es das barracas permission\u00e1rios das feiras e varej\u00f5es municipais no Complexo Fepasa. J\u00e1 sexta-feira (30), \u00e0s 19h, \u00e9 a vez da implementa\u00e7\u00e3o da visita virtual pelo Patrim\u00f4nio 360 na Biblioteca Municipal Professor Nelson Foot, que fica no Complexo Argos.<\/p>\n<p>O encerramento do M\u00eas do Patrim\u00f4nio ser\u00e1 no dia 31 de agosto, \u00e0s 9h, com a Caminhada Tour Jundiahy, com roteiro pelas proximidades do Complexo Fepasa.<\/p>\n<p><strong>Assessoria de Imprensa<br \/>\nFoto: Arquivo PMJ<\/strong><\/p>\n","protected":false},"excerpt":{"rendered":"<p>O M\u00eas do Patrim\u00f4nio Hist\u00f3rico e Cultural traz ao longo de todo o m\u00eas de agosto uma programa\u00e7\u00e3o de atra\u00e7\u00f5es tem\u00e1ticas gratuitas em diversos locais e eventos da agenda cultural, a fim de discutir com a sociedade a import\u00e2ncia do assunto no Munic\u00edpio. Numa realiza\u00e7\u00e3o da Unidade de Gest\u00e3o de Cultura (UGC) por meio do [&hellip;]<\/p>\n","protected":false},"author":30,"featured_media":0,"comment_status":"closed","ping_status":"closed","sticky":false,"template":"","format":"standard","meta":{"footnotes":""},"categories":[2],"tags":[29,1097],"ods":[],"class_list":["post-232285","post","type-post","status-publish","format-standard","hentry","category-noticias","tag-cultura","tag-mes-do-patrimonio-historico-e-cultural"],"_links":{"self":[{"href":"https:\/\/jundiai.sp.gov.br\/noticias\/wp-json\/wp\/v2\/posts\/232285","targetHints":{"allow":["GET"]}}],"collection":[{"href":"https:\/\/jundiai.sp.gov.br\/noticias\/wp-json\/wp\/v2\/posts"}],"about":[{"href":"https:\/\/jundiai.sp.gov.br\/noticias\/wp-json\/wp\/v2\/types\/post"}],"author":[{"embeddable":true,"href":"https:\/\/jundiai.sp.gov.br\/noticias\/wp-json\/wp\/v2\/users\/30"}],"replies":[{"embeddable":true,"href":"https:\/\/jundiai.sp.gov.br\/noticias\/wp-json\/wp\/v2\/comments?post=232285"}],"version-history":[{"count":5,"href":"https:\/\/jundiai.sp.gov.br\/noticias\/wp-json\/wp\/v2\/posts\/232285\/revisions"}],"predecessor-version":[{"id":232556,"href":"https:\/\/jundiai.sp.gov.br\/noticias\/wp-json\/wp\/v2\/posts\/232285\/revisions\/232556"}],"wp:attachment":[{"href":"https:\/\/jundiai.sp.gov.br\/noticias\/wp-json\/wp\/v2\/media?parent=232285"}],"wp:term":[{"taxonomy":"category","embeddable":true,"href":"https:\/\/jundiai.sp.gov.br\/noticias\/wp-json\/wp\/v2\/categories?post=232285"},{"taxonomy":"post_tag","embeddable":true,"href":"https:\/\/jundiai.sp.gov.br\/noticias\/wp-json\/wp\/v2\/tags?post=232285"},{"taxonomy":"ods","embeddable":true,"href":"https:\/\/jundiai.sp.gov.br\/noticias\/wp-json\/wp\/v2\/ods?post=232285"}],"curies":[{"name":"wp","href":"https:\/\/api.w.org\/{rel}","templated":true}]}}