{"id":232325,"date":"2019-07-23T17:46:56","date_gmt":"2019-07-23T20:46:56","guid":{"rendered":"https:\/\/jundiai.sp.gov.br\/noticias\/?p=232325"},"modified":"2019-07-23T17:46:56","modified_gmt":"2019-07-23T20:46:56","slug":"cultura-nos-parques-leva-shows-musicais-e-contacao-de-historias-ao-parque-da-cidade","status":"publish","type":"post","link":"https:\/\/jundiai.sp.gov.br\/noticias\/2019\/07\/23\/cultura-nos-parques-leva-shows-musicais-e-contacao-de-historias-ao-parque-da-cidade\/","title":{"rendered":"Cultura nos Parques leva shows musicais e conta\u00e7\u00e3o de hist\u00f3rias ao Parque da Cidade"},"content":{"rendered":"<p>O Cultura nos Parques chega com mais uma edi\u00e7\u00e3o neste domingo (28) como op\u00e7\u00e3o cultural gratuita para as fam\u00edlias no Parque da Cidade. O evento traz, a partir das 10h, shows musicais, interven\u00e7\u00f5es art\u00edsticas e conta\u00e7\u00e3o de hist\u00f3rias em \u00e1rea pr\u00f3xima ao parquinho da entrada do estacionamento principal do parque.<\/p>\n<div id=\"attachment_232326\" style=\"width: 1290px\" class=\"wp-caption alignleft\"><a href=\"https:\/\/jundiai.sp.gov.br\/noticias\/wp-content\/uploads\/sites\/32\/2019\/07\/cultura-nos-parques_parque-da-cidade_c_-19.jpg\"><img loading=\"lazy\" decoding=\"async\" aria-describedby=\"caption-attachment-232326\" class=\"size-full wp-image-232326\" src=\"https:\/\/jundiai.sp.gov.br\/noticias\/wp-content\/uploads\/sites\/32\/2019\/07\/cultura-nos-parques_parque-da-cidade_c_-19.jpg\" alt=\"Crian\u00e7as em brincadeira com bola de pingue pongue em gramado do parque, com monitores\" width=\"1280\" height=\"853\" srcset=\"https:\/\/jundiai.sp.gov.br\/noticias\/wp-content\/uploads\/sites\/32\/2019\/07\/cultura-nos-parques_parque-da-cidade_c_-19.jpg 1280w, https:\/\/jundiai.sp.gov.br\/noticias\/wp-content\/uploads\/sites\/32\/2019\/07\/cultura-nos-parques_parque-da-cidade_c_-19-300x200.jpg 300w, https:\/\/jundiai.sp.gov.br\/noticias\/wp-content\/uploads\/sites\/32\/2019\/07\/cultura-nos-parques_parque-da-cidade_c_-19-768x512.jpg 768w, https:\/\/jundiai.sp.gov.br\/noticias\/wp-content\/uploads\/sites\/32\/2019\/07\/cultura-nos-parques_parque-da-cidade_c_-19-450x300.jpg 450w\" sizes=\"auto, (max-width: 1280px) 100vw, 1280px\" \/><\/a><p id=\"caption-attachment-232326\" class=\"wp-caption-text\">Atra\u00e7\u00f5es estar\u00e3o concentradas em \u00e1rea pr\u00f3xima ao parquinho da entrada principal<\/p><\/div>\n<p>As atra\u00e7\u00f5es come\u00e7am \u00e0s 10h, com a interven\u00e7\u00e3o art\u00edstica e conta\u00e7\u00e3o de hist\u00f3ria da Cia. Giro no Biombo, que traz a pe\u00e7a \u201cUm Quarto de Hist\u00f3rias\u201d, que conta a hist\u00f3ria de tr\u00eas irm\u00e3s que v\u00e3o passar as f\u00e9rias na casa da av\u00f3 e descobrem que hist\u00f3rias podem ser encontradas em qualquer lugar, aprendendo a import\u00e2ncia da verdade e do respeito com as pessoas, com o meio ambiente e com as diferen\u00e7as. A Cia. volta a se apresentar na parte da tarde, \u00e0s 14h.<\/p>\n<p>A partir das 11h30, \u00e9 a vez de Martina Marana subir ao palco com seu show \u201cEu toco mal\u201d, cujo repert\u00f3rio cerceia, em sua maior parte, o tema do machismo na \u00e1rea art\u00edstica e na sociedade, com composi\u00e7\u00f5es que valorizam a riqueza da m\u00fasica popular brasileira, atrav\u00e9s da influ\u00eancia de m\u00fasicos consagrados como Milton Nascimento, Jo\u00e3o Bosco, Fil\u00f3 Machado, Joyce e Djavan.<\/p>\n<p>O encerramento das atra\u00e7\u00f5es fica por conta de Fabio Porte, que traz em seu show \u201cVioleirando\u201d uma homenagem aos quatro cantos do pa\u00eds, mostrando um pouco da hist\u00f3ria e cultura de cada regi\u00e3o atrav\u00e9s da viola caipira, instrumento que teve grande influ\u00eancia europeia. A apresenta\u00e7\u00e3o ter\u00e1 como tema a sustentabilidade, apoia a preserva\u00e7\u00e3o e protesta contra a explora\u00e7\u00e3o desmedida da madeira.<\/p>\n<div id=\"attachment_232328\" style=\"width: 1290px\" class=\"wp-caption alignleft\"><a href=\"https:\/\/jundiai.sp.gov.br\/noticias\/wp-content\/uploads\/sites\/32\/2019\/07\/contacao-de-historias-7.jpg\"><img loading=\"lazy\" decoding=\"async\" aria-describedby=\"caption-attachment-232328\" class=\"size-full wp-image-232328\" src=\"https:\/\/jundiai.sp.gov.br\/noticias\/wp-content\/uploads\/sites\/32\/2019\/07\/contacao-de-historias-7.jpg\" alt=\"Tr\u00eas mulheres, com fantasias e vestidos infantis, em foto posada, com cortina de teatro ao fundo\" width=\"1280\" height=\"853\" srcset=\"https:\/\/jundiai.sp.gov.br\/noticias\/wp-content\/uploads\/sites\/32\/2019\/07\/contacao-de-historias-7.jpg 1280w, https:\/\/jundiai.sp.gov.br\/noticias\/wp-content\/uploads\/sites\/32\/2019\/07\/contacao-de-historias-7-300x200.jpg 300w, https:\/\/jundiai.sp.gov.br\/noticias\/wp-content\/uploads\/sites\/32\/2019\/07\/contacao-de-historias-7-768x512.jpg 768w, https:\/\/jundiai.sp.gov.br\/noticias\/wp-content\/uploads\/sites\/32\/2019\/07\/contacao-de-historias-7-450x300.jpg 450w\" sizes=\"auto, (max-width: 1280px) 100vw, 1280px\" \/><\/a><p id=\"caption-attachment-232328\" class=\"wp-caption-text\">\u201cUm Quarto de Hist\u00f3rias\u201d, com apresenta\u00e7\u00f5es \u00e0s 10h e \u00e0s 14h, trata import\u00e2ncia da verdade e do respeito<\/p><\/div>\n<p>O Parque da Cidade fica na rodovia Jo\u00e3o Cereser, quilometro 66, bairro do Pinheirinho, e fica aberto das 6h30 \u00e0s 19h, com entrada permitida at\u00e9 as 18h. Quem quiser pedalar pelo parque, o aluguel de bicicletas do Programa de Esportes e Atividades Motoras Adaptadas (Peama) funciona das 9h \u00e0s 16h45.<\/p>\n<p><strong>Assessoria de Imprensa<br \/>\nFotos: Arquivo PMJ e Divulga\u00e7\u00e3o<\/strong><\/p>\n","protected":false},"excerpt":{"rendered":"<p>O Cultura nos Parques chega com mais uma edi\u00e7\u00e3o neste domingo (28) como op\u00e7\u00e3o cultural gratuita para as fam\u00edlias no Parque da Cidade. O evento traz, a partir das 10h, shows musicais, interven\u00e7\u00f5es art\u00edsticas e conta\u00e7\u00e3o de hist\u00f3rias em \u00e1rea pr\u00f3xima ao parquinho da entrada do estacionamento principal do parque. As atra\u00e7\u00f5es come\u00e7am \u00e0s 10h, [&hellip;]<\/p>\n","protected":false},"author":30,"featured_media":0,"comment_status":"closed","ping_status":"closed","sticky":false,"template":"","format":"standard","meta":{"footnotes":""},"categories":[2],"tags":[29,66,47],"ods":[],"class_list":["post-232325","post","type-post","status-publish","format-standard","hentry","category-noticias","tag-cultura","tag-dae","tag-parque-da-cidade"],"_links":{"self":[{"href":"https:\/\/jundiai.sp.gov.br\/noticias\/wp-json\/wp\/v2\/posts\/232325","targetHints":{"allow":["GET"]}}],"collection":[{"href":"https:\/\/jundiai.sp.gov.br\/noticias\/wp-json\/wp\/v2\/posts"}],"about":[{"href":"https:\/\/jundiai.sp.gov.br\/noticias\/wp-json\/wp\/v2\/types\/post"}],"author":[{"embeddable":true,"href":"https:\/\/jundiai.sp.gov.br\/noticias\/wp-json\/wp\/v2\/users\/30"}],"replies":[{"embeddable":true,"href":"https:\/\/jundiai.sp.gov.br\/noticias\/wp-json\/wp\/v2\/comments?post=232325"}],"version-history":[{"count":2,"href":"https:\/\/jundiai.sp.gov.br\/noticias\/wp-json\/wp\/v2\/posts\/232325\/revisions"}],"predecessor-version":[{"id":232329,"href":"https:\/\/jundiai.sp.gov.br\/noticias\/wp-json\/wp\/v2\/posts\/232325\/revisions\/232329"}],"wp:attachment":[{"href":"https:\/\/jundiai.sp.gov.br\/noticias\/wp-json\/wp\/v2\/media?parent=232325"}],"wp:term":[{"taxonomy":"category","embeddable":true,"href":"https:\/\/jundiai.sp.gov.br\/noticias\/wp-json\/wp\/v2\/categories?post=232325"},{"taxonomy":"post_tag","embeddable":true,"href":"https:\/\/jundiai.sp.gov.br\/noticias\/wp-json\/wp\/v2\/tags?post=232325"},{"taxonomy":"ods","embeddable":true,"href":"https:\/\/jundiai.sp.gov.br\/noticias\/wp-json\/wp\/v2\/ods?post=232325"}],"curies":[{"name":"wp","href":"https:\/\/api.w.org\/{rel}","templated":true}]}}