{"id":232406,"date":"2019-07-25T18:28:38","date_gmt":"2019-07-25T21:28:38","guid":{"rendered":"https:\/\/jundiai.sp.gov.br\/noticias\/?p=232406"},"modified":"2019-07-26T10:54:55","modified_gmt":"2019-07-26T13:54:55","slug":"contra-a-raiva-jundiai-mantem-vacinacao-com-agendamento","status":"publish","type":"post","link":"https:\/\/jundiai.sp.gov.br\/noticias\/2019\/07\/25\/contra-a-raiva-jundiai-mantem-vacinacao-com-agendamento\/","title":{"rendered":"Contra a Raiva: Jundia\u00ed mant\u00e9m vacina\u00e7\u00e3o com agendamento"},"content":{"rendered":"<p>Com a n\u00e3o entrega das doses de vacina contra raiva pelo Minist\u00e9rio da Sa\u00fade (MS), Jundia\u00ed adotou modelo de agendamento para ofertar as doses remanescentes em estoque da Unidade de Vigil\u00e2ncia de Zoonoses (UVZ) e garantir o total uso do imunobiol\u00f3gico recebido para atendimento de rotina. O agendamento foi iniciado no dia 23. Para registrar a solicita\u00e7\u00e3o para a imuniza\u00e7\u00e3o do c\u00e3o ou gato de estima\u00e7\u00e3o, basta ligar para o telefone (11) 4521-0660 e se informar sobre o dia e o hor\u00e1rio que dever\u00e1 comparecer ao equipamento para a imuniza\u00e7\u00e3o. Esta n\u00e3o \u00e9 a primeira vez que o governo federal n\u00e3o entrega a dose contra raiva.<\/p>\n<p>Segundo o gerente da UVZ, Carlos Ozahata, a medida tem por objetivo eliminar perdas e otimizar o uso da vacina. \u201cCada frasco de vacina contra raiva tem 25 doses e, ap\u00f3s aberto, deve ser utilizado em at\u00e9 tr\u00eas dias. O formato de agendamento \u00e9 feito para garantir o uso completo do frasco. Essas s\u00e3o doses que a cidade recebe para atendimentos de rotina, n\u00e3o tendo rela\u00e7\u00e3o com a campanha. A organiza\u00e7\u00e3o do agendamento \u00e9 o modelo mais eficiente de garantir o uso das cerca de 1 mil doses dispon\u00edveis\u201d, explica.<\/p>\n<div id=\"attachment_232409\" style=\"width: 591px\" class=\"wp-caption alignleft\"><a href=\"https:\/\/jundiai.sp.gov.br\/noticias\/wp-content\/uploads\/sites\/32\/2019\/07\/vacinacao-raiva-40-1.jpg\"><img loading=\"lazy\" decoding=\"async\" aria-describedby=\"caption-attachment-232409\" class=\"wp-image-232409\" src=\"https:\/\/jundiai.sp.gov.br\/noticias\/wp-content\/uploads\/sites\/32\/2019\/07\/vacinacao-raiva-40-1.jpg\" alt=\"\" width=\"581\" height=\"402\" srcset=\"https:\/\/jundiai.sp.gov.br\/noticias\/wp-content\/uploads\/sites\/32\/2019\/07\/vacinacao-raiva-40-1.jpg 781w, https:\/\/jundiai.sp.gov.br\/noticias\/wp-content\/uploads\/sites\/32\/2019\/07\/vacinacao-raiva-40-1-300x207.jpg 300w, https:\/\/jundiai.sp.gov.br\/noticias\/wp-content\/uploads\/sites\/32\/2019\/07\/vacinacao-raiva-40-1-768x531.jpg 768w\" sizes=\"auto, (max-width: 581px) 100vw, 581px\" \/><\/a><p id=\"caption-attachment-232409\" class=\"wp-caption-text\">Cada frasco de vacina contra raiva conta com 25 doses; ap\u00f3s aberto, durabilidade \u00e9 de tr\u00eas diaspromo<\/p><\/div>\n<p>O gerente lembra que a medida \u00e9 embasada na preocupa\u00e7\u00e3o com a circula\u00e7\u00e3o do v\u00edrus da raiva na regi\u00e3o. Neste ano foram localizados 5 morcegos positivos para a doen\u00e7a na cidade. \u201cA vacina\u00e7\u00e3o deve ser feita anualmente em c\u00e3es e gatos, que s\u00e3o os animais mais pr\u00f3ximos das pessoas e que podem transmitir a doen\u00e7a. Por isso Jundia\u00ed toma a medida de otimizar o uso do estoque local. Esta n\u00e3o \u00e9 a primeira vez que a dose n\u00e3o \u00e9 entregue para as cidades. Entre os anos de 2010, 2011 e 2015 tamb\u00e9m houve cancelamento da oferta da dose pelo governo federal\u201d, argumenta.<\/p>\n<p>Os propriet\u00e1rios de c\u00e3es e gatos interessados em vacinar os animais contra a doen\u00e7a devem entrar em contato com a UVZ, pelo telefone 4521-0660. O equipamento p\u00fablico est\u00e1 localizado na rua dos Bandeirantes, 375.<\/p>\n<p><strong>Assessoria de Imprensa<\/strong><br \/>\n<strong>Fotos: Fot\u00f3grafos PMJ<\/strong><\/p>\n","protected":false},"excerpt":{"rendered":"<p>Com a n\u00e3o entrega das doses de vacina contra raiva pelo Minist\u00e9rio da Sa\u00fade (MS), Jundia\u00ed adotou modelo de agendamento para ofertar as doses remanescentes em estoque da Unidade de Vigil\u00e2ncia de Zoonoses (UVZ) e garantir o total uso do imunobiol\u00f3gico recebido para atendimento de rotina. O agendamento foi iniciado no dia 23. Para registrar [&hellip;]<\/p>\n","protected":false},"author":30,"featured_media":232407,"comment_status":"closed","ping_status":"closed","sticky":false,"template":"","format":"standard","meta":{"footnotes":""},"categories":[2],"tags":[981,362],"ods":[],"class_list":["post-232406","post","type-post","status-publish","format-standard","has-post-thumbnail","hentry","category-noticias","tag-promocao-da-saude","tag-unidade-de-vigilancia-de-zoonoses"],"_links":{"self":[{"href":"https:\/\/jundiai.sp.gov.br\/noticias\/wp-json\/wp\/v2\/posts\/232406","targetHints":{"allow":["GET"]}}],"collection":[{"href":"https:\/\/jundiai.sp.gov.br\/noticias\/wp-json\/wp\/v2\/posts"}],"about":[{"href":"https:\/\/jundiai.sp.gov.br\/noticias\/wp-json\/wp\/v2\/types\/post"}],"author":[{"embeddable":true,"href":"https:\/\/jundiai.sp.gov.br\/noticias\/wp-json\/wp\/v2\/users\/30"}],"replies":[{"embeddable":true,"href":"https:\/\/jundiai.sp.gov.br\/noticias\/wp-json\/wp\/v2\/comments?post=232406"}],"version-history":[{"count":4,"href":"https:\/\/jundiai.sp.gov.br\/noticias\/wp-json\/wp\/v2\/posts\/232406\/revisions"}],"predecessor-version":[{"id":232416,"href":"https:\/\/jundiai.sp.gov.br\/noticias\/wp-json\/wp\/v2\/posts\/232406\/revisions\/232416"}],"wp:featuredmedia":[{"embeddable":true,"href":"https:\/\/jundiai.sp.gov.br\/noticias\/wp-json\/wp\/v2\/media\/232407"}],"wp:attachment":[{"href":"https:\/\/jundiai.sp.gov.br\/noticias\/wp-json\/wp\/v2\/media?parent=232406"}],"wp:term":[{"taxonomy":"category","embeddable":true,"href":"https:\/\/jundiai.sp.gov.br\/noticias\/wp-json\/wp\/v2\/categories?post=232406"},{"taxonomy":"post_tag","embeddable":true,"href":"https:\/\/jundiai.sp.gov.br\/noticias\/wp-json\/wp\/v2\/tags?post=232406"},{"taxonomy":"ods","embeddable":true,"href":"https:\/\/jundiai.sp.gov.br\/noticias\/wp-json\/wp\/v2\/ods?post=232406"}],"curies":[{"name":"wp","href":"https:\/\/api.w.org\/{rel}","templated":true}]}}