{"id":232640,"date":"2019-08-02T08:11:29","date_gmt":"2019-08-02T11:11:29","guid":{"rendered":"https:\/\/jundiai.sp.gov.br\/noticias\/?p=232640"},"modified":"2019-08-02T12:32:07","modified_gmt":"2019-08-02T15:32:07","slug":"prefeitura-credencia-uber-para-operar-em-jundiai","status":"publish","type":"post","link":"https:\/\/jundiai.sp.gov.br\/noticias\/2019\/08\/02\/prefeitura-credencia-uber-para-operar-em-jundiai\/","title":{"rendered":"Prefeitura credencia Uber para operar em Jundia\u00ed"},"content":{"rendered":"<p>A partir desta sexta-feira (02), a Uber do Brasil\u00a0 e a Five passam a ter autoriza\u00e7\u00e3o para operar de forma regulamentada em Jundia\u00ed. Agora, quatro empresas est\u00e3o autorizadas a atuar como Operadoras de Tecnologia de Transporte no Munic\u00edpio: Uber, 99, Five e Number. Os resultados dos pedidos de credenciamento das empresas foram publicados na <a href=\"https:\/\/imprensaoficial.jundiai.sp.gov.br\/edicao-4591\/\" target=\"_blank\" rel=\"noopener noreferrer\">Imprensa Oficial de hoje, edi\u00e7\u00e3o 4591<\/a>.<\/p>\n<p>A Unidade de Gest\u00e3o de Mobilidade e Transporte (UGMT) esclarece que a atividade de transporte de passageiros por aplicativo \u00e9 regulamentada em Jundia\u00ed pelos decretos 27.282 e 27.436, publicados em janeiro e abril de 2018, respectivamente. As legisla\u00e7\u00f5es disciplinam o uso intensivo do vi\u00e1rio urbano de Jundia\u00ed para a explora\u00e7\u00e3o do transporte individual remunerado de passageiros.<\/p>\n<p><img loading=\"lazy\" decoding=\"async\" class=\"size-full wp-image-232641\" src=\"https:\/\/jundiai.sp.gov.br\/noticias\/wp-content\/uploads\/sites\/32\/2019\/08\/geraldo_dias-100_.jpg\" alt=\"Credenciamento de aplicativo\" width=\"1280\" height=\"853\" srcset=\"https:\/\/jundiai.sp.gov.br\/noticias\/wp-content\/uploads\/sites\/32\/2019\/08\/geraldo_dias-100_.jpg 1280w, https:\/\/jundiai.sp.gov.br\/noticias\/wp-content\/uploads\/sites\/32\/2019\/08\/geraldo_dias-100_-300x200.jpg 300w, https:\/\/jundiai.sp.gov.br\/noticias\/wp-content\/uploads\/sites\/32\/2019\/08\/geraldo_dias-100_-768x512.jpg 768w, https:\/\/jundiai.sp.gov.br\/noticias\/wp-content\/uploads\/sites\/32\/2019\/08\/geraldo_dias-100_-450x300.jpg 450w\" sizes=\"auto, (max-width: 1280px) 100vw, 1280px\" \/><\/p>\n<p>A partir desta sexta-feira (2), quatro empresas de transporte por aplicativo podem operar legalmente em Jundia\u00ed.<\/p>\n<p>Os decretos mencionados est\u00e3o em conformidade com a Lei Federal 13.460, que serviu como base para a regulamenta\u00e7\u00e3o dos servi\u00e7os em v\u00e1rias capitais brasileiras, como \u00e9 o caso de S\u00e3o Paulo (SP), Vit\u00f3ria (ES) e Curitiba (PR), al\u00e9m de cidades como Sorocaba, S\u00e3o Jos\u00e9 dos Campos, Rio Preto e Campinas.<\/p>\n<p>Durante reuni\u00e3o na quinta-feira (01), o gestor da UGMT, Silvestre Ribeiro, informou a um grupo de cerca de 20 motoristas de transporte por aplicativo que, ainda este m\u00eas, ser\u00e1 publicado um novo decreto ampliando de 5 para 8 anos a idade m\u00ednima do ve\u00edculo a ser utilizados pelos profissionais. \u00c9 importante ressaltar que os motoristas tamb\u00e9m devem atender \u00e0s exig\u00eancias cadastrais constantes nos decretos citados.<\/p>\n<p><strong>Assessoria de Imprensa<\/strong><br \/>\n<strong>Fotos: Fot\u00f3grafos PMJ<\/strong><\/p>\n","protected":false},"excerpt":{"rendered":"<p>A partir desta sexta-feira (02), a Uber do Brasil\u00a0 e a Five passam a ter autoriza\u00e7\u00e3o para operar de forma regulamentada em Jundia\u00ed. Agora, quatro empresas est\u00e3o autorizadas a atuar como Operadoras de Tecnologia de Transporte no Munic\u00edpio: Uber, 99, Five e Number. Os resultados dos pedidos de credenciamento das empresas foram publicados na Imprensa [&hellip;]<\/p>\n","protected":false},"author":39,"featured_media":232641,"comment_status":"closed","ping_status":"closed","sticky":false,"template":"","format":"standard","meta":{"footnotes":""},"categories":[2],"tags":[982],"ods":[],"class_list":["post-232640","post","type-post","status-publish","format-standard","has-post-thumbnail","hentry","category-noticias","tag-mobilidade-e-transporte"],"_links":{"self":[{"href":"https:\/\/jundiai.sp.gov.br\/noticias\/wp-json\/wp\/v2\/posts\/232640","targetHints":{"allow":["GET"]}}],"collection":[{"href":"https:\/\/jundiai.sp.gov.br\/noticias\/wp-json\/wp\/v2\/posts"}],"about":[{"href":"https:\/\/jundiai.sp.gov.br\/noticias\/wp-json\/wp\/v2\/types\/post"}],"author":[{"embeddable":true,"href":"https:\/\/jundiai.sp.gov.br\/noticias\/wp-json\/wp\/v2\/users\/39"}],"replies":[{"embeddable":true,"href":"https:\/\/jundiai.sp.gov.br\/noticias\/wp-json\/wp\/v2\/comments?post=232640"}],"version-history":[{"count":6,"href":"https:\/\/jundiai.sp.gov.br\/noticias\/wp-json\/wp\/v2\/posts\/232640\/revisions"}],"predecessor-version":[{"id":232656,"href":"https:\/\/jundiai.sp.gov.br\/noticias\/wp-json\/wp\/v2\/posts\/232640\/revisions\/232656"}],"wp:featuredmedia":[{"embeddable":true,"href":"https:\/\/jundiai.sp.gov.br\/noticias\/wp-json\/wp\/v2\/media\/232641"}],"wp:attachment":[{"href":"https:\/\/jundiai.sp.gov.br\/noticias\/wp-json\/wp\/v2\/media?parent=232640"}],"wp:term":[{"taxonomy":"category","embeddable":true,"href":"https:\/\/jundiai.sp.gov.br\/noticias\/wp-json\/wp\/v2\/categories?post=232640"},{"taxonomy":"post_tag","embeddable":true,"href":"https:\/\/jundiai.sp.gov.br\/noticias\/wp-json\/wp\/v2\/tags?post=232640"},{"taxonomy":"ods","embeddable":true,"href":"https:\/\/jundiai.sp.gov.br\/noticias\/wp-json\/wp\/v2\/ods?post=232640"}],"curies":[{"name":"wp","href":"https:\/\/api.w.org\/{rel}","templated":true}]}}