{"id":232647,"date":"2019-08-02T12:26:35","date_gmt":"2019-08-02T15:26:35","guid":{"rendered":"https:\/\/jundiai.sp.gov.br\/noticias\/?p=232647"},"modified":"2019-08-02T12:26:35","modified_gmt":"2019-08-02T15:26:35","slug":"dicas-de-seguranca-da-guarda-municipal-orienta-sobre-o-perigo-dos-baloes","status":"publish","type":"post","link":"https:\/\/jundiai.sp.gov.br\/noticias\/2019\/08\/02\/dicas-de-seguranca-da-guarda-municipal-orienta-sobre-o-perigo-dos-baloes\/","title":{"rendered":"\u201cDicas de Seguran\u00e7a\u201d da Guarda Municipal orienta sobre o perigo dos bal\u00f5es"},"content":{"rendered":"<p>O terceiro v\u00eddeo da s\u00e9rie produzido com a participa\u00e7\u00e3o da Guarda Municipal de Jundia\u00ed (GMJ) em parceria com a Funda\u00e7\u00e3o Televis\u00e3o Educativa de Jundia\u00ed (FTVEJ) \u2013 a TVTEC, estar\u00e1 dispon\u00edvel a partir desta sexta-feira (02), nas redes sociais da emissora \u2013 tamb\u00e9m far\u00e1 parte da sua grade de programa\u00e7\u00e3o \u2013 e Prefeitura de Jundia\u00ed. O objetivo da proposta \u00e9 orientar as pessoas para o dia a dia, a import\u00e2ncia e necessidade da preven\u00e7\u00e3o em situa\u00e7\u00f5es inesperadas ou mesmo que possam acarretar riscos: os guardas municipais s\u00e3o os principais multiplicadores das informa\u00e7\u00f5es que s\u00e3o transmitidas para crian\u00e7as, jovens e adultos.<\/p>\n<p>Ao todo, a s\u00e9rie \u00e9 composta por nove v\u00eddeos diferentes, coordenados pela superintendente da TVTEC, M\u00f4nica Gropelo, e a diretora de Produ\u00e7\u00e3o e Multim\u00eddia, Ana Paula Klinke. S\u00e3o v\u00eddeos curtos, com dura\u00e7\u00e3o de aproximadamente um minuto, todos com tradu\u00e7\u00e3o em Libras \u2013 a L\u00edngua Brasileira de Sinais, que para a produ\u00e7\u00e3o contaram com a orienta\u00e7\u00e3o da GM Melo, docente do Centro de Instru\u00e7\u00e3o e Forma\u00e7\u00e3o (CIF) da Guarda Municipal, tamb\u00e9m com a participa\u00e7\u00e3o das GMs Arenhardt, Jaila, e o GM Elielton.<\/p>\n<p>A s\u00e9rie teve in\u00edcio no s\u00e1bado (20), abordando um tema que muito preocupa durante o ano todo, mas principalmente em \u00e9poca de estiagem: as queimadas. J\u00e1 o segundo v\u00eddeo foi ao ar na ter\u00e7a-feira (23), dando orienta\u00e7\u00f5es sobre a volta \u00e0s aulas, principalmente direcionado aos pais e\/ou respons\u00e1veis pelas crian\u00e7as.<\/p>\n<div id=\"attachment_232648\" style=\"width: 1290px\" class=\"wp-caption alignleft\"><a href=\"https:\/\/jundiai.sp.gov.br\/noticias\/wp-content\/uploads\/sites\/32\/2019\/08\/dicas-de-seguranca-baloes-julho-2019.jpg\"><img loading=\"lazy\" decoding=\"async\" aria-describedby=\"caption-attachment-232648\" class=\"size-full wp-image-232648\" src=\"https:\/\/jundiai.sp.gov.br\/noticias\/wp-content\/uploads\/sites\/32\/2019\/08\/dicas-de-seguranca-baloes-julho-2019.jpg\" alt=\"Guardas seguram cordas de bal\u00e3o\" width=\"1280\" height=\"1069\" srcset=\"https:\/\/jundiai.sp.gov.br\/noticias\/wp-content\/uploads\/sites\/32\/2019\/08\/dicas-de-seguranca-baloes-julho-2019.jpg 1280w, https:\/\/jundiai.sp.gov.br\/noticias\/wp-content\/uploads\/sites\/32\/2019\/08\/dicas-de-seguranca-baloes-julho-2019-300x251.jpg 300w, https:\/\/jundiai.sp.gov.br\/noticias\/wp-content\/uploads\/sites\/32\/2019\/08\/dicas-de-seguranca-baloes-julho-2019-768x641.jpg 768w, https:\/\/jundiai.sp.gov.br\/noticias\/wp-content\/uploads\/sites\/32\/2019\/08\/dicas-de-seguranca-baloes-julho-2019-1149x960.jpg 1149w\" sizes=\"auto, (max-width: 1280px) 100vw, 1280px\" \/><\/a><p id=\"caption-attachment-232648\" class=\"wp-caption-text\">Soltar bal\u00e3o \u00e9 crime e coloca em risco o c\u00e9u e a terra: a Guarda Municipal est\u00e1 atenta<\/p><\/div>\n<p>\u201cA Guarda Municipal de Jundia\u00ed realiza diariamente um s\u00e9rio trabalho junto \u00e0 popula\u00e7\u00e3o, o compromisso em atender com muita aten\u00e7\u00e3o e respeito as suas necessidades e defici\u00eancias especiais: aqui, em especial, os surdos. Inserir o aprendizado em Libras para a capacita\u00e7\u00e3o dos guardas municipais torna-se um importante diferencial; mobilizando-se cada vez mais para que a comunica\u00e7\u00e3o se torne pontual. Elaborar v\u00eddeos sobre assuntos do cotidiano, com o melhor em orienta\u00e7\u00e3o, representa mais um grande avan\u00e7o no trabalho comunit\u00e1rio realizado pela institui\u00e7\u00e3o\u201d, ressaltou o inspetor Benedito Marcos Moreno, comandante da GMJ.<\/p>\n<p><strong>Em tempo real<br \/>\n<\/strong>Pr\u00f3xima de completar sete d\u00e9cadas de exist\u00eancia (dia 24 de novembro) \u2013 considerada uma das mais tradicionais e respeitadas institui\u00e7\u00f5es de seguran\u00e7a p\u00fablica do pa\u00eds \u2013 a Guarda Municipal de Jundia\u00ed lembra que para qualquer eventualidade ou suspeita de ato delituoso, basta entrar em contato com os telefones 153 \u2013 Disque Emerg\u00eancia, a liga\u00e7\u00e3o \u00e9 gratuita; ou 4492-9060, no Centro de Opera\u00e7\u00f5es T\u00e1ticas (COT); a viatura mais pr\u00f3xima ao local dos fatos estar\u00e1 se deslocando para as provid\u00eancias necess\u00e1rias ao atendimento. O contato tamb\u00e9m pode ser feito por meio do cadastro no Aplicativo Jundia\u00ed \u2013 dispon\u00edvel para aparelhos\u00a0<em>smartphone<\/em>\u00a0e\u00a0<em>IOS<\/em>\u00a0\u2013 onde se encontra o acesso para Seguran\u00e7a e Prote\u00e7\u00e3o do Cidad\u00e3o \u2013 Emerg\u00eancia Guarda Municipal.<\/p>\n<p><strong>Assessoria de Imprensa GMJ<br \/>\n<\/strong><strong>Foto: GM Guerino<\/strong><\/p>\n","protected":false},"excerpt":{"rendered":"<p>O terceiro v\u00eddeo da s\u00e9rie produzido com a participa\u00e7\u00e3o da Guarda Municipal de Jundia\u00ed (GMJ) em parceria com a Funda\u00e7\u00e3o Televis\u00e3o Educativa de Jundia\u00ed (FTVEJ) \u2013 a TVTEC, estar\u00e1 dispon\u00edvel a partir desta sexta-feira (02), nas redes sociais da emissora \u2013 tamb\u00e9m far\u00e1 parte da sua grade de programa\u00e7\u00e3o \u2013 e Prefeitura de Jundia\u00ed. O [&hellip;]<\/p>\n","protected":false},"author":30,"featured_media":0,"comment_status":"closed","ping_status":"closed","sticky":false,"template":"","format":"standard","meta":{"footnotes":""},"categories":[2],"tags":[31,948,1035],"ods":[],"class_list":["post-232647","post","type-post","status-publish","format-standard","hentry","category-noticias","tag-guarda-municipal","tag-seguranca-municipal","tag-tvtec"],"_links":{"self":[{"href":"https:\/\/jundiai.sp.gov.br\/noticias\/wp-json\/wp\/v2\/posts\/232647","targetHints":{"allow":["GET"]}}],"collection":[{"href":"https:\/\/jundiai.sp.gov.br\/noticias\/wp-json\/wp\/v2\/posts"}],"about":[{"href":"https:\/\/jundiai.sp.gov.br\/noticias\/wp-json\/wp\/v2\/types\/post"}],"author":[{"embeddable":true,"href":"https:\/\/jundiai.sp.gov.br\/noticias\/wp-json\/wp\/v2\/users\/30"}],"replies":[{"embeddable":true,"href":"https:\/\/jundiai.sp.gov.br\/noticias\/wp-json\/wp\/v2\/comments?post=232647"}],"version-history":[{"count":1,"href":"https:\/\/jundiai.sp.gov.br\/noticias\/wp-json\/wp\/v2\/posts\/232647\/revisions"}],"predecessor-version":[{"id":232649,"href":"https:\/\/jundiai.sp.gov.br\/noticias\/wp-json\/wp\/v2\/posts\/232647\/revisions\/232649"}],"wp:attachment":[{"href":"https:\/\/jundiai.sp.gov.br\/noticias\/wp-json\/wp\/v2\/media?parent=232647"}],"wp:term":[{"taxonomy":"category","embeddable":true,"href":"https:\/\/jundiai.sp.gov.br\/noticias\/wp-json\/wp\/v2\/categories?post=232647"},{"taxonomy":"post_tag","embeddable":true,"href":"https:\/\/jundiai.sp.gov.br\/noticias\/wp-json\/wp\/v2\/tags?post=232647"},{"taxonomy":"ods","embeddable":true,"href":"https:\/\/jundiai.sp.gov.br\/noticias\/wp-json\/wp\/v2\/ods?post=232647"}],"curies":[{"name":"wp","href":"https:\/\/api.w.org\/{rel}","templated":true}]}}