{"id":232804,"date":"2019-08-06T12:29:20","date_gmt":"2019-08-06T15:29:20","guid":{"rendered":"https:\/\/jundiai.sp.gov.br\/noticias\/?p=232804"},"modified":"2019-08-06T12:29:20","modified_gmt":"2019-08-06T15:29:20","slug":"morada-das-vinhas-recebe-cinema-itinerante-para-toda-a-familia","status":"publish","type":"post","link":"https:\/\/jundiai.sp.gov.br\/noticias\/2019\/08\/06\/morada-das-vinhas-recebe-cinema-itinerante-para-toda-a-familia\/","title":{"rendered":"Morada das Vinhas recebe cinema itinerante para toda a fam\u00edlia"},"content":{"rendered":"<p><div id=\"attachment_232805\" style=\"width: 489px\" class=\"wp-caption alignleft\"><a href=\"https:\/\/jundiai.sp.gov.br\/noticias\/wp-content\/uploads\/sites\/32\/2019\/08\/cine_boa_praca_morada_das_vinhas.jpg\"><img loading=\"lazy\" decoding=\"async\" aria-describedby=\"caption-attachment-232805\" class=\"wp-image-232805\" src=\"https:\/\/jundiai.sp.gov.br\/noticias\/wp-content\/uploads\/sites\/32\/2019\/08\/cine_boa_praca_morada_das_vinhas-679x960.jpg\" alt=\"\" width=\"479\" height=\"678\" srcset=\"https:\/\/jundiai.sp.gov.br\/noticias\/wp-content\/uploads\/sites\/32\/2019\/08\/cine_boa_praca_morada_das_vinhas-679x960.jpg 679w, https:\/\/jundiai.sp.gov.br\/noticias\/wp-content\/uploads\/sites\/32\/2019\/08\/cine_boa_praca_morada_das_vinhas-300x424.jpg 300w, https:\/\/jundiai.sp.gov.br\/noticias\/wp-content\/uploads\/sites\/32\/2019\/08\/cine_boa_praca_morada_das_vinhas-768x1087.jpg 768w, https:\/\/jundiai.sp.gov.br\/noticias\/wp-content\/uploads\/sites\/32\/2019\/08\/cine_boa_praca_morada_das_vinhas.jpg 1280w\" sizes=\"auto, (max-width: 479px) 100vw, 479px\" \/><\/a><p id=\"caption-attachment-232805\" class=\"wp-caption-text\">Sess\u00f5es ir\u00e3o exibir os filmes \u201cDumbo\u201d e \u201cO Bom Dinossauro\u201d<\/p><\/div><br \/>\nA Emeb Adelino Brand\u00e3o, no bairro Morada das Vinhas, recebe esta semana o projeto \u201cCine Boa Pra\u00e7a\u201d. Nesta sexta-feira (09) e s\u00e1bado (10), a partir das 18h, est\u00e3o previstas duas sess\u00f5es gratuitas de cinema itinerante, com a exibi\u00e7\u00e3o, respectivamente, dos filmes \u201cDumbo\u201d, que tem como tema a supera\u00e7\u00e3o de obst\u00e1culos e inclus\u00e3o, e \u201cO Bom Dinossauro\u201d, que trata da for\u00e7a da amizade. Para as sess\u00f5es ser\u00e3o disponibilizadas 200 cadeiras, por ordem de chegada, para que o p\u00fablico tenha a oportunidade de assistir em fam\u00edlia \u00e0s duas produ\u00e7\u00f5es.<\/p>\n<p>O projeto \u00e9 uma realiza\u00e7\u00e3o do governo do Estado de S\u00e3o Paulo, com o patroc\u00ednio de Lord Corporation, atrav\u00e9s do Programa de A\u00e7\u00e3o Cultural (ProAC), e apoio da Prefeitura, por meio da Unidade de Gest\u00e3o de Cultura (UGC).<\/p>\n<p>Al\u00e9m da exibi\u00e7\u00e3o dos filmes, ser\u00e3o ainda promovidas atividades e brincadeiras com as crian\u00e7as, com o objetivo resgatar a import\u00e2ncia do brincar e recriar as atmosferas das narrativas dos filmes. Com o intuito de ampliar os repert\u00f3rios culturais do p\u00fablico, cada participante ser\u00e1 premiado com livros, como forma de incentivo \u00e0 leitura e \u00e0 interlocu\u00e7\u00e3o entre diferentes linguagens e a cultura nacional.<\/p>\n<p>A Emeb Adelino Brand\u00e3o fica na rua Uva Isabel, 50, Morada das Vinhas.<\/p>\n<p><strong>Assessoria de Imprensa<\/strong><br \/>\n<strong>Foto: Divulga\u00e7\u00e3o\u00a0<\/strong><\/p>\n","protected":false},"excerpt":{"rendered":"<p>A Emeb Adelino Brand\u00e3o, no bairro Morada das Vinhas, recebe esta semana o projeto \u201cCine Boa Pra\u00e7a\u201d. Nesta sexta-feira (09) e s\u00e1bado (10), a partir das 18h, est\u00e3o previstas duas sess\u00f5es gratuitas de cinema itinerante, com a exibi\u00e7\u00e3o, respectivamente, dos filmes \u201cDumbo\u201d, que tem como tema a supera\u00e7\u00e3o de obst\u00e1culos e inclus\u00e3o, e \u201cO Bom [&hellip;]<\/p>\n","protected":false},"author":30,"featured_media":0,"comment_status":"closed","ping_status":"closed","sticky":false,"template":"","format":"standard","meta":{"footnotes":""},"categories":[2],"tags":[29],"ods":[],"class_list":["post-232804","post","type-post","status-publish","format-standard","hentry","category-noticias","tag-cultura"],"_links":{"self":[{"href":"https:\/\/jundiai.sp.gov.br\/noticias\/wp-json\/wp\/v2\/posts\/232804","targetHints":{"allow":["GET"]}}],"collection":[{"href":"https:\/\/jundiai.sp.gov.br\/noticias\/wp-json\/wp\/v2\/posts"}],"about":[{"href":"https:\/\/jundiai.sp.gov.br\/noticias\/wp-json\/wp\/v2\/types\/post"}],"author":[{"embeddable":true,"href":"https:\/\/jundiai.sp.gov.br\/noticias\/wp-json\/wp\/v2\/users\/30"}],"replies":[{"embeddable":true,"href":"https:\/\/jundiai.sp.gov.br\/noticias\/wp-json\/wp\/v2\/comments?post=232804"}],"version-history":[{"count":3,"href":"https:\/\/jundiai.sp.gov.br\/noticias\/wp-json\/wp\/v2\/posts\/232804\/revisions"}],"predecessor-version":[{"id":232808,"href":"https:\/\/jundiai.sp.gov.br\/noticias\/wp-json\/wp\/v2\/posts\/232804\/revisions\/232808"}],"wp:attachment":[{"href":"https:\/\/jundiai.sp.gov.br\/noticias\/wp-json\/wp\/v2\/media?parent=232804"}],"wp:term":[{"taxonomy":"category","embeddable":true,"href":"https:\/\/jundiai.sp.gov.br\/noticias\/wp-json\/wp\/v2\/categories?post=232804"},{"taxonomy":"post_tag","embeddable":true,"href":"https:\/\/jundiai.sp.gov.br\/noticias\/wp-json\/wp\/v2\/tags?post=232804"},{"taxonomy":"ods","embeddable":true,"href":"https:\/\/jundiai.sp.gov.br\/noticias\/wp-json\/wp\/v2\/ods?post=232804"}],"curies":[{"name":"wp","href":"https:\/\/api.w.org\/{rel}","templated":true}]}}