{"id":232841,"date":"2019-08-07T10:58:41","date_gmt":"2019-08-07T13:58:41","guid":{"rendered":"https:\/\/jundiai.sp.gov.br\/noticias\/?p=232841"},"modified":"2019-08-07T11:20:05","modified_gmt":"2019-08-07T14:20:05","slug":"mes-do-patrimonio-depoimentos-resgatam-a-historia-de-jundiai","status":"publish","type":"post","link":"https:\/\/jundiai.sp.gov.br\/noticias\/2019\/08\/07\/mes-do-patrimonio-depoimentos-resgatam-a-historia-de-jundiai\/","title":{"rendered":"M\u00eas do Patrim\u00f4nio: depoimentos resgatam a hist\u00f3ria de Jundia\u00ed"},"content":{"rendered":"<p>Como parte da programa\u00e7\u00e3o do M\u00eas do Patrim\u00f4nio Hist\u00f3rico e Cultural 2019, a Unidade de Gest\u00e3o de Cultura (UGC) ir\u00e1 promover o Cine Mem\u00f3ria, que se trata da exibi\u00e7\u00e3o dos cinco primeiros depoimentos de personalidades pelo \u201cE tamb\u00e9m por mim Jundia\u00ed se fez grande\u201d.<\/p>\n<p>Lan\u00e7ado pelo Departamento de Patrim\u00f4nio Hist\u00f3rico (DPH) em parceria com a TVTEC na edi\u00e7\u00e3o do ano passado do M\u00eas do Patrim\u00f4nio, o programa \u00e9 um resgate em v\u00eddeo realizado nos est\u00fadios da TVTEC dos depoimentos de grandes nomes da hist\u00f3ria de Jundia\u00ed. Seu nome \u00e9 uma refer\u00eancia \u00e0 frase em latim inscrita no bras\u00e3o do Munic\u00edpio, que, traduzida, quer dizer: \u201cTamb\u00e9m por mim o Brasil \u00e9 grande\u201d.<\/p>\n<div id=\"attachment_232842\" style=\"width: 1333px\" class=\"wp-caption alignleft\"><a href=\"https:\/\/jundiai.sp.gov.br\/noticias\/wp-content\/uploads\/sites\/32\/2019\/08\/inos-corradin.png\"><img loading=\"lazy\" decoding=\"async\" aria-describedby=\"caption-attachment-232842\" class=\"size-full wp-image-232842\" src=\"https:\/\/jundiai.sp.gov.br\/noticias\/wp-content\/uploads\/sites\/32\/2019\/08\/inos-corradin.png\" alt=\"C\u00e2mera filmadora sobre trip\u00e9 em primeiro plano, com dois homens sentados, conversando, em posi\u00e7\u00e3o de entrevistador e entrevistado\" width=\"1323\" height=\"1235\" srcset=\"https:\/\/jundiai.sp.gov.br\/noticias\/wp-content\/uploads\/sites\/32\/2019\/08\/inos-corradin.png 1323w, https:\/\/jundiai.sp.gov.br\/noticias\/wp-content\/uploads\/sites\/32\/2019\/08\/inos-corradin-300x280.png 300w, https:\/\/jundiai.sp.gov.br\/noticias\/wp-content\/uploads\/sites\/32\/2019\/08\/inos-corradin-768x717.png 768w, https:\/\/jundiai.sp.gov.br\/noticias\/wp-content\/uploads\/sites\/32\/2019\/08\/inos-corradin-1028x960.png 1028w\" sizes=\"auto, (max-width: 1323px) 100vw, 1323px\" \/><\/a><p id=\"caption-attachment-232842\" class=\"wp-caption-text\">As exibi\u00e7\u00f5es ser\u00e3o feitas gratuitamente, nos dias 13, 14, 16, 20 e 21 de agosto, \u00e0s 20h, na Sala Cult do Paineiras Shopping<\/p><\/div>\n<p>As exibi\u00e7\u00f5es ser\u00e3o feitas gratuitamente, nos dias 13, 14, 16, 20 e 21 de agosto, sempre \u00e0s 20h, na Sala Cult do Paineiras Shopping, que \u00e9 parceiro na realiza\u00e7\u00e3o do Cine Mem\u00f3ria. Respectivamente ser\u00e3o exibidos os depoimentos dos arquitetos Araken Martinho e Ant\u00f4nio Panizza, do ator e bailarino J\u00f4 Martin, do jornalista Jayme Martins e do artista pl\u00e1stico Inos Corradin.<\/p>\n<p>Com entrada gratuita, a participa\u00e7\u00e3o ser\u00e1 por ordem de chegada. O Paineiras Shopping fica na avenida Avenida 9 de Julho, 1155, Parque do Col\u00e9gio.<\/p>\n<p><strong>Assessoria de Imprensa<br \/>\nFoto: Arquivo PMJ<\/strong><\/p>\n","protected":false},"excerpt":{"rendered":"<p>Como parte da programa\u00e7\u00e3o do M\u00eas do Patrim\u00f4nio Hist\u00f3rico e Cultural 2019, a Unidade de Gest\u00e3o de Cultura (UGC) ir\u00e1 promover o Cine Mem\u00f3ria, que se trata da exibi\u00e7\u00e3o dos cinco primeiros depoimentos de personalidades pelo \u201cE tamb\u00e9m por mim Jundia\u00ed se fez grande\u201d. Lan\u00e7ado pelo Departamento de Patrim\u00f4nio Hist\u00f3rico (DPH) em parceria com a [&hellip;]<\/p>\n","protected":false},"author":30,"featured_media":0,"comment_status":"closed","ping_status":"closed","sticky":false,"template":"","format":"standard","meta":{"footnotes":""},"categories":[2],"tags":[29,1097],"ods":[],"class_list":["post-232841","post","type-post","status-publish","format-standard","hentry","category-noticias","tag-cultura","tag-mes-do-patrimonio-historico-e-cultural"],"_links":{"self":[{"href":"https:\/\/jundiai.sp.gov.br\/noticias\/wp-json\/wp\/v2\/posts\/232841","targetHints":{"allow":["GET"]}}],"collection":[{"href":"https:\/\/jundiai.sp.gov.br\/noticias\/wp-json\/wp\/v2\/posts"}],"about":[{"href":"https:\/\/jundiai.sp.gov.br\/noticias\/wp-json\/wp\/v2\/types\/post"}],"author":[{"embeddable":true,"href":"https:\/\/jundiai.sp.gov.br\/noticias\/wp-json\/wp\/v2\/users\/30"}],"replies":[{"embeddable":true,"href":"https:\/\/jundiai.sp.gov.br\/noticias\/wp-json\/wp\/v2\/comments?post=232841"}],"version-history":[{"count":5,"href":"https:\/\/jundiai.sp.gov.br\/noticias\/wp-json\/wp\/v2\/posts\/232841\/revisions"}],"predecessor-version":[{"id":232847,"href":"https:\/\/jundiai.sp.gov.br\/noticias\/wp-json\/wp\/v2\/posts\/232841\/revisions\/232847"}],"wp:attachment":[{"href":"https:\/\/jundiai.sp.gov.br\/noticias\/wp-json\/wp\/v2\/media?parent=232841"}],"wp:term":[{"taxonomy":"category","embeddable":true,"href":"https:\/\/jundiai.sp.gov.br\/noticias\/wp-json\/wp\/v2\/categories?post=232841"},{"taxonomy":"post_tag","embeddable":true,"href":"https:\/\/jundiai.sp.gov.br\/noticias\/wp-json\/wp\/v2\/tags?post=232841"},{"taxonomy":"ods","embeddable":true,"href":"https:\/\/jundiai.sp.gov.br\/noticias\/wp-json\/wp\/v2\/ods?post=232841"}],"curies":[{"name":"wp","href":"https:\/\/api.w.org\/{rel}","templated":true}]}}