{"id":232939,"date":"2019-08-09T15:38:07","date_gmt":"2019-08-09T18:38:07","guid":{"rendered":"https:\/\/jundiai.sp.gov.br\/noticias\/?p=232939"},"modified":"2019-08-09T15:39:26","modified_gmt":"2019-08-09T18:39:26","slug":"jundiai-mantem-um-caso-confirmado-de-sarampo","status":"publish","type":"post","link":"https:\/\/jundiai.sp.gov.br\/noticias\/2019\/08\/09\/jundiai-mantem-um-caso-confirmado-de-sarampo\/","title":{"rendered":"Jundia\u00ed mant\u00e9m um caso confirmado de sarampo"},"content":{"rendered":"<p>A Vigil\u00e2ncia Epidemiol\u00f3gica (VE), \u00f3rg\u00e3o da Unidade de Gest\u00e3o de Promo\u00e7\u00e3o da Sa\u00fade (UGPS),\u00a0 divulga nesta sexta-feira (9), o Boletim Epidemiol\u00f3gico Sarampo atualizado para a doen\u00e7a. A cidade mant\u00e9m um \u00fanico caso confirmado de Sarampo e 28 suspeitos, todos com as a\u00e7\u00f5es de bloqueio realizadas. Jundia\u00ed registra 100% das crian\u00e7as de 1 ano imunizadas com a dose Tr\u00edplice, que protege contra Sarampo, Caxumba e Rub\u00e9ola (dados de maio\/2019). A oferta da dose \u00e9 feita para os p\u00fablicos determinados pela Secretaria de Estado da Sa\u00fade (SES) e Minist\u00e9rio da Sa\u00fade (MS).<\/p>\n<div id=\"attachment_232940\" style=\"width: 1290px\" class=\"wp-caption alignleft\"><a href=\"https:\/\/jundiai.sp.gov.br\/noticias\/wp-content\/uploads\/sites\/32\/2019\/08\/vacina_sarampo_ubs_hortolandia-13.jpg\"><img loading=\"lazy\" decoding=\"async\" aria-describedby=\"caption-attachment-232940\" class=\"size-full wp-image-232940\" src=\"https:\/\/jundiai.sp.gov.br\/noticias\/wp-content\/uploads\/sites\/32\/2019\/08\/vacina_sarampo_ubs_hortolandia-13.jpg\" alt=\"\" width=\"1280\" height=\"853\" srcset=\"https:\/\/jundiai.sp.gov.br\/noticias\/wp-content\/uploads\/sites\/32\/2019\/08\/vacina_sarampo_ubs_hortolandia-13.jpg 1280w, https:\/\/jundiai.sp.gov.br\/noticias\/wp-content\/uploads\/sites\/32\/2019\/08\/vacina_sarampo_ubs_hortolandia-13-300x200.jpg 300w, https:\/\/jundiai.sp.gov.br\/noticias\/wp-content\/uploads\/sites\/32\/2019\/08\/vacina_sarampo_ubs_hortolandia-13-768x512.jpg 768w, https:\/\/jundiai.sp.gov.br\/noticias\/wp-content\/uploads\/sites\/32\/2019\/08\/vacina_sarampo_ubs_hortolandia-13-450x300.jpg 450w\" sizes=\"auto, (max-width: 1280px) 100vw, 1280px\" \/><\/a><p id=\"caption-attachment-232940\" class=\"wp-caption-text\">Vacina Tr\u00edplice (Sarampo \u2013 Caxumba \u2013 Rub\u00e9ola) \u00e9 oferecida para os p\u00fablicos determinados pelo Minist\u00e9rio da Sa\u00fade e Secretaria de Estado da Sa\u00fade<\/p><\/div>\n<p>Apesar de apenas um caso confirmado, o MS inseriu Jundia\u00ed e outras cidades paulistas na mesma condi\u00e7\u00e3o (1 caso positivo) em uma lista como cidade com \u2018surto-ativo\u2019 da doen\u00e7a. \u201cOs crit\u00e9rios usados pelo MS n\u00e3o foram divulgados para esse tipo de classifica\u00e7\u00e3o. At\u00e9 o momento, Jundia\u00ed conta com apenas um caso confirmado e 28 suspeitos, em perfis populacionais variados, n\u00e3o classificando como situa\u00e7\u00e3o de surto. Estamos no aguardo dos esclarecimentos, que devem chegar na pr\u00f3xima semana\u201d, explica a gestora da UGPS, Daniela Paganini, em substitui\u00e7\u00e3o ao titular.<\/p>\n<p>A cidade permanece com a orienta\u00e7\u00e3o de vacina\u00e7\u00e3o para pessoas nascidas a partir de 1960, \u2013 havendo a necessidade de registro de duas doses para quem tem at\u00e9 29 anos e 1 dose para quem tem 30 anos ou mais -. As doses s\u00e3o liberadas a partir de um ano, conforme as determina\u00e7\u00f5es da SES sobre a oferta de vacina contra o sarampo. \u201cQualquer altera\u00e7\u00e3o de conduta \u00e9 determinada pelo Estado, com base na situa\u00e7\u00e3o epidemiol\u00f3gica identificada a partir de dados e an\u00e1lises feitas pelos t\u00e9cnicos estaduais\u201d, explica a enfermeira da VE, Maria do Carmo Possidente.<\/p>\n<p>As doses da imuniza\u00e7\u00e3o est\u00e3o dispon\u00edveis nas Unidades B\u00e1sicas de Sa\u00fade (UBSs), Cl\u00ednica da Fam\u00edlia e Novas UBSs e s\u00e3o aplicadas para o p\u00fablico entre 1 ano a 29 anos, que n\u00e3o tenham o registro de duas doses da vacina, ou para quem tem 30 anos ou mais, sem o registro de uma imuniza\u00e7\u00e3o em carteira vacinal. Quem n\u00e3o possui o documento e n\u00e3o tem a confirma\u00e7\u00e3o da vacina\u00e7\u00e3o, deve procurar uma unidade para receber a dose.<\/p>\n<p>O Boletim Epidemiol\u00f3gico de Sarampo pode ser acessado pelo <a href=\"https:\/\/jundiai.sp.gov.br\/boletim-epidemiologico-sarampo\/\">site da\u00a0Prefeitura de Jundia\u00ed.<\/a><\/p>\n<p><strong>Assessoria de Imprensa<\/strong><br \/>\n<strong>Fotos: Fot\u00f3grafos PMJ<\/strong><\/p>\n","protected":false},"excerpt":{"rendered":"<p>A Vigil\u00e2ncia Epidemiol\u00f3gica (VE), \u00f3rg\u00e3o da Unidade de Gest\u00e3o de Promo\u00e7\u00e3o da Sa\u00fade (UGPS),\u00a0 divulga nesta sexta-feira (9), o Boletim Epidemiol\u00f3gico Sarampo atualizado para a doen\u00e7a. A cidade mant\u00e9m um \u00fanico caso confirmado de Sarampo e 28 suspeitos, todos com as a\u00e7\u00f5es de bloqueio realizadas. Jundia\u00ed registra 100% das crian\u00e7as de 1 ano imunizadas com [&hellip;]<\/p>\n","protected":false},"author":30,"featured_media":232940,"comment_status":"closed","ping_status":"closed","sticky":false,"template":"","format":"standard","meta":{"footnotes":""},"categories":[2],"tags":[981,317],"ods":[],"class_list":["post-232939","post","type-post","status-publish","format-standard","has-post-thumbnail","hentry","category-noticias","tag-promocao-da-saude","tag-vigilancia-epidemiologica"],"_links":{"self":[{"href":"https:\/\/jundiai.sp.gov.br\/noticias\/wp-json\/wp\/v2\/posts\/232939","targetHints":{"allow":["GET"]}}],"collection":[{"href":"https:\/\/jundiai.sp.gov.br\/noticias\/wp-json\/wp\/v2\/posts"}],"about":[{"href":"https:\/\/jundiai.sp.gov.br\/noticias\/wp-json\/wp\/v2\/types\/post"}],"author":[{"embeddable":true,"href":"https:\/\/jundiai.sp.gov.br\/noticias\/wp-json\/wp\/v2\/users\/30"}],"replies":[{"embeddable":true,"href":"https:\/\/jundiai.sp.gov.br\/noticias\/wp-json\/wp\/v2\/comments?post=232939"}],"version-history":[{"count":2,"href":"https:\/\/jundiai.sp.gov.br\/noticias\/wp-json\/wp\/v2\/posts\/232939\/revisions"}],"predecessor-version":[{"id":232942,"href":"https:\/\/jundiai.sp.gov.br\/noticias\/wp-json\/wp\/v2\/posts\/232939\/revisions\/232942"}],"wp:featuredmedia":[{"embeddable":true,"href":"https:\/\/jundiai.sp.gov.br\/noticias\/wp-json\/wp\/v2\/media\/232940"}],"wp:attachment":[{"href":"https:\/\/jundiai.sp.gov.br\/noticias\/wp-json\/wp\/v2\/media?parent=232939"}],"wp:term":[{"taxonomy":"category","embeddable":true,"href":"https:\/\/jundiai.sp.gov.br\/noticias\/wp-json\/wp\/v2\/categories?post=232939"},{"taxonomy":"post_tag","embeddable":true,"href":"https:\/\/jundiai.sp.gov.br\/noticias\/wp-json\/wp\/v2\/tags?post=232939"},{"taxonomy":"ods","embeddable":true,"href":"https:\/\/jundiai.sp.gov.br\/noticias\/wp-json\/wp\/v2\/ods?post=232939"}],"curies":[{"name":"wp","href":"https:\/\/api.w.org\/{rel}","templated":true}]}}