{"id":233153,"date":"2019-08-19T18:25:11","date_gmt":"2019-08-19T21:25:11","guid":{"rendered":"https:\/\/jundiai.sp.gov.br\/noticias\/?p=233153"},"modified":"2019-09-17T09:40:15","modified_gmt":"2019-09-17T12:40:15","slug":"hackweekend-desafio-de-programacao-sera-neste-final-de-semana","status":"publish","type":"post","link":"https:\/\/jundiai.sp.gov.br\/noticias\/2019\/08\/19\/hackweekend-desafio-de-programacao-sera-neste-final-de-semana\/","title":{"rendered":"Hackweekend: Desafio de programa\u00e7\u00e3o ser\u00e1 no fim do m\u00eas"},"content":{"rendered":"<p>Voltado para a \u00e1rea de esporte, sa\u00fade e qualidade de vida, o desafio de programa\u00e7\u00e3o \u2018Hackweekend\u2019, organizado pela Unidade de Gest\u00e3o de Esporte e Lazer (UGEL) e Unidade de Gest\u00e3o de Desenvolvimento Econ\u00f4mico, Ci\u00eancia e Tecnologia (UGDECT) ser\u00e1 realizado entre os dias 27, 28 e 29 de setembro, no Complexo Educacional, Cultural e Esportivo (CECE) Dr Nicolino de Luca, o Bol\u00e3o. As inscri\u00e7\u00f5es est\u00e3o abertas e podem ser realizadas por <a href=\"http:\/\/www.hackweekend.com.br\/\" target=\"_blank\" rel=\"noopener noreferrer\">endere\u00e7o eletr\u00f4nico at\u00e9 quinta-feira (22)<\/a>. Os trabalhos selecionados garantir\u00e3o uma vaga na Incubadora Tecnol\u00f3gica de Jundia\u00ed.<\/p>\n<p><a href=\"http:\/\/www.hackweekend.com.br\/\" target=\"_blank\" rel=\"noopener noreferrer\">FA\u00c7A SUA INSCRI\u00c7\u00c3O<\/a><\/p>\n<div id=\"attachment_233154\" style=\"width: 636px\" class=\"wp-caption alignleft\"><a href=\"https:\/\/jundiai.sp.gov.br\/noticias\/wp-content\/uploads\/sites\/32\/2019\/08\/programacao-freepik.jpg\"><img loading=\"lazy\" decoding=\"async\" aria-describedby=\"caption-attachment-233154\" class=\"wp-image-233154 size-full\" src=\"https:\/\/jundiai.sp.gov.br\/noticias\/wp-content\/uploads\/sites\/32\/2019\/08\/programacao-freepik.jpg\" alt=\"\" width=\"626\" height=\"391\" srcset=\"https:\/\/jundiai.sp.gov.br\/noticias\/wp-content\/uploads\/sites\/32\/2019\/08\/programacao-freepik.jpg 626w, https:\/\/jundiai.sp.gov.br\/noticias\/wp-content\/uploads\/sites\/32\/2019\/08\/programacao-freepik-300x187.jpg 300w\" sizes=\"auto, (max-width: 626px) 100vw, 626px\" \/><\/a><p id=\"caption-attachment-233154\" class=\"wp-caption-text\">Inscri\u00e7\u00f5es para desafio de programa\u00e7\u00e3o direcionado para a \u00e1rea de esporte se encerra na quinta (22)<\/p><\/div>\n<p>Segundo o assessor especial da UGEL, Felipe Cunha, o evento est\u00e1 atrelado \u00e0 import\u00e2ncia da inova\u00e7\u00e3o, em todos os segmentos. \u201cA administra\u00e7\u00e3o municipal tem investido, desde os primeiros meses de gest\u00e3o do Prefeito Luiz Fernando Machado, em tecnologia para a melhoria de oferta de servi\u00e7os para a popula\u00e7\u00e3o. Est\u00e3o sendo implantados mais de 300 km de fibra \u00f3ptica para interligar todos os equipamentos p\u00fablicos al\u00e9m de amplia\u00e7\u00e3o de acesso wifi gratuito para a popula\u00e7\u00e3o. Esta Olimp\u00edada de programa\u00e7\u00e3o tem por objetivo propor as atividades f\u00edsicas e esportivas como promotores de um estilo de vida ativo e saud\u00e1vel e tamb\u00e9m no uso da tecnologia para facilitar a vida da popula\u00e7\u00e3o e solucionar demandas p\u00fablicas\u201d, argumenta.<\/p>\n<p>Entre os temas que poder\u00e3o ser propostos para os interessados em participar do evento est\u00e3o a amplia\u00e7\u00e3o do acesso \u00e0s pr\u00e1ticas de atividade f\u00edsica, georreferenciamento, monitoramento entre outros assuntos. Podem se inscrever jovens at\u00e9 29 anos, formados ou n\u00e3o tecnologia e ci\u00eancias do esporte. As inscri\u00e7\u00f5es podem ser feitas pelo\u00a0<a href=\"http:\/\/www.hackweekend.com.br\/\" target=\"_blank\" rel=\"noopener noreferrer\">site do evento<\/a>. No mesmo endere\u00e7o poder\u00e1 ser conferida a programa\u00e7\u00e3o completa.<\/p>\n<p>Os tr\u00eas grupos primeiros colocados ter\u00e3o direito a pr\u00eamios\u00a0<em>wearables<\/em>\u00a0(rel\u00f3gios, aceler\u00f4metros e monitores card\u00edacos), livros de empreendedorismo e inova\u00e7\u00e3o, al\u00e9m de medalhas e a incuba\u00e7\u00e3o na Incubadora Tecnol\u00f3gica de Jundia\u00ed. \u201cOs APPs devem ser apresentados para uma banca de an\u00e1lise. Os melhores classificados ter\u00e3o a oportunidade de \u2018incubar\u2019 o trabalho e desenvolver outras ferramentas com o apoio da estrutura de co-working da Incubadora do munic\u00edpio\u201d, explica.<\/p>\n<p>A olimp\u00edada conta com apoio da Cijun, da Fatec Jundia\u00ed, do Conselho Municipal da Crian\u00e7a e do Adolescente, da Esef, da Sumer e da Decathlon.<\/p>\n<p><strong>Assessoria de Imprensa<\/strong><br \/>\n<strong>Foto: Divulga\u00e7\u00e3o<\/strong><\/p>\n","protected":false},"excerpt":{"rendered":"<p>Voltado para a \u00e1rea de esporte, sa\u00fade e qualidade de vida, o desafio de programa\u00e7\u00e3o \u2018Hackweekend\u2019, organizado pela Unidade de Gest\u00e3o de Esporte e Lazer (UGEL) e Unidade de Gest\u00e3o de Desenvolvimento Econ\u00f4mico, Ci\u00eancia e Tecnologia (UGDECT) ser\u00e1 realizado entre os dias 27, 28 e 29 de setembro, no Complexo Educacional, Cultural e Esportivo (CECE) [&hellip;]<\/p>\n","protected":false},"author":30,"featured_media":0,"comment_status":"closed","ping_status":"closed","sticky":false,"template":"","format":"standard","meta":{"footnotes":""},"categories":[2],"tags":[365],"ods":[],"class_list":["post-233153","post","type-post","status-publish","format-standard","hentry","category-noticias","tag-desenvolvimento-economico-ciencia-e-tecnologia"],"_links":{"self":[{"href":"https:\/\/jundiai.sp.gov.br\/noticias\/wp-json\/wp\/v2\/posts\/233153","targetHints":{"allow":["GET"]}}],"collection":[{"href":"https:\/\/jundiai.sp.gov.br\/noticias\/wp-json\/wp\/v2\/posts"}],"about":[{"href":"https:\/\/jundiai.sp.gov.br\/noticias\/wp-json\/wp\/v2\/types\/post"}],"author":[{"embeddable":true,"href":"https:\/\/jundiai.sp.gov.br\/noticias\/wp-json\/wp\/v2\/users\/30"}],"replies":[{"embeddable":true,"href":"https:\/\/jundiai.sp.gov.br\/noticias\/wp-json\/wp\/v2\/comments?post=233153"}],"version-history":[{"count":7,"href":"https:\/\/jundiai.sp.gov.br\/noticias\/wp-json\/wp\/v2\/posts\/233153\/revisions"}],"predecessor-version":[{"id":234412,"href":"https:\/\/jundiai.sp.gov.br\/noticias\/wp-json\/wp\/v2\/posts\/233153\/revisions\/234412"}],"wp:attachment":[{"href":"https:\/\/jundiai.sp.gov.br\/noticias\/wp-json\/wp\/v2\/media?parent=233153"}],"wp:term":[{"taxonomy":"category","embeddable":true,"href":"https:\/\/jundiai.sp.gov.br\/noticias\/wp-json\/wp\/v2\/categories?post=233153"},{"taxonomy":"post_tag","embeddable":true,"href":"https:\/\/jundiai.sp.gov.br\/noticias\/wp-json\/wp\/v2\/tags?post=233153"},{"taxonomy":"ods","embeddable":true,"href":"https:\/\/jundiai.sp.gov.br\/noticias\/wp-json\/wp\/v2\/ods?post=233153"}],"curies":[{"name":"wp","href":"https:\/\/api.w.org\/{rel}","templated":true}]}}