{"id":233246,"date":"2019-08-22T12:53:56","date_gmt":"2019-08-22T15:53:56","guid":{"rendered":"https:\/\/jundiai.sp.gov.br\/noticias\/?p=233246"},"modified":"2019-08-23T11:04:09","modified_gmt":"2019-08-23T14:04:09","slug":"pilot-pen-completa-65-anos-e-destaca-importancia-de-jundiai","status":"publish","type":"post","link":"https:\/\/jundiai.sp.gov.br\/noticias\/2019\/08\/22\/pilot-pen-completa-65-anos-e-destaca-importancia-de-jundiai\/","title":{"rendered":"Pilot Pen completa 65 anos e destaca import\u00e2ncia de Jundia\u00ed"},"content":{"rendered":"<p>O prefeito Luiz Fernando Machado participou, na tarde de quarta-feira (21), da comemora\u00e7\u00e3o dos 65 anos da Pilot Pen no Brasil. Em 2013, a empresa transferiu a sua f\u00e1brica de S\u00e3o Paulo para Jundia\u00ed e hoje emprega 170 pessoas no Munic\u00edpio, onde produz para todo o Brasil. Durante a cerim\u00f4nia, o diretor da f\u00e1brica no Munic\u00edpio, Osvaldo Akira, afirmou que a unidade \u00e9 crucial para os planos da empresa de chegar ainda mais forte ao seu centen\u00e1rio no Pa\u00eds.<\/p>\n<div id=\"attachment_233247\" style=\"width: 1290px\" class=\"wp-caption alignleft\"><a href=\"https:\/\/jundiai.sp.gov.br\/noticias\/wp-content\/uploads\/sites\/32\/2019\/08\/pilot_prefeito_luiz_fernando-5.jpg\"><img loading=\"lazy\" decoding=\"async\" aria-describedby=\"caption-attachment-233247\" class=\"size-full wp-image-233247\" src=\"https:\/\/jundiai.sp.gov.br\/noticias\/wp-content\/uploads\/sites\/32\/2019\/08\/pilot_prefeito_luiz_fernando-5.jpg\" alt=\"\" width=\"1280\" height=\"875\" srcset=\"https:\/\/jundiai.sp.gov.br\/noticias\/wp-content\/uploads\/sites\/32\/2019\/08\/pilot_prefeito_luiz_fernando-5.jpg 1280w, https:\/\/jundiai.sp.gov.br\/noticias\/wp-content\/uploads\/sites\/32\/2019\/08\/pilot_prefeito_luiz_fernando-5-300x205.jpg 300w, https:\/\/jundiai.sp.gov.br\/noticias\/wp-content\/uploads\/sites\/32\/2019\/08\/pilot_prefeito_luiz_fernando-5-768x525.jpg 768w\" sizes=\"auto, (max-width: 1280px) 100vw, 1280px\" \/><\/a><p id=\"caption-attachment-233247\" class=\"wp-caption-text\">Prefeito destacou a import\u00e2ncia dos investimentos privados para o desenvolvimento do Munic\u00edpio<\/p><\/div>\n<p>O chefe do Executivo municipal, por sua vez, voltou a destacar a import\u00e2ncia da iniciativa privada, com quem fortaleceu o relacionamento desde o in\u00edcio de sua gest\u00e3o.\u00a0&#8220;Eu participo desses eventos porque acredito que a iniciativa privada deve ser a principal geradora de empregos. Em Jundia\u00ed fazemos uma administra\u00e7\u00e3o pr\u00f3-business porque os investimentos produtivos s\u00e3o muito importantes para o desenvolvimento da cidade&#8221;, disse Luiz Fernando.<\/p>\n<p><strong>Assessoria de Imprensa<br \/>\n<\/strong><strong>Fotos: Fot\u00f3grafos PMJ<\/strong><\/p>\n","protected":false},"excerpt":{"rendered":"<p>O prefeito Luiz Fernando Machado participou, na tarde de quarta-feira (21), da comemora\u00e7\u00e3o dos 65 anos da Pilot Pen no Brasil. Em 2013, a empresa transferiu a sua f\u00e1brica de S\u00e3o Paulo para Jundia\u00ed e hoje emprega 170 pessoas no Munic\u00edpio, onde produz para todo o Brasil. Durante a cerim\u00f4nia, o diretor da f\u00e1brica no [&hellip;]<\/p>\n","protected":false},"author":30,"featured_media":233247,"comment_status":"closed","ping_status":"closed","sticky":false,"template":"","format":"standard","meta":{"footnotes":""},"categories":[2],"tags":[365,58],"ods":[],"class_list":["post-233246","post","type-post","status-publish","format-standard","has-post-thumbnail","hentry","category-noticias","tag-desenvolvimento-economico-ciencia-e-tecnologia","tag-prefeito"],"_links":{"self":[{"href":"https:\/\/jundiai.sp.gov.br\/noticias\/wp-json\/wp\/v2\/posts\/233246","targetHints":{"allow":["GET"]}}],"collection":[{"href":"https:\/\/jundiai.sp.gov.br\/noticias\/wp-json\/wp\/v2\/posts"}],"about":[{"href":"https:\/\/jundiai.sp.gov.br\/noticias\/wp-json\/wp\/v2\/types\/post"}],"author":[{"embeddable":true,"href":"https:\/\/jundiai.sp.gov.br\/noticias\/wp-json\/wp\/v2\/users\/30"}],"replies":[{"embeddable":true,"href":"https:\/\/jundiai.sp.gov.br\/noticias\/wp-json\/wp\/v2\/comments?post=233246"}],"version-history":[{"count":2,"href":"https:\/\/jundiai.sp.gov.br\/noticias\/wp-json\/wp\/v2\/posts\/233246\/revisions"}],"predecessor-version":[{"id":233274,"href":"https:\/\/jundiai.sp.gov.br\/noticias\/wp-json\/wp\/v2\/posts\/233246\/revisions\/233274"}],"wp:featuredmedia":[{"embeddable":true,"href":"https:\/\/jundiai.sp.gov.br\/noticias\/wp-json\/wp\/v2\/media\/233247"}],"wp:attachment":[{"href":"https:\/\/jundiai.sp.gov.br\/noticias\/wp-json\/wp\/v2\/media?parent=233246"}],"wp:term":[{"taxonomy":"category","embeddable":true,"href":"https:\/\/jundiai.sp.gov.br\/noticias\/wp-json\/wp\/v2\/categories?post=233246"},{"taxonomy":"post_tag","embeddable":true,"href":"https:\/\/jundiai.sp.gov.br\/noticias\/wp-json\/wp\/v2\/tags?post=233246"},{"taxonomy":"ods","embeddable":true,"href":"https:\/\/jundiai.sp.gov.br\/noticias\/wp-json\/wp\/v2\/ods?post=233246"}],"curies":[{"name":"wp","href":"https:\/\/api.w.org\/{rel}","templated":true}]}}