{"id":233310,"date":"2019-08-24T15:45:30","date_gmt":"2019-08-24T18:45:30","guid":{"rendered":"https:\/\/jundiai.sp.gov.br\/noticias\/?p=233310"},"modified":"2022-08-25T11:08:09","modified_gmt":"2022-08-25T14:08:09","slug":"visita-tecnica-encerra-7o-simposio-sobre-patrimonio-historico","status":"publish","type":"post","link":"https:\/\/jundiai.sp.gov.br\/noticias\/2019\/08\/24\/visita-tecnica-encerra-7o-simposio-sobre-patrimonio-historico\/","title":{"rendered":"Visita t\u00e9cnica encerra 7\u00ba Simp\u00f3sio sobre Patrim\u00f4nio Hist\u00f3rico"},"content":{"rendered":"<div id=\"attachment_233311\" style=\"width: 1290px\" class=\"wp-caption alignleft\"><img loading=\"lazy\" decoding=\"async\" aria-describedby=\"caption-attachment-233311\" class=\"size-full wp-image-233311\" src=\"https:\/\/jundiai.sp.gov.br\/noticias\/wp-content\/uploads\/sites\/32\/2019\/08\/visita-tecnica-patrimonio-historico-fazenda-ermida_c_-20.jpg\" alt=\"\" width=\"1280\" height=\"853\" srcset=\"https:\/\/jundiai.sp.gov.br\/noticias\/wp-content\/uploads\/sites\/32\/2019\/08\/visita-tecnica-patrimonio-historico-fazenda-ermida_c_-20.jpg 1280w, https:\/\/jundiai.sp.gov.br\/noticias\/wp-content\/uploads\/sites\/32\/2019\/08\/visita-tecnica-patrimonio-historico-fazenda-ermida_c_-20-300x200.jpg 300w, https:\/\/jundiai.sp.gov.br\/noticias\/wp-content\/uploads\/sites\/32\/2019\/08\/visita-tecnica-patrimonio-historico-fazenda-ermida_c_-20-768x512.jpg 768w, https:\/\/jundiai.sp.gov.br\/noticias\/wp-content\/uploads\/sites\/32\/2019\/08\/visita-tecnica-patrimonio-historico-fazenda-ermida_c_-20-450x300.jpg 450w\" sizes=\"auto, (max-width: 1280px) 100vw, 1280px\" \/><p id=\"caption-attachment-233311\" class=\"wp-caption-text\">7\u00ba Simp\u00f3sio do Patrim\u00f4nio de Jundia\u00ed foi desenvolvido ao longo da semana, encerrando a atividade com visita\u00e7\u00e3o \u00e0 Fazenda Ermida<\/p><\/div>\n<p><strong>O espa\u00e7o hist\u00f3rico e tombado da Fazenda Ermida foi o local escolhido para o encerramento do 7\u00ba Simp\u00f3sio sobre Patrim\u00f4nio Hist\u00f3rico Material e Imaterial, realizada pelo Departamento de Patrim\u00f4nio Hist\u00f3rico (DPH) da Unidade de Gest\u00e3o de Cultura (UGC), em parceria com a Faculdade de Tecnologia \u2013 FATEC Jundia\u00ed. As atividades, que foram desenvolvidas ao longo da semana, resultar\u00e3o em uma Carta de Jundia\u00ed, que auxiliar\u00e1 a nortear as a\u00e7\u00f5es de preserva\u00e7\u00e3o dos patrim\u00f4nios da cidade.<\/strong><\/p>\n<p>Aluno do curso de Eventos da FATEC Jundia\u00ed, Fabiano Formagin, aprovou a visita ao espa\u00e7o, localizado no bairro Ermida, ao p\u00e9 da Serra do Japi. \u201cA preserva\u00e7\u00e3o do patrim\u00f4nio deve ser difundida pela popula\u00e7\u00e3o para que as riquezas que temos n\u00e3o sejam perdidas. A visita\u00e7\u00e3o t\u00e9cnica \u00e9 rica pelas apresenta\u00e7\u00f5es feitas e as abordagens dos diversos \u00e2ngulos que fazem parte da hist\u00f3ria\u201d, detalha.<\/p>\n<p>Para o diretor do Departamento de Patrim\u00f4nio Hist\u00f3rico da UGC, William Roberto Soares Paix\u00e3o, o trabalho desenvolvido durante a semana foi produtivo. \u201cO Simp\u00f3sio \u00e9 o evento mais importante do m\u00eas dedicado ao Patrim\u00f4nio Hist\u00f3rico Material e Imaterial. Desenvolvemos muitas atividades e agregamos pessoas interessadas no tema. Os 30 projetos apresentados na semana \u2013 que ser\u00e3o publicados em revista virtual da FATEC \u2013 ser\u00e3o base para a elabora\u00e7\u00e3o da Carta de Jundia\u00ed, que tem meta apresentar propostas para acelerar a preserva\u00e7\u00e3o dos patrim\u00f4nios hist\u00f3ricos de Jundia\u00ed\u201d, destaca.<\/p>\n<p>Programa\u00e7\u00e3o<br \/>\nA programa\u00e7\u00e3o do M\u00eas do Patrim\u00f4nio no Munic\u00edpio prossegue com a palestra \u201cAs mulheres nas Cartas de Datas de Jundia\u00ed de 1657\u201d, na pr\u00f3xima segunda-feira (26), \u00e0s 19h, no Centro Jundiaiense de Cultura (Jorosil). Para al\u00e9m da apresenta\u00e7\u00e3o das pouco conhecidas Cartas de Data, que versam sobre as doa\u00e7\u00f5es de terras na vila naquela \u00e9poca, a palestra visa desmistificar o papel da mulher no s\u00e9culo 17, demonstrando a exist\u00eancia de manuscritos com pedidos feitos por mulheres e o seu lugar na sociedade na administra\u00e7\u00e3o e cuidados com os bens da fam\u00edlia. A palestrante ser\u00e1 Kathlin Morais, da Faculdade de Filosofia, Letras e Ci\u00eancias Humanas (FFLCH) da USP.<\/p>\n<p>H\u00e1 80 vagas para interessados em geral (a partir dos 16 anos), que devem trazer caneta, l\u00e1pis e borracha. As inscri\u00e7\u00f5es podem ser feitas pelo telefone (11) 4586-2472.&nbsp;<a href=\"https:\/\/cultura.jundiai.sp.gov.br\/mesdopatrimonio\/\">A programa\u00e7\u00e3o do M\u00eas do Patrim\u00f4nio pode ser vista aqui.<\/a><\/p>\n<p><em><strong>Assessoria de Imprensa<\/strong><\/em><br \/>\n<em><strong>Fotos: Fot\u00f3grafos PMJ<\/strong><\/em><\/p>\n","protected":false},"excerpt":{"rendered":"<p>O espa\u00e7o hist\u00f3rico e tombado da Fazenda Ermida foi o local escolhido para o encerramento do 7\u00ba Simp\u00f3sio sobre Patrim\u00f4nio Hist\u00f3rico Material e Imaterial, realizada pelo Departamento de Patrim\u00f4nio Hist\u00f3rico (DPH) da Unidade de Gest\u00e3o de Cultura (UGC), em parceria com a Faculdade de Tecnologia \u2013 FATEC Jundia\u00ed. As atividades, que foram desenvolvidas ao longo [&hellip;]<\/p>\n","protected":false},"author":33,"featured_media":233312,"comment_status":"closed","ping_status":"closed","sticky":false,"template":"","format":"standard","meta":{"footnotes":""},"categories":[2],"tags":[29,159,1097],"ods":[],"class_list":["post-233310","post","type-post","status-publish","format-standard","has-post-thumbnail","hentry","category-noticias","tag-cultura","tag-fatec","tag-mes-do-patrimonio-historico-e-cultural"],"_links":{"self":[{"href":"https:\/\/jundiai.sp.gov.br\/noticias\/wp-json\/wp\/v2\/posts\/233310","targetHints":{"allow":["GET"]}}],"collection":[{"href":"https:\/\/jundiai.sp.gov.br\/noticias\/wp-json\/wp\/v2\/posts"}],"about":[{"href":"https:\/\/jundiai.sp.gov.br\/noticias\/wp-json\/wp\/v2\/types\/post"}],"author":[{"embeddable":true,"href":"https:\/\/jundiai.sp.gov.br\/noticias\/wp-json\/wp\/v2\/users\/33"}],"replies":[{"embeddable":true,"href":"https:\/\/jundiai.sp.gov.br\/noticias\/wp-json\/wp\/v2\/comments?post=233310"}],"version-history":[{"count":2,"href":"https:\/\/jundiai.sp.gov.br\/noticias\/wp-json\/wp\/v2\/posts\/233310\/revisions"}],"predecessor-version":[{"id":299974,"href":"https:\/\/jundiai.sp.gov.br\/noticias\/wp-json\/wp\/v2\/posts\/233310\/revisions\/299974"}],"wp:featuredmedia":[{"embeddable":true,"href":"https:\/\/jundiai.sp.gov.br\/noticias\/wp-json\/wp\/v2\/media\/233312"}],"wp:attachment":[{"href":"https:\/\/jundiai.sp.gov.br\/noticias\/wp-json\/wp\/v2\/media?parent=233310"}],"wp:term":[{"taxonomy":"category","embeddable":true,"href":"https:\/\/jundiai.sp.gov.br\/noticias\/wp-json\/wp\/v2\/categories?post=233310"},{"taxonomy":"post_tag","embeddable":true,"href":"https:\/\/jundiai.sp.gov.br\/noticias\/wp-json\/wp\/v2\/tags?post=233310"},{"taxonomy":"ods","embeddable":true,"href":"https:\/\/jundiai.sp.gov.br\/noticias\/wp-json\/wp\/v2\/ods?post=233310"}],"curies":[{"name":"wp","href":"https:\/\/api.w.org\/{rel}","templated":true}]}}