{"id":233314,"date":"2019-08-24T15:47:51","date_gmt":"2019-08-24T18:47:51","guid":{"rendered":"https:\/\/jundiai.sp.gov.br\/noticias\/?p=233314"},"modified":"2019-08-24T15:47:51","modified_gmt":"2019-08-24T18:47:51","slug":"regiao-do-corrupira-conhece-projetos-para-melhoria-viaria","status":"publish","type":"post","link":"https:\/\/jundiai.sp.gov.br\/noticias\/2019\/08\/24\/regiao-do-corrupira-conhece-projetos-para-melhoria-viaria\/","title":{"rendered":"Regi\u00e3o do Corrupira conhece projetos para melhoria vi\u00e1ria"},"content":{"rendered":"<div id=\"attachment_233316\" style=\"width: 1290px\" class=\"wp-caption alignleft\"><img loading=\"lazy\" decoding=\"async\" aria-describedby=\"caption-attachment-233316\" class=\"size-full wp-image-233316\" src=\"https:\/\/jundiai.sp.gov.br\/noticias\/wp-content\/uploads\/sites\/32\/2019\/08\/reuniao-prefeito-com-moradores-do-jardim-celeste_c_-15.jpg\" alt=\"\" width=\"1280\" height=\"853\" srcset=\"https:\/\/jundiai.sp.gov.br\/noticias\/wp-content\/uploads\/sites\/32\/2019\/08\/reuniao-prefeito-com-moradores-do-jardim-celeste_c_-15.jpg 1280w, https:\/\/jundiai.sp.gov.br\/noticias\/wp-content\/uploads\/sites\/32\/2019\/08\/reuniao-prefeito-com-moradores-do-jardim-celeste_c_-15-300x200.jpg 300w, https:\/\/jundiai.sp.gov.br\/noticias\/wp-content\/uploads\/sites\/32\/2019\/08\/reuniao-prefeito-com-moradores-do-jardim-celeste_c_-15-768x512.jpg 768w, https:\/\/jundiai.sp.gov.br\/noticias\/wp-content\/uploads\/sites\/32\/2019\/08\/reuniao-prefeito-com-moradores-do-jardim-celeste_c_-15-450x300.jpg 450w\" sizes=\"auto, (max-width: 1280px) 100vw, 1280px\" \/><p id=\"caption-attachment-233316\" class=\"wp-caption-text\">Encontro serviu para apresenta\u00e7\u00f5es de demandas da popula\u00e7\u00e3o; para setembro, prefeito se reunir\u00e1 com pais de alunos da Emeb do bairro<\/p><\/div>\n<p><strong>Em reuni\u00e3o realizada neste s\u00e1bado (24), no Jardim Celeste, regi\u00e3o do Corrupira, o Prefeito Luiz Fernando Machado, \u2013 acompanhado de t\u00e9cnicos das Unidades de Gest\u00e3o de Planejamento Urbano e Meio Ambiente, Mobilidade e Transporte e Servi\u00e7os P\u00fablicos -, apresentou sugest\u00f5es de projetos vi\u00e1rios para melhorar o tr\u00e2nsito do bairro para desenvolvimento por meio de contrapartidas de empreendimentos imobili\u00e1rios. A solu\u00e7\u00e3o \u00e9 baseada em viaduto e marginais que facilitar\u00e3o a mobilidade da popula\u00e7\u00e3o, que hoje possui apenas uma passagem em n\u00edvel, \u2013 pela linha f\u00e9rrea -, como liga\u00e7\u00e3o r\u00e1pida ao Centro da cidade.<\/strong><\/p>\n<p>\u201cA constru\u00e7\u00e3o de marginais a partir da avenida Andr\u00e9 Costa auxiliar\u00e1 na solu\u00e7\u00e3o dos problemas de mobilidade e tamb\u00e9m na quest\u00e3o de seguran\u00e7a, j\u00e1 que o pontilh\u00e3o \u00e9 apontado como um fator de risco para o local. Estamos encaminhando para a execu\u00e7\u00e3o projeto executivo a amplia\u00e7\u00e3o da atual passagem, que demanda o envolvimento das esferas municipal, estadual e federal\u201d, detalha o prefeito, que adiantou outras medidas como amplia\u00e7\u00e3o do monitoramento e rondas das for\u00e7as de seguran\u00e7a na regi\u00e3o.<\/p>\n<p>Morador no bairro desde 1995, Antonio Norberto Pelissolli, comentou sobre a oportunidade de debater assuntos de interesse do bairro. \u201cSaber das a\u00e7\u00f5es que est\u00e3o sendo adotadas pela administra\u00e7\u00e3o para atender a popula\u00e7\u00e3o \u00e9 importante para os moradores. O viaduto \u00e9 uma demanda antiga\u201d, afirma. Al\u00e9m dos temas transporte e infraestrutura, ele tamb\u00e9m abordou a seguran\u00e7a, juntamente com outros presentes, e recebeu a informa\u00e7\u00e3o de que o bairro est\u00e1 no projeto de amplia\u00e7\u00e3o do sistema de monitoramento por c\u00e2meras, que prev\u00ea a instala\u00e7\u00e3o de mais de 300 km de fibra \u00f3ptica em todo o territ\u00f3rio do munic\u00edpio, interligando os equipamentos p\u00fablicos.<\/p>\n<p>A reuni\u00e3o foi solicitada pelo vereador Marcelo Gastaldo e realizada na casa de Luiz Fernando Donadon. \u201cMuitos moradores participaram e puderam expor suas d\u00favidas e necessidades\u201d, explica Donadon, que ficou satisfeito com o resultado do encontro.<\/p>\n<p>No m\u00eas de setembro, o prefeito vai dialogar com os pais de alunos na Emeb Maria Ang\u00e9lica Loren\u00e7on, localizada na regi\u00e3o.<\/p>\n<p><em><strong>Assessoria de Imprensa<\/strong><\/em><br \/>\n<em><strong>Fotos: Fot\u00f3grafos<\/strong><\/em><\/p>\n","protected":false},"excerpt":{"rendered":"<p>Em reuni\u00e3o realizada neste s\u00e1bado (24), no Jardim Celeste, regi\u00e3o do Corrupira, o Prefeito Luiz Fernando Machado, \u2013 acompanhado de t\u00e9cnicos das Unidades de Gest\u00e3o de Planejamento Urbano e Meio Ambiente, Mobilidade e Transporte e Servi\u00e7os P\u00fablicos -, apresentou sugest\u00f5es de projetos vi\u00e1rios para melhorar o tr\u00e2nsito do bairro para desenvolvimento por meio de contrapartidas [&hellip;]<\/p>\n","protected":false},"author":33,"featured_media":233315,"comment_status":"closed","ping_status":"closed","sticky":false,"template":"","format":"standard","meta":{"footnotes":""},"categories":[2],"tags":[982,984],"ods":[],"class_list":["post-233314","post","type-post","status-publish","format-standard","has-post-thumbnail","hentry","category-noticias","tag-mobilidade-e-transporte","tag-planejamento-urbano-e-meio-ambiente"],"_links":{"self":[{"href":"https:\/\/jundiai.sp.gov.br\/noticias\/wp-json\/wp\/v2\/posts\/233314","targetHints":{"allow":["GET"]}}],"collection":[{"href":"https:\/\/jundiai.sp.gov.br\/noticias\/wp-json\/wp\/v2\/posts"}],"about":[{"href":"https:\/\/jundiai.sp.gov.br\/noticias\/wp-json\/wp\/v2\/types\/post"}],"author":[{"embeddable":true,"href":"https:\/\/jundiai.sp.gov.br\/noticias\/wp-json\/wp\/v2\/users\/33"}],"replies":[{"embeddable":true,"href":"https:\/\/jundiai.sp.gov.br\/noticias\/wp-json\/wp\/v2\/comments?post=233314"}],"version-history":[{"count":1,"href":"https:\/\/jundiai.sp.gov.br\/noticias\/wp-json\/wp\/v2\/posts\/233314\/revisions"}],"predecessor-version":[{"id":233317,"href":"https:\/\/jundiai.sp.gov.br\/noticias\/wp-json\/wp\/v2\/posts\/233314\/revisions\/233317"}],"wp:featuredmedia":[{"embeddable":true,"href":"https:\/\/jundiai.sp.gov.br\/noticias\/wp-json\/wp\/v2\/media\/233315"}],"wp:attachment":[{"href":"https:\/\/jundiai.sp.gov.br\/noticias\/wp-json\/wp\/v2\/media?parent=233314"}],"wp:term":[{"taxonomy":"category","embeddable":true,"href":"https:\/\/jundiai.sp.gov.br\/noticias\/wp-json\/wp\/v2\/categories?post=233314"},{"taxonomy":"post_tag","embeddable":true,"href":"https:\/\/jundiai.sp.gov.br\/noticias\/wp-json\/wp\/v2\/tags?post=233314"},{"taxonomy":"ods","embeddable":true,"href":"https:\/\/jundiai.sp.gov.br\/noticias\/wp-json\/wp\/v2\/ods?post=233314"}],"curies":[{"name":"wp","href":"https:\/\/api.w.org\/{rel}","templated":true}]}}