{"id":233440,"date":"2019-08-27T18:33:15","date_gmt":"2019-08-27T21:33:15","guid":{"rendered":"https:\/\/jundiai.sp.gov.br\/noticias\/?p=233440"},"modified":"2019-08-27T18:33:15","modified_gmt":"2019-08-27T21:33:15","slug":"capacitacao-dos-jovens-para-o-futuro-e-tema-de-encontro-sexta-no-funss","status":"publish","type":"post","link":"https:\/\/jundiai.sp.gov.br\/noticias\/2019\/08\/27\/capacitacao-dos-jovens-para-o-futuro-e-tema-de-encontro-sexta-no-funss\/","title":{"rendered":"Capacita\u00e7\u00e3o dos jovens para o futuro \u00e9 tema de encontro sexta no Funss"},"content":{"rendered":"<p>Como preparar profissionalmente os jovens de hoje para um cen\u00e1rio t\u00e3o desafiador? Com foco na capacita\u00e7\u00e3o, a Prefeitura de Jundia\u00ed, por meio do Programa de Inclus\u00e3o Produtiva, promove nesta sexta (30) um encontro para apresenta\u00e7\u00e3o do programa \u2018Jovem para o Futuro\u2019. Na ocasi\u00e3o, estar\u00e3o presentes profissionais de empresas e institui\u00e7\u00f5es que falar\u00e3o sobre os desafios desses jovens para ingressar no mercado e trabalho. O encontro ser\u00e1 realizado na sede do Fundo Social de Solidariedade (Funss), a partir das 13h30, e \u00e9 necess\u00e1ria\u00a0<a href=\"http:\/\/bit.ly\/jovemparaofuturo\" target=\"_blank\" rel=\"noopener noreferrer\">inscri\u00e7\u00e3o antecipada neste link<\/a>.<\/p>\n<div id=\"attachment_233441\" style=\"width: 810px\" class=\"wp-caption aligncenter\"><a href=\"https:\/\/jundiai.sp.gov.br\/noticias\/wp-content\/uploads\/sites\/32\/2019\/08\/convite_jovem_para_o_futuro_v5.jpg\"><img loading=\"lazy\" decoding=\"async\" aria-describedby=\"caption-attachment-233441\" class=\"size-full wp-image-233441\" src=\"https:\/\/jundiai.sp.gov.br\/noticias\/wp-content\/uploads\/sites\/32\/2019\/08\/convite_jovem_para_o_futuro_v5.jpg\" alt=\"\" width=\"800\" height=\"1041\" srcset=\"https:\/\/jundiai.sp.gov.br\/noticias\/wp-content\/uploads\/sites\/32\/2019\/08\/convite_jovem_para_o_futuro_v5.jpg 800w, https:\/\/jundiai.sp.gov.br\/noticias\/wp-content\/uploads\/sites\/32\/2019\/08\/convite_jovem_para_o_futuro_v5-300x390.jpg 300w, https:\/\/jundiai.sp.gov.br\/noticias\/wp-content\/uploads\/sites\/32\/2019\/08\/convite_jovem_para_o_futuro_v5-768x999.jpg 768w, https:\/\/jundiai.sp.gov.br\/noticias\/wp-content\/uploads\/sites\/32\/2019\/08\/convite_jovem_para_o_futuro_v5-738x960.jpg 738w\" sizes=\"auto, (max-width: 800px) 100vw, 800px\" \/><\/a><p id=\"caption-attachment-233441\" class=\"wp-caption-text\">O encontro ser\u00e1 realizado na sede do Fundo Social de Solidariedade e \u00e9 necess\u00e1ria inscri\u00e7\u00e3o antecipada<\/p><\/div>\n<p>A abertura, \u00e0s 14h, contar\u00e1 com a palestra \u2018A import\u00e2ncia da aprendizagem na vida dos adolescentes em vulnerabilidade social\u2019, ministrada por Luan Jos\u00e9 Vieira da Silva, consultor da Rede Nacional de Aprendizagem, Promo\u00e7\u00e3o Social e Integra\u00e7\u00e3o (RENAPSI).<\/p>\n<p>A seguir, \u00e0s 15h, a coordenadora de projetos sociais da Siemens e do programa Formare, Lucilene Andreia Gutierrez Rocha, ir\u00e1 falar sobre \u2018As oportunidades e os desafios da inclus\u00e3o de jovens em vulnerabilidade social na empresa\u2019, ao lado de representantes da Siemens.<\/p>\n<p>A \u00faltima apresenta\u00e7\u00e3o, \u00e0s 16h, ter\u00e1 como tema \u2018Hist\u00f3rico e apresenta\u00e7\u00e3o do Programa Jovem para o Futuro \u2013 case de sucesso\u2019, com o professor Douglas Mondo, um representante da Unidade de Gest\u00e3o de Assist\u00eancia e Desenvolvimento Social (UGADS) e relato de um aprendiz. Nos intervalos de cada palestra, haver\u00e1 um espa\u00e7o para perguntas dos participantes.<\/p>\n<p>Por meio do Programa de Inclus\u00e3o Produtiva, a Prefeitura de Jundia\u00ed j\u00e1 capacitou mais de 400 jovens entre 14 e 24 anos em oficinas de orienta\u00e7\u00e3o para o trabalho.<\/p>\n<p><strong>Assessoria de Imprensa<br \/>\nFotos: Divulga\u00e7\u00e3o<\/strong><\/p>\n","protected":false},"excerpt":{"rendered":"<p>Como preparar profissionalmente os jovens de hoje para um cen\u00e1rio t\u00e3o desafiador? Com foco na capacita\u00e7\u00e3o, a Prefeitura de Jundia\u00ed, por meio do Programa de Inclus\u00e3o Produtiva, promove nesta sexta (30) um encontro para apresenta\u00e7\u00e3o do programa \u2018Jovem para o Futuro\u2019. Na ocasi\u00e3o, estar\u00e3o presentes profissionais de empresas e institui\u00e7\u00f5es que falar\u00e3o sobre os desafios [&hellip;]<\/p>\n","protected":false},"author":30,"featured_media":0,"comment_status":"closed","ping_status":"closed","sticky":false,"template":"","format":"standard","meta":{"footnotes":""},"categories":[2],"tags":[980,416],"ods":[],"class_list":["post-233440","post","type-post","status-publish","format-standard","hentry","category-noticias","tag-assistencia-e-desenvolvimento-social","tag-fundo-social-de-solidariedade-funss"],"_links":{"self":[{"href":"https:\/\/jundiai.sp.gov.br\/noticias\/wp-json\/wp\/v2\/posts\/233440","targetHints":{"allow":["GET"]}}],"collection":[{"href":"https:\/\/jundiai.sp.gov.br\/noticias\/wp-json\/wp\/v2\/posts"}],"about":[{"href":"https:\/\/jundiai.sp.gov.br\/noticias\/wp-json\/wp\/v2\/types\/post"}],"author":[{"embeddable":true,"href":"https:\/\/jundiai.sp.gov.br\/noticias\/wp-json\/wp\/v2\/users\/30"}],"replies":[{"embeddable":true,"href":"https:\/\/jundiai.sp.gov.br\/noticias\/wp-json\/wp\/v2\/comments?post=233440"}],"version-history":[{"count":3,"href":"https:\/\/jundiai.sp.gov.br\/noticias\/wp-json\/wp\/v2\/posts\/233440\/revisions"}],"predecessor-version":[{"id":233444,"href":"https:\/\/jundiai.sp.gov.br\/noticias\/wp-json\/wp\/v2\/posts\/233440\/revisions\/233444"}],"wp:attachment":[{"href":"https:\/\/jundiai.sp.gov.br\/noticias\/wp-json\/wp\/v2\/media?parent=233440"}],"wp:term":[{"taxonomy":"category","embeddable":true,"href":"https:\/\/jundiai.sp.gov.br\/noticias\/wp-json\/wp\/v2\/categories?post=233440"},{"taxonomy":"post_tag","embeddable":true,"href":"https:\/\/jundiai.sp.gov.br\/noticias\/wp-json\/wp\/v2\/tags?post=233440"},{"taxonomy":"ods","embeddable":true,"href":"https:\/\/jundiai.sp.gov.br\/noticias\/wp-json\/wp\/v2\/ods?post=233440"}],"curies":[{"name":"wp","href":"https:\/\/api.w.org\/{rel}","templated":true}]}}