{"id":233452,"date":"2019-08-28T10:46:20","date_gmt":"2019-08-28T13:46:20","guid":{"rendered":"https:\/\/jundiai.sp.gov.br\/noticias\/?p=233452"},"modified":"2019-08-28T10:46:20","modified_gmt":"2019-08-28T13:46:20","slug":"educacao-empreendedora-chega-as-escolas-municipais","status":"publish","type":"post","link":"https:\/\/jundiai.sp.gov.br\/noticias\/2019\/08\/28\/educacao-empreendedora-chega-as-escolas-municipais\/","title":{"rendered":"Educa\u00e7\u00e3o empreendedora chega \u00e0s escolas municipais"},"content":{"rendered":"<div id=\"attachment_233453\" style=\"width: 1290px\" class=\"wp-caption alignleft\"><a href=\"https:\/\/jundiai.sp.gov.br\/noticias\/wp-content\/uploads\/sites\/32\/2019\/08\/emeb_luiz_biela_projeto_jepp-39.jpg\"><img loading=\"lazy\" decoding=\"async\" aria-describedby=\"caption-attachment-233453\" class=\"size-full wp-image-233453\" src=\"https:\/\/jundiai.sp.gov.br\/noticias\/wp-content\/uploads\/sites\/32\/2019\/08\/emeb_luiz_biela_projeto_jepp-39.jpg\" alt=\"\" width=\"1280\" height=\"799\" srcset=\"https:\/\/jundiai.sp.gov.br\/noticias\/wp-content\/uploads\/sites\/32\/2019\/08\/emeb_luiz_biela_projeto_jepp-39.jpg 1280w, https:\/\/jundiai.sp.gov.br\/noticias\/wp-content\/uploads\/sites\/32\/2019\/08\/emeb_luiz_biela_projeto_jepp-39-300x187.jpg 300w, https:\/\/jundiai.sp.gov.br\/noticias\/wp-content\/uploads\/sites\/32\/2019\/08\/emeb_luiz_biela_projeto_jepp-39-768x479.jpg 768w\" sizes=\"auto, (max-width: 1280px) 100vw, 1280px\" \/><\/a><p id=\"caption-attachment-233453\" class=\"wp-caption-text\">Alunas misturam sais de banho: produtos ser\u00e3o vendidos em uma feira aberta \u00e0 comunidade em outubro<\/p><\/div>\n<p>A hora do intervalo na Emeb Luiz Biela de Souza, no Jardim Santa Gertrudes, \u00e9 animada \u00e0s ter\u00e7as e quintas por uma movimentada negocia\u00e7\u00e3o. Trata-se da locadora de brinquedos, organizada pelos alunos do 4\u00ba ano, onde os demais estudantes podem se divertir com Jogo da Velha ou frascos de bolhinhas de sab\u00e3o a partir de R$ 0,25. Cada um escolhe o brinquedo que deseja, se dirige ao \u201ccaixa\u201d, faz o pagamento e aproveita a brincadeira. O dinheiro arrecadado servir\u00e1 para que a garotada do possa organizar uma ida coletiva ao cinema.<\/p>\n<p>A iniciativa faz parte do Projeto JEPP \u2013 Jovens Empreendedores Primeiros Passos \u2013 proposta pelo Sebrae e adotada em 13 Emebs de Jundia\u00ed de per\u00edodo integral, beneficiando mais de 4 mil alunos. O objetivo \u00e9 dar \u00e0s crian\u00e7as no\u00e7\u00f5es de investimentos, planejamento e empreendedorismo.<\/p>\n<p>Na Emeb Luiz Biela, os 388 alunos est\u00e3o envolvidos em diversas atividades, que incluem, al\u00e9m do aluguel de brinquedos, a fabrica\u00e7\u00e3o de produtos de beleza e higiene pessoal, sandu\u00edches naturais e cultivo de vasos de plantas ornamentais, entre outros. Tudo ser\u00e1 exposto e vendido em uma feira na Emeb, aberta \u00e0 comunidade, no dia 4 de outubro.<\/p>\n<p>Segundo a diretora da escola, Cinthia Rizzato Polonio, a iniciativa teve in\u00edcio em abril e tem sido abra\u00e7ada com entusiasmo pelos alunos. \u201cAs pr\u00f3prias crian\u00e7as decidem no que desejam investir, como ir\u00e3o desenvolver a ideia e no que investir\u00e3o o dinheiro arrecadado\u201d, conta.<\/p>\n<p>Anna Clara Targino, de 10 anos, e Ana Beatriz de Souza Silva, de 9, atuam na loca\u00e7\u00e3o. \u201cA professora disse pra trazermos de casa brinquedos em bom estado e alugarmos aqui\u201d, explica Anna Clara. \u201cSomos atendentes. Explicamos como os brinquedos funcionam\u201d, diz Ana Beatriz. \u201cJ\u00e1 arrecadamos mais de 200 reais\u201d.<\/p>\n<div id=\"attachment_233454\" style=\"width: 1290px\" class=\"wp-caption alignleft\"><a href=\"https:\/\/jundiai.sp.gov.br\/noticias\/wp-content\/uploads\/sites\/32\/2019\/08\/emeb_luiz_biela_projeto_jepp-180.jpg\"><img loading=\"lazy\" decoding=\"async\" aria-describedby=\"caption-attachment-233454\" class=\"size-full wp-image-233454\" src=\"https:\/\/jundiai.sp.gov.br\/noticias\/wp-content\/uploads\/sites\/32\/2019\/08\/emeb_luiz_biela_projeto_jepp-180.jpg\" alt=\"\" width=\"1280\" height=\"868\" srcset=\"https:\/\/jundiai.sp.gov.br\/noticias\/wp-content\/uploads\/sites\/32\/2019\/08\/emeb_luiz_biela_projeto_jepp-180.jpg 1280w, https:\/\/jundiai.sp.gov.br\/noticias\/wp-content\/uploads\/sites\/32\/2019\/08\/emeb_luiz_biela_projeto_jepp-180-300x203.jpg 300w, https:\/\/jundiai.sp.gov.br\/noticias\/wp-content\/uploads\/sites\/32\/2019\/08\/emeb_luiz_biela_projeto_jepp-180-768x521.jpg 768w\" sizes=\"auto, (max-width: 1280px) 100vw, 1280px\" \/><\/a><p id=\"caption-attachment-233454\" class=\"wp-caption-text\">Manuela e a m\u00e3e, Michele, fazendo sais de banho: pr\u00f3xima etapa \u00e9 fabrica\u00e7\u00e3o de sabonetes<\/p><\/div>\n<p>Na ter\u00e7a-feira, al\u00e9m da locadora de brinquedos, os alunos do 1\u00ba ano participavam de uma aula sobre produ\u00e7\u00e3o de sais de banho, ministrada por Andr\u00e9 Curado, artes\u00e3o e expositor da Feira Jundia\u00ed Feita \u00e0 M\u00e3o. Todos aprenderam a misturar aromas, corantes e outros ingredientes ao sal, mat\u00e9ria-prima principal, e embalar o resultado em saquinhos. A aula contava com a participa\u00e7\u00e3o de duas m\u00e3es de alunos, uma delas tamb\u00e9m artes\u00e3 e respons\u00e1vel pelo convite feito ao professor Andr\u00e9. \u201cA escola toda participa dos projetos, sempre envolvendo a comunidade, como neste caso, onde m\u00e3e e filha est\u00e3o na aula\u201d, afirmou Paula Suave, professora da turma.<\/p>\n<p>Nas pr\u00f3ximas aulas, as crian\u00e7as aprender\u00e3o a fazer sabonete l\u00edquido, m\u00e1scara facial e sach\u00eas. A \u201cempresa\u201d deles j\u00e1 tem at\u00e9 nome: Castelo dos Aromas. O \u201ccapital inicial\u201d do empreendimento vem de uma rifa vendida pelos estudantes. \u201cCom o dinheiro que a gente arrecadar, pretendemos fazer um passeio\u201d, conta a aluna Manuela Morandin de Oliveira.<\/p>\n<p><strong>Assessoria de Imprensa<\/strong><br \/>\n<strong>Foto: Arquivo PMJ<\/strong><\/p>\n","protected":false},"excerpt":{"rendered":"<p>A hora do intervalo na Emeb Luiz Biela de Souza, no Jardim Santa Gertrudes, \u00e9 animada \u00e0s ter\u00e7as e quintas por uma movimentada negocia\u00e7\u00e3o. Trata-se da locadora de brinquedos, organizada pelos alunos do 4\u00ba ano, onde os demais estudantes podem se divertir com Jogo da Velha ou frascos de bolhinhas de sab\u00e3o a partir de [&hellip;]<\/p>\n","protected":false},"author":30,"featured_media":233453,"comment_status":"closed","ping_status":"closed","sticky":false,"template":"","format":"standard","meta":{"footnotes":""},"categories":[2],"tags":[6,1061],"ods":[],"class_list":["post-233452","post","type-post","status-publish","format-standard","has-post-thumbnail","hentry","category-noticias","tag-educacao","tag-escola-inovadora"],"_links":{"self":[{"href":"https:\/\/jundiai.sp.gov.br\/noticias\/wp-json\/wp\/v2\/posts\/233452","targetHints":{"allow":["GET"]}}],"collection":[{"href":"https:\/\/jundiai.sp.gov.br\/noticias\/wp-json\/wp\/v2\/posts"}],"about":[{"href":"https:\/\/jundiai.sp.gov.br\/noticias\/wp-json\/wp\/v2\/types\/post"}],"author":[{"embeddable":true,"href":"https:\/\/jundiai.sp.gov.br\/noticias\/wp-json\/wp\/v2\/users\/30"}],"replies":[{"embeddable":true,"href":"https:\/\/jundiai.sp.gov.br\/noticias\/wp-json\/wp\/v2\/comments?post=233452"}],"version-history":[{"count":1,"href":"https:\/\/jundiai.sp.gov.br\/noticias\/wp-json\/wp\/v2\/posts\/233452\/revisions"}],"predecessor-version":[{"id":233455,"href":"https:\/\/jundiai.sp.gov.br\/noticias\/wp-json\/wp\/v2\/posts\/233452\/revisions\/233455"}],"wp:featuredmedia":[{"embeddable":true,"href":"https:\/\/jundiai.sp.gov.br\/noticias\/wp-json\/wp\/v2\/media\/233453"}],"wp:attachment":[{"href":"https:\/\/jundiai.sp.gov.br\/noticias\/wp-json\/wp\/v2\/media?parent=233452"}],"wp:term":[{"taxonomy":"category","embeddable":true,"href":"https:\/\/jundiai.sp.gov.br\/noticias\/wp-json\/wp\/v2\/categories?post=233452"},{"taxonomy":"post_tag","embeddable":true,"href":"https:\/\/jundiai.sp.gov.br\/noticias\/wp-json\/wp\/v2\/tags?post=233452"},{"taxonomy":"ods","embeddable":true,"href":"https:\/\/jundiai.sp.gov.br\/noticias\/wp-json\/wp\/v2\/ods?post=233452"}],"curies":[{"name":"wp","href":"https:\/\/api.w.org\/{rel}","templated":true}]}}