{"id":233469,"date":"2019-08-28T16:38:13","date_gmt":"2019-08-28T19:38:13","guid":{"rendered":"https:\/\/jundiai.sp.gov.br\/noticias\/?p=233469"},"modified":"2019-08-28T16:38:13","modified_gmt":"2019-08-28T19:38:13","slug":"palestra-gratuita-aborda-o-sentido-da-vida","status":"publish","type":"post","link":"https:\/\/jundiai.sp.gov.br\/noticias\/2019\/08\/28\/palestra-gratuita-aborda-o-sentido-da-vida\/","title":{"rendered":"Palestra gratuita aborda \u2018o sentido da vida\u2019"},"content":{"rendered":"<p><a href=\"https:\/\/jundiai.sp.gov.br\/noticias\/wp-content\/uploads\/sites\/32\/2019\/08\/convite_depressao_e_suicidio-1-1.png\"><img loading=\"lazy\" decoding=\"async\" class=\"alignleft wp-image-233471\" src=\"https:\/\/jundiai.sp.gov.br\/noticias\/wp-content\/uploads\/sites\/32\/2019\/08\/convite_depressao_e_suicidio-1-1-300x231.png\" alt=\"\" width=\"333\" height=\"257\" srcset=\"https:\/\/jundiai.sp.gov.br\/noticias\/wp-content\/uploads\/sites\/32\/2019\/08\/convite_depressao_e_suicidio-1-1-300x231.png 300w, https:\/\/jundiai.sp.gov.br\/noticias\/wp-content\/uploads\/sites\/32\/2019\/08\/convite_depressao_e_suicidio-1-1-768x592.png 768w, https:\/\/jundiai.sp.gov.br\/noticias\/wp-content\/uploads\/sites\/32\/2019\/08\/convite_depressao_e_suicidio-1-1.png 800w\" sizes=\"auto, (max-width: 333px) 100vw, 333px\" \/><\/a>Nesta sexta-feira (30), a Assessoria de Pol\u00edticas para a Juventude, da Prefeitura de Jundia\u00ed, promove uma palestra com o tema \u201cO sentido da vida e sua rela\u00e7\u00e3o com a depress\u00e3o, o suic\u00eddio e o v\u00edcio\u201d, que ser\u00e1 comandada pelo psicanalista C\u00e1ssio Alvarenga Netto.<\/p>\n<p>A palestra ser\u00e1 realizada no audit\u00f3rio do Pa\u00e7o Municipal, a partir das 14h. N\u00e3o \u00e9 necess\u00e1rio fazer inscri\u00e7\u00e3o para o evento. Mais informa\u00e7\u00f5es podem ser obtidas pelo telefone (11) 4589-8420.<\/p>\n<p><strong>Assessoria de Imprensa<br \/>\nImagem: Divulga\u00e7\u00e3o<\/strong><\/p>\n","protected":false},"excerpt":{"rendered":"<p>Nesta sexta-feira (30), a Assessoria de Pol\u00edticas para a Juventude, da Prefeitura de Jundia\u00ed, promove uma palestra com o tema \u201cO sentido da vida e sua rela\u00e7\u00e3o com a depress\u00e3o, o suic\u00eddio e o v\u00edcio\u201d, que ser\u00e1 comandada pelo psicanalista C\u00e1ssio Alvarenga Netto. A palestra ser\u00e1 realizada no audit\u00f3rio do Pa\u00e7o Municipal, a partir das [&hellip;]<\/p>\n","protected":false},"author":30,"featured_media":0,"comment_status":"closed","ping_status":"closed","sticky":false,"template":"","format":"standard","meta":{"footnotes":""},"categories":[2],"tags":[991,62],"ods":[],"class_list":["post-233469","post","type-post","status-publish","format-standard","hentry","category-noticias","tag-assessoria-de-politicas-para-a-juventude","tag-casa-civil"],"_links":{"self":[{"href":"https:\/\/jundiai.sp.gov.br\/noticias\/wp-json\/wp\/v2\/posts\/233469","targetHints":{"allow":["GET"]}}],"collection":[{"href":"https:\/\/jundiai.sp.gov.br\/noticias\/wp-json\/wp\/v2\/posts"}],"about":[{"href":"https:\/\/jundiai.sp.gov.br\/noticias\/wp-json\/wp\/v2\/types\/post"}],"author":[{"embeddable":true,"href":"https:\/\/jundiai.sp.gov.br\/noticias\/wp-json\/wp\/v2\/users\/30"}],"replies":[{"embeddable":true,"href":"https:\/\/jundiai.sp.gov.br\/noticias\/wp-json\/wp\/v2\/comments?post=233469"}],"version-history":[{"count":2,"href":"https:\/\/jundiai.sp.gov.br\/noticias\/wp-json\/wp\/v2\/posts\/233469\/revisions"}],"predecessor-version":[{"id":233473,"href":"https:\/\/jundiai.sp.gov.br\/noticias\/wp-json\/wp\/v2\/posts\/233469\/revisions\/233473"}],"wp:attachment":[{"href":"https:\/\/jundiai.sp.gov.br\/noticias\/wp-json\/wp\/v2\/media?parent=233469"}],"wp:term":[{"taxonomy":"category","embeddable":true,"href":"https:\/\/jundiai.sp.gov.br\/noticias\/wp-json\/wp\/v2\/categories?post=233469"},{"taxonomy":"post_tag","embeddable":true,"href":"https:\/\/jundiai.sp.gov.br\/noticias\/wp-json\/wp\/v2\/tags?post=233469"},{"taxonomy":"ods","embeddable":true,"href":"https:\/\/jundiai.sp.gov.br\/noticias\/wp-json\/wp\/v2\/ods?post=233469"}],"curies":[{"name":"wp","href":"https:\/\/api.w.org\/{rel}","templated":true}]}}