{"id":233500,"date":"2019-08-29T13:00:41","date_gmt":"2019-08-29T16:00:41","guid":{"rendered":"https:\/\/jundiai.sp.gov.br\/noticias\/?p=233500"},"modified":"2019-08-29T19:01:28","modified_gmt":"2019-08-29T22:01:28","slug":"com-jogo-de-tabuleiro-gigante-feira-cientifico-cultural-homenageia-historia-de-jundiai","status":"publish","type":"post","link":"https:\/\/jundiai.sp.gov.br\/noticias\/2019\/08\/29\/com-jogo-de-tabuleiro-gigante-feira-cientifico-cultural-homenageia-historia-de-jundiai\/","title":{"rendered":"Com jogo de tabuleiro gigante, Feira Cient\u00edfico-Cultural homenageia hist\u00f3ria de Jundia\u00ed"},"content":{"rendered":"<p>Desde a noite desta quarta-feira (28), os tr\u00eas pavilh\u00f5es do Parque da Uva est\u00e3o tomados por um grande jogo de tabuleiro, montado por quase dez mil estudantes de Jundia\u00ed. Em cada casa do jogo, uma experi\u00eancia, maquete, v\u00eddeo ou exposi\u00e7\u00e3o retrata um peda\u00e7o da cidade; e, para ir de um pavilh\u00e3o a outro, h\u00e1 um divertido trenzinho \u201cindividual\u201d de papel\u00e3o, em homenagem \u00e0 ferrovia, t\u00e3o ligada \u00e0 hist\u00f3ria da comunidade. \u00c9 a 2\u00aa edi\u00e7\u00e3o da Feira Cient\u00edfico-Cultural, promovida pela Prefeitura de Jundia\u00ed, por meio das Unidades de Gest\u00e3o de Educa\u00e7\u00e3o (UGE) e de Cultura (UGC), e que faz parte do que faz parte do programa Escola Inovadora.<\/p>\n<div id=\"attachment_233501\" style=\"width: 1290px\" class=\"wp-caption alignleft\"><a href=\"https:\/\/jundiai.sp.gov.br\/noticias\/wp-content\/uploads\/sites\/32\/2019\/08\/abertura_ii_feira_cientifico_cultural_parque_da_uva-424.jpg\"><img loading=\"lazy\" decoding=\"async\" aria-describedby=\"caption-attachment-233501\" class=\"size-full wp-image-233501\" src=\"https:\/\/jundiai.sp.gov.br\/noticias\/wp-content\/uploads\/sites\/32\/2019\/08\/abertura_ii_feira_cientifico_cultural_parque_da_uva-424.jpg\" alt=\"\" width=\"1280\" height=\"799\" srcset=\"https:\/\/jundiai.sp.gov.br\/noticias\/wp-content\/uploads\/sites\/32\/2019\/08\/abertura_ii_feira_cientifico_cultural_parque_da_uva-424.jpg 1280w, https:\/\/jundiai.sp.gov.br\/noticias\/wp-content\/uploads\/sites\/32\/2019\/08\/abertura_ii_feira_cientifico_cultural_parque_da_uva-424-300x187.jpg 300w, https:\/\/jundiai.sp.gov.br\/noticias\/wp-content\/uploads\/sites\/32\/2019\/08\/abertura_ii_feira_cientifico_cultural_parque_da_uva-424-768x479.jpg 768w\" sizes=\"auto, (max-width: 1280px) 100vw, 1280px\" \/><\/a><p id=\"caption-attachment-233501\" class=\"wp-caption-text\">Instala\u00e7\u00f5es na Feira Cient\u00edfico-Cultural s\u00e3o interativas e desafiam visitante a descobrir que aspecto de Jundia\u00ed est\u00e1 sendo abordado<\/p><\/div>\n<p>A abertura contou com a presen\u00e7a do prefeito Luiz Fernando Machado e dos gestores da Cultura, Marcelo Peroni, e da Educa\u00e7\u00e3o, Vasti Ferrari Marques, al\u00e9m de representantes do Comit\u00ea das Crian\u00e7as. \u201cEstamos felizes que nossas crian\u00e7as possam mostrar \u00e0 comunidade o trabalho desenvolvido nas EMEBs\u201d, afirmou o prefeito. \u201cEsta a\u00e7\u00e3o \u00e9 transformadora na vida das crian\u00e7as, que aprendem fazendo, aprendem brincando. N\u00f3s temos pensado o futuro da cidade com essas propostas inovadoras, n\u00e3o s\u00f3 com foco na melhoria da cidade, mas tamb\u00e9m no aprimoramento da sociedade\u201d.<\/p>\n<p>Para a gestora da UGE, o principal diferencial dessa edi\u00e7\u00e3o da feira \u00e9 a integra\u00e7\u00e3o das crian\u00e7as e dos ambientes. \u201c\u00c9 um espa\u00e7o sem barreiras, onde as exposi\u00e7\u00f5es est\u00e3o interligadas em um jogo de tabuleiro, no qual podemos ver o quanto as escolas evolu\u00edram em seus projetos educacionais\u201d, afirmou Vasti.<\/p>\n<p>No total, 20 EMEBs, 12 escolas particulares e o SESI participam da 2\u00aa Feira Cient\u00edfico-Cultural, cada uma com um projeto que desafia o visitante a descobrir que parte de Jundia\u00ed est\u00e1 sendo homenageada: o espa\u00e7o do Complexo Argos, por exemplo, \u00e9 montado todo com jeans, lembrando a antiga f\u00e1brica de tecidos que ficava no local; j\u00e1 o segundo pavilh\u00e3o conta com uma floresta natural em miniatura, representando a import\u00e2ncia da Serra do Japi. \u201cTodas as escolas buscaram elementos da natureza e reutiliz\u00e1veis em suas montagens, resultado em uma mostra instigante e da mais alta qualidade\u201d, resume Vasti.<\/p>\n<div id=\"attachment_233502\" style=\"width: 1290px\" class=\"wp-caption alignleft\"><a href=\"https:\/\/jundiai.sp.gov.br\/noticias\/wp-content\/uploads\/sites\/32\/2019\/08\/abertura_ii_feira_cientifico_cultural_parque_da_uva-142.jpg\"><img loading=\"lazy\" decoding=\"async\" aria-describedby=\"caption-attachment-233502\" class=\"size-full wp-image-233502\" src=\"https:\/\/jundiai.sp.gov.br\/noticias\/wp-content\/uploads\/sites\/32\/2019\/08\/abertura_ii_feira_cientifico_cultural_parque_da_uva-142.jpg\" alt=\"\" width=\"1280\" height=\"751\" srcset=\"https:\/\/jundiai.sp.gov.br\/noticias\/wp-content\/uploads\/sites\/32\/2019\/08\/abertura_ii_feira_cientifico_cultural_parque_da_uva-142.jpg 1280w, https:\/\/jundiai.sp.gov.br\/noticias\/wp-content\/uploads\/sites\/32\/2019\/08\/abertura_ii_feira_cientifico_cultural_parque_da_uva-142-300x176.jpg 300w, https:\/\/jundiai.sp.gov.br\/noticias\/wp-content\/uploads\/sites\/32\/2019\/08\/abertura_ii_feira_cientifico_cultural_parque_da_uva-142-768x451.jpg 768w\" sizes=\"auto, (max-width: 1280px) 100vw, 1280px\" \/><\/a><p id=\"caption-attachment-233502\" class=\"wp-caption-text\">Na abertura da feira, prefeito destacou as a\u00e7\u00f5es inovadoras na Educa\u00e7\u00e3o: \u201cNosso alunos aprendem fazendo, aprendem brincando\u201d<\/p><\/div>\n<p>A cerim\u00f4nia de abertura da feira tamb\u00e9m contou com apresenta\u00e7\u00f5es de dan\u00e7a e m\u00fasica, feitas pelas escolas, e do espet\u00e1culo Instagrimm, da Cia. Jovem de Dan\u00e7a de Jundia\u00ed. O evento tem apoio e participa\u00e7\u00e3o da Funda\u00e7\u00e3o Serra do Japi, DAE, Unidam, Guarda Municipal de Jundia\u00ed, Pol\u00edcia Militar e das unidades de gest\u00e3o de Sa\u00fade e Agroneg\u00f3cio, Abastecimento e Turismo.<\/p>\n<p>A 2\u00aa Feira Cient\u00edfico-Cultural prossegue nesta quinta e sexta-feira, voltada apenas para alunos, e ser\u00e1 aberta \u00e0 comunidade em geral no s\u00e1bado, das 9h \u00e0s 16h. A entrada \u00e9 franca.<\/p>\n<p>Assessoria de Imprensa<br \/>\nFotos: Arquivo PMJ<\/p>\n","protected":false},"excerpt":{"rendered":"<p>Desde a noite desta quarta-feira (28), os tr\u00eas pavilh\u00f5es do Parque da Uva est\u00e3o tomados por um grande jogo de tabuleiro, montado por quase dez mil estudantes de Jundia\u00ed. Em cada casa do jogo, uma experi\u00eancia, maquete, v\u00eddeo ou exposi\u00e7\u00e3o retrata um peda\u00e7o da cidade; e, para ir de um pavilh\u00e3o a outro, h\u00e1 um [&hellip;]<\/p>\n","protected":false},"author":30,"featured_media":233501,"comment_status":"closed","ping_status":"closed","sticky":false,"template":"","format":"standard","meta":{"footnotes":""},"categories":[2],"tags":[6,1061],"ods":[],"class_list":["post-233500","post","type-post","status-publish","format-standard","has-post-thumbnail","hentry","category-noticias","tag-educacao","tag-escola-inovadora"],"_links":{"self":[{"href":"https:\/\/jundiai.sp.gov.br\/noticias\/wp-json\/wp\/v2\/posts\/233500","targetHints":{"allow":["GET"]}}],"collection":[{"href":"https:\/\/jundiai.sp.gov.br\/noticias\/wp-json\/wp\/v2\/posts"}],"about":[{"href":"https:\/\/jundiai.sp.gov.br\/noticias\/wp-json\/wp\/v2\/types\/post"}],"author":[{"embeddable":true,"href":"https:\/\/jundiai.sp.gov.br\/noticias\/wp-json\/wp\/v2\/users\/30"}],"replies":[{"embeddable":true,"href":"https:\/\/jundiai.sp.gov.br\/noticias\/wp-json\/wp\/v2\/comments?post=233500"}],"version-history":[{"count":2,"href":"https:\/\/jundiai.sp.gov.br\/noticias\/wp-json\/wp\/v2\/posts\/233500\/revisions"}],"predecessor-version":[{"id":233536,"href":"https:\/\/jundiai.sp.gov.br\/noticias\/wp-json\/wp\/v2\/posts\/233500\/revisions\/233536"}],"wp:featuredmedia":[{"embeddable":true,"href":"https:\/\/jundiai.sp.gov.br\/noticias\/wp-json\/wp\/v2\/media\/233501"}],"wp:attachment":[{"href":"https:\/\/jundiai.sp.gov.br\/noticias\/wp-json\/wp\/v2\/media?parent=233500"}],"wp:term":[{"taxonomy":"category","embeddable":true,"href":"https:\/\/jundiai.sp.gov.br\/noticias\/wp-json\/wp\/v2\/categories?post=233500"},{"taxonomy":"post_tag","embeddable":true,"href":"https:\/\/jundiai.sp.gov.br\/noticias\/wp-json\/wp\/v2\/tags?post=233500"},{"taxonomy":"ods","embeddable":true,"href":"https:\/\/jundiai.sp.gov.br\/noticias\/wp-json\/wp\/v2\/ods?post=233500"}],"curies":[{"name":"wp","href":"https:\/\/api.w.org\/{rel}","templated":true}]}}