{"id":233505,"date":"2019-08-29T13:34:22","date_gmt":"2019-08-29T16:34:22","guid":{"rendered":"https:\/\/jundiai.sp.gov.br\/noticias\/?p=233505"},"modified":"2019-08-29T14:32:07","modified_gmt":"2019-08-29T17:32:07","slug":"em-comemoracao-aos-dois-anos-prefeitura-realiza-tvtec-experience","status":"publish","type":"post","link":"https:\/\/jundiai.sp.gov.br\/noticias\/2019\/08\/29\/em-comemoracao-aos-dois-anos-prefeitura-realiza-tvtec-experience\/","title":{"rendered":"Em comemora\u00e7\u00e3o aos dois anos, Prefeitura realiza \u201cTVTEC Experience\u201d"},"content":{"rendered":"<p>A TVTEC, da Prefeitura de Jundia\u00ed, realiza no pr\u00f3ximo dia 31 de agosto (s\u00e1bado), das 8h30 \u00e0s 18h, o\u00a0TVTEC Experience, data marcada para celebrar os dois anos de projeto que integra tecnologia digital, produ\u00e7\u00e3o audiovisual, al\u00e9m de se consolidar como uma plataforma multim\u00eddia de informa\u00e7\u00e3o e entretenimento. Hoje, a institui\u00e7\u00e3o \u00e9 vista como modelo de sucesso no pa\u00eds, principalmente por conta de seu alinhamento enquanto emissora p\u00fablica e a presen\u00e7a marcante nas redes sociais.<\/p>\n<p>O evento que ser\u00e1 gratuito e aberto ao p\u00fablico ocorre na TVTEC, localizada no Complexo Argos, Vila Arens, contar\u00e1 com diversas oficinas, como as de fotografia, anima\u00e7\u00e3o, vlog e entrevista com celular e intelig\u00eancia emocional, al\u00e9m dos pain\u00e9is que abrem di\u00e1logo para produ\u00e7\u00e3o musical, influenciadores digitais, marketing pessoal, produ\u00e7\u00e3o de conte\u00fado para Youtube, empreendedorismo, entre outros.<\/p>\n<div id=\"attachment_233506\" style=\"width: 1090px\" class=\"wp-caption alignleft\"><a href=\"https:\/\/jundiai.sp.gov.br\/noticias\/wp-content\/uploads\/sites\/32\/2019\/08\/divulgacao_tvtec-exp_1080_01.jpg\"><img loading=\"lazy\" decoding=\"async\" aria-describedby=\"caption-attachment-233506\" class=\"size-full wp-image-233506\" src=\"https:\/\/jundiai.sp.gov.br\/noticias\/wp-content\/uploads\/sites\/32\/2019\/08\/divulgacao_tvtec-exp_1080_01.jpg\" alt=\"\" width=\"1080\" height=\"1080\" srcset=\"https:\/\/jundiai.sp.gov.br\/noticias\/wp-content\/uploads\/sites\/32\/2019\/08\/divulgacao_tvtec-exp_1080_01.jpg 1080w, https:\/\/jundiai.sp.gov.br\/noticias\/wp-content\/uploads\/sites\/32\/2019\/08\/divulgacao_tvtec-exp_1080_01-100x100.jpg 100w, https:\/\/jundiai.sp.gov.br\/noticias\/wp-content\/uploads\/sites\/32\/2019\/08\/divulgacao_tvtec-exp_1080_01-300x300.jpg 300w, https:\/\/jundiai.sp.gov.br\/noticias\/wp-content\/uploads\/sites\/32\/2019\/08\/divulgacao_tvtec-exp_1080_01-768x768.jpg 768w, https:\/\/jundiai.sp.gov.br\/noticias\/wp-content\/uploads\/sites\/32\/2019\/08\/divulgacao_tvtec-exp_1080_01-960x960.jpg 960w\" sizes=\"auto, (max-width: 1080px) 100vw, 1080px\" \/><\/a><p id=\"caption-attachment-233506\" class=\"wp-caption-text\">O evento \u00e9 gratuito e promete muito aprendizado para todos os participantes<\/p><\/div>\n<p>Muita troca de conhecimento e viv\u00eancias. Essa ser\u00e1 a marca registrada do TVTEC Experience, a maior experi\u00eancia em m\u00eddias sociais, audiovisual e neg\u00f3cios de Jundia\u00ed e regi\u00e3o. Ao longo do dia, os participantes tamb\u00e9m ser\u00e3o brindados com a apresenta\u00e7\u00e3o de dan\u00e7as sertanejas, e a presen\u00e7a de barracas de artesanatos do projeto \u2018Jundia\u00ed feito a m\u00e3o\u2019. Para encerrar, com chave de ouro, show de Nila Branco, Juliana Lima e Peu.<\/p>\n<p>Interessados em participar dos pain\u00e9is e oficinas, devem realizar a inscri\u00e7\u00e3o online ou na data do evento, dia 31, a partir das 8h30.<\/p>\n<p><strong>Sobre a TVTEC<br \/>\n<\/strong>A TVTEC \u00e9 a primeira escola municipal p\u00fablica do pa\u00eds, em parceria com o Centro Paula Souza na oferta de quase 3000\u00a0vagas oferecidas em 35 cursos, desde a sua inaugura\u00e7\u00e3o em 2017. Seguindo essa ideia, o TVTEC Experience promove a viv\u00eancia dos participantes por todos os espa\u00e7os, entre est\u00fadios de produ\u00e7\u00e3o, de jornalismo, r\u00e1dio e salas de aula. Participe!<\/p>\n<p><strong>SERVI\u00c7O<br \/>\n<\/strong><strong>TVTEC Experience<br \/>\nData:\u00a0<\/strong>31\/08\/2019<br \/>\n<strong>Hor\u00e1rio:<\/strong>\u00a08h30 \u00e0s 18h<br \/>\n<strong>Local:<\/strong>\u00a0TVTEC Jundia\u00ed \u2013 Avenida Doutor Cavalcanti, 396 (Complexo Argos)<br \/>\n<strong>Organiza\u00e7\u00e3o:<\/strong>\u00a0Prefeitura de Jundia\u00ed, TVTEC, CPS, Ugirc e Cijun.<\/p>\n<p><strong>Assessoria de Imprensa TVTEC<br \/>\nImagem: Divulga\u00e7\u00e3o\u00a0<\/strong><\/p>\n","protected":false},"excerpt":{"rendered":"<p>A TVTEC, da Prefeitura de Jundia\u00ed, realiza no pr\u00f3ximo dia 31 de agosto (s\u00e1bado), das 8h30 \u00e0s 18h, o\u00a0TVTEC Experience, data marcada para celebrar os dois anos de projeto que integra tecnologia digital, produ\u00e7\u00e3o audiovisual, al\u00e9m de se consolidar como uma plataforma multim\u00eddia de informa\u00e7\u00e3o e entretenimento. Hoje, a institui\u00e7\u00e3o \u00e9 vista como modelo de [&hellip;]<\/p>\n","protected":false},"author":30,"featured_media":232519,"comment_status":"closed","ping_status":"closed","sticky":false,"template":"","format":"standard","meta":{"footnotes":""},"categories":[2],"tags":[235,1005,58,1035],"ods":[],"class_list":["post-233505","post","type-post","status-publish","format-standard","has-post-thumbnail","hentry","category-noticias","tag-companhia-de-informatica-de-jundiai-cijun","tag-inovacao-e-relacao-com-o-cidadao","tag-prefeito","tag-tvtec"],"_links":{"self":[{"href":"https:\/\/jundiai.sp.gov.br\/noticias\/wp-json\/wp\/v2\/posts\/233505","targetHints":{"allow":["GET"]}}],"collection":[{"href":"https:\/\/jundiai.sp.gov.br\/noticias\/wp-json\/wp\/v2\/posts"}],"about":[{"href":"https:\/\/jundiai.sp.gov.br\/noticias\/wp-json\/wp\/v2\/types\/post"}],"author":[{"embeddable":true,"href":"https:\/\/jundiai.sp.gov.br\/noticias\/wp-json\/wp\/v2\/users\/30"}],"replies":[{"embeddable":true,"href":"https:\/\/jundiai.sp.gov.br\/noticias\/wp-json\/wp\/v2\/comments?post=233505"}],"version-history":[{"count":4,"href":"https:\/\/jundiai.sp.gov.br\/noticias\/wp-json\/wp\/v2\/posts\/233505\/revisions"}],"predecessor-version":[{"id":233510,"href":"https:\/\/jundiai.sp.gov.br\/noticias\/wp-json\/wp\/v2\/posts\/233505\/revisions\/233510"}],"wp:featuredmedia":[{"embeddable":true,"href":"https:\/\/jundiai.sp.gov.br\/noticias\/wp-json\/wp\/v2\/media\/232519"}],"wp:attachment":[{"href":"https:\/\/jundiai.sp.gov.br\/noticias\/wp-json\/wp\/v2\/media?parent=233505"}],"wp:term":[{"taxonomy":"category","embeddable":true,"href":"https:\/\/jundiai.sp.gov.br\/noticias\/wp-json\/wp\/v2\/categories?post=233505"},{"taxonomy":"post_tag","embeddable":true,"href":"https:\/\/jundiai.sp.gov.br\/noticias\/wp-json\/wp\/v2\/tags?post=233505"},{"taxonomy":"ods","embeddable":true,"href":"https:\/\/jundiai.sp.gov.br\/noticias\/wp-json\/wp\/v2\/ods?post=233505"}],"curies":[{"name":"wp","href":"https:\/\/api.w.org\/{rel}","templated":true}]}}