{"id":233659,"date":"2019-09-02T18:21:25","date_gmt":"2019-09-02T21:21:25","guid":{"rendered":"https:\/\/jundiai.sp.gov.br\/noticias\/?p=233659"},"modified":"2019-09-02T18:50:34","modified_gmt":"2019-09-02T21:50:34","slug":"com-dispositivos-ecologicos-paco-municipal-recebe-visitas-de-estudantes","status":"publish","type":"post","link":"https:\/\/jundiai.sp.gov.br\/noticias\/2019\/09\/02\/com-dispositivos-ecologicos-paco-municipal-recebe-visitas-de-estudantes\/","title":{"rendered":"Com dispositivos ecol\u00f3gicos, Pa\u00e7o Municipal recebe visitas de estudantes"},"content":{"rendered":"<p>O pr\u00e9dio do Pa\u00e7o Municipal, que completou 30 anos de constru\u00e7\u00e3o neste ano, \u00e9 ponto de visita\u00e7\u00e3o de estudantes pela arquitetura diferenciada e tamb\u00e9m pelos dispositivos ecol\u00f3gicos implementados para a redu\u00e7\u00e3o no consumo de \u00e1gua, economia de energia e equil\u00edbrio da temperatura.<\/p>\n<p>A Prefeitura de Jundia\u00ed adota medidas sustent\u00e1veis tamb\u00e9m em outros equipamentos p\u00fablicos, j\u00e1 em utiliza\u00e7\u00e3o e em constru\u00e7\u00e3o. Constru\u00eddo com andares abertos, janelas amplas em vidro e teto transparente, o pr\u00e9dio do Pa\u00e7o \u00e9 apresentado aos estudantes como modelo de pr\u00e9dio p\u00fablico.<\/p>\n<p><a href=\"https:\/\/jundiai.sp.gov.br\/noticias\/wp-content\/uploads\/sites\/32\/2019\/09\/paco-4.jpg\"><img loading=\"lazy\" decoding=\"async\" class=\"size-full wp-image-233660\" src=\"https:\/\/jundiai.sp.gov.br\/noticias\/wp-content\/uploads\/sites\/32\/2019\/09\/paco-4.jpg\" alt=\"\" width=\"1240\" height=\"857\" srcset=\"https:\/\/jundiai.sp.gov.br\/noticias\/wp-content\/uploads\/sites\/32\/2019\/09\/paco-4.jpg 1240w, https:\/\/jundiai.sp.gov.br\/noticias\/wp-content\/uploads\/sites\/32\/2019\/09\/paco-4-300x207.jpg 300w, https:\/\/jundiai.sp.gov.br\/noticias\/wp-content\/uploads\/sites\/32\/2019\/09\/paco-4-768x531.jpg 768w\" sizes=\"auto, (max-width: 1240px) 100vw, 1240px\" \/><\/a><span style=\"font-size: 14px;\">Pa\u00e7o Municipal \u00e9 visitado por crian\u00e7as; pr\u00e9dio que completou 30 anos conta com ilumina\u00e7\u00e3o natural, jardim para controle de temperatura interna e piso que facilita a infiltra\u00e7\u00e3o da \u00e1gua para o len\u00e7ol fre\u00e1tico<\/span><\/p>\n<p>\u201cAl\u00e9m da pr\u00f3pria estrutura e arquitetura ter sido desenhada para o melhor aproveitamento da ventila\u00e7\u00e3o e da ilumina\u00e7\u00e3o, o jardim, localizado no t\u00e9rreo, colabora para o controle de temperatura interna. Ainda existem os dispositivos de controle de consumo de \u00e1gua nas torneiras e descargas\u201d, explica o diretor Tadeu Mantovani, respons\u00e1vel pela visita\u00e7\u00e3o orientada. As visita\u00e7\u00f5es podem ser agendadas diretamente com a Unidade de Gest\u00e3o e Rela\u00e7\u00e3o com o Cidad\u00e3o (UGIRC), departamento de Cerimonial.<\/p>\n<p>O piso do pr\u00e9dio tamb\u00e9m foi pensado para ser sustent\u00e1vel. As \u00e1reas interna e externa contam com pavimento feito no modelo de piso portugu\u00eas, para a infiltra\u00e7\u00e3o da \u00e1gua no len\u00e7ol fre\u00e1tico. A administra\u00e7\u00e3o tem adotado medidas de redu\u00e7\u00e3o no consumo de \u00e1gua e de energia nos demais pr\u00e9dios e equipamentos p\u00fablicos.<\/p>\n<p><a href=\"https:\/\/jundiai.sp.gov.br\/noticias\/wp-content\/uploads\/sites\/32\/2019\/09\/materiais_emeb_candelario_de_freitas-67.jpg\"><img loading=\"lazy\" decoding=\"async\" class=\"size-full wp-image-233661\" src=\"https:\/\/jundiai.sp.gov.br\/noticias\/wp-content\/uploads\/sites\/32\/2019\/09\/materiais_emeb_candelario_de_freitas-67.jpg\" alt=\"\" width=\"1280\" height=\"767\" srcset=\"https:\/\/jundiai.sp.gov.br\/noticias\/wp-content\/uploads\/sites\/32\/2019\/09\/materiais_emeb_candelario_de_freitas-67.jpg 1280w, https:\/\/jundiai.sp.gov.br\/noticias\/wp-content\/uploads\/sites\/32\/2019\/09\/materiais_emeb_candelario_de_freitas-67-300x180.jpg 300w, https:\/\/jundiai.sp.gov.br\/noticias\/wp-content\/uploads\/sites\/32\/2019\/09\/materiais_emeb_candelario_de_freitas-67-768x460.jpg 768w\" sizes=\"auto, (max-width: 1280px) 100vw, 1280px\" \/><\/a><span style=\"font-size: 14px;\">Emeb Professor Joaquim Candel\u00e1rio de Freitas contar\u00e1 com v\u00e1rios dispositivos sustent\u00e1veis<\/span><\/p>\n<p><strong>Economia<br \/>\n<\/strong>A ilumina\u00e7\u00e3o da pista de atletismo e das vias internas do Complexo Educacional, Cultural e Esportivo (CECE) Dr. Nicolino de Luca (Bol\u00e3o) foram trocadas pelo LED, no final de 2018. A medida, al\u00e9m de economizar no gasto de energia, tamb\u00e9m proporciona melhor qualidade de ilumina\u00e7\u00e3o do local.<\/p>\n<p>Ainda em constru\u00e7\u00e3o, o pr\u00e9dio da Escola Municipal de Educa\u00e7\u00e3o B\u00e1sica (Emeb) Professor Joaquim Candel\u00e1rio de Freitas, na Hortol\u00e2ndia, contar\u00e1 com dispositivos ecol\u00f3gicos, al\u00e9m dos economizadores de \u00e1gua nas torneiras e banheiros, ser\u00e1 instalado um painel fotovoltaico para gera\u00e7\u00e3o de energia solar, ilumina\u00e7\u00e3o em LED, prepara\u00e7\u00e3o para recep\u00e7\u00e3o de energia eletrovoltaica, aquecimento solar (\u00e1gua) e reuso de \u00e1gua para limpeza de \u00e1rea externa. A escola ainda ser\u00e1 integrada \u00e0 pra\u00e7a localizada no terreno ao lado.<\/p>\n<p><strong>Assessoria de Imprensa<\/strong><br \/>\n<strong>Fotos: Fot\u00f3grafos PMJ<\/strong><\/p>\n","protected":false},"excerpt":{"rendered":"<p>O pr\u00e9dio do Pa\u00e7o Municipal, que completou 30 anos de constru\u00e7\u00e3o neste ano, \u00e9 ponto de visita\u00e7\u00e3o de estudantes pela arquitetura diferenciada e tamb\u00e9m pelos dispositivos ecol\u00f3gicos implementados para a redu\u00e7\u00e3o no consumo de \u00e1gua, economia de energia e equil\u00edbrio da temperatura. A Prefeitura de Jundia\u00ed adota medidas sustent\u00e1veis tamb\u00e9m em outros equipamentos p\u00fablicos, j\u00e1 [&hellip;]<\/p>\n","protected":false},"author":30,"featured_media":0,"comment_status":"closed","ping_status":"closed","sticky":false,"template":"","format":"standard","meta":{"footnotes":""},"categories":[2],"tags":[1005,138],"ods":[],"class_list":["post-233659","post","type-post","status-publish","format-standard","hentry","category-noticias","tag-inovacao-e-relacao-com-o-cidadao","tag-paco-municipal"],"_links":{"self":[{"href":"https:\/\/jundiai.sp.gov.br\/noticias\/wp-json\/wp\/v2\/posts\/233659","targetHints":{"allow":["GET"]}}],"collection":[{"href":"https:\/\/jundiai.sp.gov.br\/noticias\/wp-json\/wp\/v2\/posts"}],"about":[{"href":"https:\/\/jundiai.sp.gov.br\/noticias\/wp-json\/wp\/v2\/types\/post"}],"author":[{"embeddable":true,"href":"https:\/\/jundiai.sp.gov.br\/noticias\/wp-json\/wp\/v2\/users\/30"}],"replies":[{"embeddable":true,"href":"https:\/\/jundiai.sp.gov.br\/noticias\/wp-json\/wp\/v2\/comments?post=233659"}],"version-history":[{"count":3,"href":"https:\/\/jundiai.sp.gov.br\/noticias\/wp-json\/wp\/v2\/posts\/233659\/revisions"}],"predecessor-version":[{"id":233664,"href":"https:\/\/jundiai.sp.gov.br\/noticias\/wp-json\/wp\/v2\/posts\/233659\/revisions\/233664"}],"wp:attachment":[{"href":"https:\/\/jundiai.sp.gov.br\/noticias\/wp-json\/wp\/v2\/media?parent=233659"}],"wp:term":[{"taxonomy":"category","embeddable":true,"href":"https:\/\/jundiai.sp.gov.br\/noticias\/wp-json\/wp\/v2\/categories?post=233659"},{"taxonomy":"post_tag","embeddable":true,"href":"https:\/\/jundiai.sp.gov.br\/noticias\/wp-json\/wp\/v2\/tags?post=233659"},{"taxonomy":"ods","embeddable":true,"href":"https:\/\/jundiai.sp.gov.br\/noticias\/wp-json\/wp\/v2\/ods?post=233659"}],"curies":[{"name":"wp","href":"https:\/\/api.w.org\/{rel}","templated":true}]}}