{"id":233681,"date":"2019-09-03T10:54:44","date_gmt":"2019-09-03T13:54:44","guid":{"rendered":"https:\/\/jundiai.sp.gov.br\/noticias\/?p=233681"},"modified":"2019-09-03T11:55:32","modified_gmt":"2019-09-03T14:55:32","slug":"cafe-tecnologico-tera-palestra-sobre-marketing-para-startups","status":"publish","type":"post","link":"https:\/\/jundiai.sp.gov.br\/noticias\/2019\/09\/03\/cafe-tecnologico-tera-palestra-sobre-marketing-para-startups\/","title":{"rendered":"Caf\u00e9 Tecnol\u00f3gico ter\u00e1 palestra sobre \u2018Marketing para Startups\u2019"},"content":{"rendered":"<p>A Unidade de Gest\u00e3o de Desenvolvimento Econ\u00f4mico, Ci\u00eancia e Tecnologia (UGDECT) realiza, no pr\u00f3ximo dia 11, a partir das 8h30, mais uma edi\u00e7\u00e3o do Caf\u00e9 Tecnol\u00f3gico @CitJun, na Incubadora de Empresas de Jundia\u00ed.<\/p>\n<div id=\"attachment_233682\" style=\"width: 1250px\" class=\"wp-caption alignleft\"><a href=\"https:\/\/jundiai.sp.gov.br\/noticias\/wp-content\/uploads\/sites\/32\/2019\/09\/cafe-com-negocios-incubadora_c_-13.jpg\"><img loading=\"lazy\" decoding=\"async\" aria-describedby=\"caption-attachment-233682\" class=\"size-full wp-image-233682\" src=\"https:\/\/jundiai.sp.gov.br\/noticias\/wp-content\/uploads\/sites\/32\/2019\/09\/cafe-com-negocios-incubadora_c_-13.jpg\" alt=\"\" width=\"1240\" height=\"905\" srcset=\"https:\/\/jundiai.sp.gov.br\/noticias\/wp-content\/uploads\/sites\/32\/2019\/09\/cafe-com-negocios-incubadora_c_-13.jpg 1240w, https:\/\/jundiai.sp.gov.br\/noticias\/wp-content\/uploads\/sites\/32\/2019\/09\/cafe-com-negocios-incubadora_c_-13-300x219.jpg 300w, https:\/\/jundiai.sp.gov.br\/noticias\/wp-content\/uploads\/sites\/32\/2019\/09\/cafe-com-negocios-incubadora_c_-13-768x561.jpg 768w\" sizes=\"auto, (max-width: 1240px) 100vw, 1240px\" \/><\/a><p id=\"caption-attachment-233682\" class=\"wp-caption-text\">Caf\u00e9 Tecnol\u00f3gico promove palestra sobre \u2018Marketing para Startups\u2019<\/p><\/div>\n<p>O evento, que \u00e9 aberto aos interessados, contar\u00e1 com palestra de Renato Toi (executivo da Baita Aceleradora), sobre o tema \u2018Marketing para Startups\u2019. O Caf\u00e9 Tecnol\u00f3gico \u00e9 realizado pela UGDECT com objetivo de estabelecer networking entre os incubados e oferecer espa\u00e7o para apresenta\u00e7\u00e3o de assuntos relevantes ao desenvolvimento e fortalecimento dos empreendedores.<\/p>\n<p>A Incubadora de Empresas @CitJun est\u00e1 localizada na avenida Armando Giasetti, 480, Engordadouro. O encontro ter\u00e1 in\u00edcio \u00e0s 8h30.<\/p>\n<p><strong>Assessoria de Imprensa<\/strong><br \/>\n<strong>Fotos: Fot\u00f3grafos PMJ<\/strong><\/p>\n","protected":false},"excerpt":{"rendered":"<p>A Unidade de Gest\u00e3o de Desenvolvimento Econ\u00f4mico, Ci\u00eancia e Tecnologia (UGDECT) realiza, no pr\u00f3ximo dia 11, a partir das 8h30, mais uma edi\u00e7\u00e3o do Caf\u00e9 Tecnol\u00f3gico @CitJun, na Incubadora de Empresas de Jundia\u00ed. O evento, que \u00e9 aberto aos interessados, contar\u00e1 com palestra de Renato Toi (executivo da Baita Aceleradora), sobre o tema \u2018Marketing para [&hellip;]<\/p>\n","protected":false},"author":30,"featured_media":0,"comment_status":"closed","ping_status":"closed","sticky":false,"template":"","format":"standard","meta":{"footnotes":""},"categories":[2],"tags":[365,570],"ods":[],"class_list":["post-233681","post","type-post","status-publish","format-standard","hentry","category-noticias","tag-desenvolvimento-economico-ciencia-e-tecnologia","tag-incubadora-de-empresas-de-jundiai-citjun"],"_links":{"self":[{"href":"https:\/\/jundiai.sp.gov.br\/noticias\/wp-json\/wp\/v2\/posts\/233681","targetHints":{"allow":["GET"]}}],"collection":[{"href":"https:\/\/jundiai.sp.gov.br\/noticias\/wp-json\/wp\/v2\/posts"}],"about":[{"href":"https:\/\/jundiai.sp.gov.br\/noticias\/wp-json\/wp\/v2\/types\/post"}],"author":[{"embeddable":true,"href":"https:\/\/jundiai.sp.gov.br\/noticias\/wp-json\/wp\/v2\/users\/30"}],"replies":[{"embeddable":true,"href":"https:\/\/jundiai.sp.gov.br\/noticias\/wp-json\/wp\/v2\/comments?post=233681"}],"version-history":[{"count":2,"href":"https:\/\/jundiai.sp.gov.br\/noticias\/wp-json\/wp\/v2\/posts\/233681\/revisions"}],"predecessor-version":[{"id":233698,"href":"https:\/\/jundiai.sp.gov.br\/noticias\/wp-json\/wp\/v2\/posts\/233681\/revisions\/233698"}],"wp:attachment":[{"href":"https:\/\/jundiai.sp.gov.br\/noticias\/wp-json\/wp\/v2\/media?parent=233681"}],"wp:term":[{"taxonomy":"category","embeddable":true,"href":"https:\/\/jundiai.sp.gov.br\/noticias\/wp-json\/wp\/v2\/categories?post=233681"},{"taxonomy":"post_tag","embeddable":true,"href":"https:\/\/jundiai.sp.gov.br\/noticias\/wp-json\/wp\/v2\/tags?post=233681"},{"taxonomy":"ods","embeddable":true,"href":"https:\/\/jundiai.sp.gov.br\/noticias\/wp-json\/wp\/v2\/ods?post=233681"}],"curies":[{"name":"wp","href":"https:\/\/api.w.org\/{rel}","templated":true}]}}