{"id":233752,"date":"2019-09-04T17:41:35","date_gmt":"2019-09-04T20:41:35","guid":{"rendered":"https:\/\/jundiai.sp.gov.br\/noticias\/?p=233752"},"modified":"2019-09-04T17:41:35","modified_gmt":"2019-09-04T20:41:35","slug":"equipamentos-de-fiscalizacao-sao-testados-sem-multas-para-os-motoristas","status":"publish","type":"post","link":"https:\/\/jundiai.sp.gov.br\/noticias\/2019\/09\/04\/equipamentos-de-fiscalizacao-sao-testados-sem-multas-para-os-motoristas\/","title":{"rendered":"Equipamentos de fiscaliza\u00e7\u00e3o s\u00e3o testados, sem multas para os motoristas"},"content":{"rendered":"<p>De modo a esclarecer a popula\u00e7\u00e3o, a Unidade de Gest\u00e3o de Mobilidade e Transporte (UGMT) informa que, durante o m\u00eas de setembro, a empresa especializada para a presta\u00e7\u00e3o de servi\u00e7os de fiscaliza\u00e7\u00e3o do tr\u00e2nsito realiza testes da estrutura dos equipamentos de velocidade em algumas vias da cidade (veja os endere\u00e7os abaixo). N\u00e3o h\u00e1 a\u00e7\u00e3o fiscalizat\u00f3ria e aplica\u00e7\u00e3o de multas para os motoristas, sendo esta uma a\u00e7\u00e3o necess\u00e1ria para verifica\u00e7\u00e3o da funcionalidade e certifica\u00e7\u00e3o dos equipamentos, prevista nos termos do processo licitat\u00f3rio. Segundo a UGMT, somente ap\u00f3s a aprova\u00e7\u00e3o dos equipamentos nos termos do edital, a contrata\u00e7\u00e3o da empresa respons\u00e1vel poder\u00e1 ser legalmente efetivada.<\/p>\n<div id=\"attachment_233753\" style=\"width: 1290px\" class=\"wp-caption alignleft\"><a href=\"https:\/\/jundiai.sp.gov.br\/noticias\/wp-content\/uploads\/sites\/32\/2019\/09\/transito-4.jpg\"><img loading=\"lazy\" decoding=\"async\" aria-describedby=\"caption-attachment-233753\" class=\"size-full wp-image-233753\" src=\"https:\/\/jundiai.sp.gov.br\/noticias\/wp-content\/uploads\/sites\/32\/2019\/09\/transito-4.jpg\" alt=\"\" width=\"1280\" height=\"818\" srcset=\"https:\/\/jundiai.sp.gov.br\/noticias\/wp-content\/uploads\/sites\/32\/2019\/09\/transito-4.jpg 1280w, https:\/\/jundiai.sp.gov.br\/noticias\/wp-content\/uploads\/sites\/32\/2019\/09\/transito-4-300x192.jpg 300w, https:\/\/jundiai.sp.gov.br\/noticias\/wp-content\/uploads\/sites\/32\/2019\/09\/transito-4-768x491.jpg 768w\" sizes=\"auto, (max-width: 1280px) 100vw, 1280px\" \/><\/a><p id=\"caption-attachment-233753\" class=\"wp-caption-text\">Motoristas n\u00e3o s\u00e3o multados na fase de testes dos equipamentos<\/p><\/div>\n<p>De acordo com dados do Infosiga, entre janeiro e julho deste ano, 32 pessoas morreram em acidentes de tr\u00e2nsito no Munic\u00edpio. Em todo o ano de 2018, foram 67 mortes registradas. Entre as a\u00e7\u00f5es em favor da seguran\u00e7a no tr\u00e2nsito, a UGMT implantou 25.934 metros quadrados de sinaliza\u00e7\u00e3o horizontal de tr\u00e2nsito de janeiro a maio deste ano, um aumento de quase 47% em rela\u00e7\u00e3o a igual per\u00edodo no ano passado, quando foram implantados 17.678 metros quadrados de sinaliza\u00e7\u00e3o horizontal.<\/p>\n<p>Veja os endere\u00e7os onde s\u00e3o feitos os testes dos equipamentos medidores de velocidade:<\/p>\n<p>\u2013 Avenida 9 de Julho x Rua Prof\u00aa Ernestina Ribeiro (sentido Anhanguera\/Pa\u00e7o): radar de excesso de velocidade tipo fixo;<br \/>\n\u2013 Avenida 9 de Julho x Rua Prof\u00aa Ernestina Ribeiro (sentido Pa\u00e7o\/Anhanguera): radar de excesso de velocidade, avan\u00e7o de fase vermelho, parada sobre faixa;<br \/>\n\u2013 Avenida Giustiniano Borin, 30 metros antes da Rua Roberto Chrispin: radar de excesso de velocidade tipo lombada eletr\u00f4nica;<br \/>\n\u2013 Rua Aurora Germano de Lemos: equipamento n\u00e3o metrol\u00f3gico de controle de infra\u00e7\u00f5es de circula\u00e7\u00e3o com restri\u00e7\u00e3o de ve\u00edculo.<\/p>\n<p><strong>Assessoria de Imprensa<br \/>\nFoto: Fot\u00f3grafos PMJ<\/strong><\/p>\n","protected":false},"excerpt":{"rendered":"<p>De modo a esclarecer a popula\u00e7\u00e3o, a Unidade de Gest\u00e3o de Mobilidade e Transporte (UGMT) informa que, durante o m\u00eas de setembro, a empresa especializada para a presta\u00e7\u00e3o de servi\u00e7os de fiscaliza\u00e7\u00e3o do tr\u00e2nsito realiza testes da estrutura dos equipamentos de velocidade em algumas vias da cidade (veja os endere\u00e7os abaixo). N\u00e3o h\u00e1 a\u00e7\u00e3o fiscalizat\u00f3ria [&hellip;]<\/p>\n","protected":false},"author":30,"featured_media":233753,"comment_status":"closed","ping_status":"closed","sticky":false,"template":"","format":"standard","meta":{"footnotes":""},"categories":[2],"tags":[982],"ods":[],"class_list":["post-233752","post","type-post","status-publish","format-standard","has-post-thumbnail","hentry","category-noticias","tag-mobilidade-e-transporte"],"_links":{"self":[{"href":"https:\/\/jundiai.sp.gov.br\/noticias\/wp-json\/wp\/v2\/posts\/233752","targetHints":{"allow":["GET"]}}],"collection":[{"href":"https:\/\/jundiai.sp.gov.br\/noticias\/wp-json\/wp\/v2\/posts"}],"about":[{"href":"https:\/\/jundiai.sp.gov.br\/noticias\/wp-json\/wp\/v2\/types\/post"}],"author":[{"embeddable":true,"href":"https:\/\/jundiai.sp.gov.br\/noticias\/wp-json\/wp\/v2\/users\/30"}],"replies":[{"embeddable":true,"href":"https:\/\/jundiai.sp.gov.br\/noticias\/wp-json\/wp\/v2\/comments?post=233752"}],"version-history":[{"count":1,"href":"https:\/\/jundiai.sp.gov.br\/noticias\/wp-json\/wp\/v2\/posts\/233752\/revisions"}],"predecessor-version":[{"id":233754,"href":"https:\/\/jundiai.sp.gov.br\/noticias\/wp-json\/wp\/v2\/posts\/233752\/revisions\/233754"}],"wp:featuredmedia":[{"embeddable":true,"href":"https:\/\/jundiai.sp.gov.br\/noticias\/wp-json\/wp\/v2\/media\/233753"}],"wp:attachment":[{"href":"https:\/\/jundiai.sp.gov.br\/noticias\/wp-json\/wp\/v2\/media?parent=233752"}],"wp:term":[{"taxonomy":"category","embeddable":true,"href":"https:\/\/jundiai.sp.gov.br\/noticias\/wp-json\/wp\/v2\/categories?post=233752"},{"taxonomy":"post_tag","embeddable":true,"href":"https:\/\/jundiai.sp.gov.br\/noticias\/wp-json\/wp\/v2\/tags?post=233752"},{"taxonomy":"ods","embeddable":true,"href":"https:\/\/jundiai.sp.gov.br\/noticias\/wp-json\/wp\/v2\/ods?post=233752"}],"curies":[{"name":"wp","href":"https:\/\/api.w.org\/{rel}","templated":true}]}}