{"id":233769,"date":"2019-09-05T13:13:54","date_gmt":"2019-09-05T16:13:54","guid":{"rendered":"https:\/\/jundiai.sp.gov.br\/noticias\/?p=233769"},"modified":"2019-09-05T13:13:54","modified_gmt":"2019-09-05T16:13:54","slug":"sarampo-e-tema-de-formacao-para-profissionais-da-saude","status":"publish","type":"post","link":"https:\/\/jundiai.sp.gov.br\/noticias\/2019\/09\/05\/sarampo-e-tema-de-formacao-para-profissionais-da-saude\/","title":{"rendered":"Sarampo \u00e9 tema de forma\u00e7\u00e3o para profissionais da Sa\u00fade"},"content":{"rendered":"<p>Realizada trimestralmente, a reuni\u00e3o dos m\u00e9dicos e profissionais da Aten\u00e7\u00e3o B\u00e1sica da Unidade de Gest\u00e3o de Promo\u00e7\u00e3o da Sa\u00fade (UGPS), da Prefeitura de Jundia\u00ed, no Pa\u00e7o Municipal, contou com forma\u00e7\u00e3o espec\u00edfica para o sarampo, doen\u00e7a que estava controlada no Brasil e que nas \u00faltimas semanas t\u00eam registrado casos na cidade. Feita em parceira com a Faculdade de Medicina de Jundia\u00ed (FMJ), o tema foi detalhado para a facilita\u00e7\u00e3o do diagn\u00f3stico e orienta\u00e7\u00e3o sobre tratamento. A apresenta\u00e7\u00e3o sobre a situa\u00e7\u00e3o epidemiol\u00f3gica tamb\u00e9m foi apresentada aos participantes.<\/p>\n<div id=\"attachment_233770\" style=\"width: 1290px\" class=\"wp-caption alignleft\"><a href=\"https:\/\/jundiai.sp.gov.br\/noticias\/wp-content\/uploads\/sites\/32\/2019\/09\/auditorio_sarampo-42.jpg\"><img loading=\"lazy\" decoding=\"async\" aria-describedby=\"caption-attachment-233770\" class=\"size-full wp-image-233770\" src=\"https:\/\/jundiai.sp.gov.br\/noticias\/wp-content\/uploads\/sites\/32\/2019\/09\/auditorio_sarampo-42.jpg\" alt=\"\" width=\"1280\" height=\"904\" srcset=\"https:\/\/jundiai.sp.gov.br\/noticias\/wp-content\/uploads\/sites\/32\/2019\/09\/auditorio_sarampo-42.jpg 1280w, https:\/\/jundiai.sp.gov.br\/noticias\/wp-content\/uploads\/sites\/32\/2019\/09\/auditorio_sarampo-42-300x212.jpg 300w, https:\/\/jundiai.sp.gov.br\/noticias\/wp-content\/uploads\/sites\/32\/2019\/09\/auditorio_sarampo-42-768x542.jpg 768w\" sizes=\"auto, (max-width: 1280px) 100vw, 1280px\" \/><\/a><p id=\"caption-attachment-233770\" class=\"wp-caption-text\">A pediatra da Vigil\u00e2ncia Epidemiol\u00f3gica de Jundia\u00ed, Madalena Mayumi Namba Hirayama apresentou os dados da cidade<\/p><\/div>\n<p>Segundo o gestor da UGPS, Tiago Texera, que participou dos dois encontros (quarta e quinta-feira), o trabalho de forma\u00e7\u00e3o continuada amplia o repert\u00f3rio m\u00e9dico e t\u00e9cnico. \u201cA apresenta\u00e7\u00e3o de estudo sobre o sarampo, com dados mundiais s\u00e3o fundamentais para que o nosso corpo cl\u00ednico esteja sempre atualizado. O sarampo era uma doen\u00e7a controlada h\u00e1 duas d\u00e9cadas. A parceria com os especialistas da FMJ proporcionam informa\u00e7\u00f5es de qualidade de forma r\u00e1pida\u201d, detalha.<\/p>\n<p>Para o m\u00e9dico Saulo Passos, docente da FMJ e respons\u00e1vel pela palestra de forma\u00e7\u00e3o, a troca de experi\u00eancias \u00e9 enriquecedora. \u201cOs m\u00e9dicos, enfermeiros e t\u00e9cnicos formados nos \u00faltimos 20 anos n\u00e3o haviam tido contato com o sarampo. Encontros que proporcionam a conversa entre as v\u00e1rias gera\u00e7\u00f5es, com relatos de casos, diagn\u00f3stico, tratamento e com discuss\u00f5es t\u00e9cnicas resultam em melhor diagn\u00f3stico em campo\u201d, resume. De acordo com a diretora de Aten\u00e7\u00e3o B\u00e1sica da UGPS, Fabiana Barrete, o resultado do encontro foi positivo. \u201cOs participantes sa\u00edram satisfeitos com as informa\u00e7\u00f5es recebidas. O sarampo \u00e9 uma doen\u00e7a que exige diagn\u00f3stico r\u00e1pido e certeiro, para que possa ser feito o bloqueio eficiente e evitar a transmiss\u00e3o para outras pessoas, j\u00e1 que \u00e9 uma doen\u00e7a de f\u00e1cil contamina\u00e7\u00e3o\u201d, argumenta.<\/p>\n<div id=\"attachment_233771\" style=\"width: 1290px\" class=\"wp-caption alignleft\"><a href=\"https:\/\/jundiai.sp.gov.br\/noticias\/wp-content\/uploads\/sites\/32\/2019\/09\/auditorio_sarampo-5.jpg\"><img loading=\"lazy\" decoding=\"async\" aria-describedby=\"caption-attachment-233771\" class=\"size-full wp-image-233771\" src=\"https:\/\/jundiai.sp.gov.br\/noticias\/wp-content\/uploads\/sites\/32\/2019\/09\/auditorio_sarampo-5.jpg\" alt=\"\" width=\"1280\" height=\"808\" srcset=\"https:\/\/jundiai.sp.gov.br\/noticias\/wp-content\/uploads\/sites\/32\/2019\/09\/auditorio_sarampo-5.jpg 1280w, https:\/\/jundiai.sp.gov.br\/noticias\/wp-content\/uploads\/sites\/32\/2019\/09\/auditorio_sarampo-5-300x189.jpg 300w, https:\/\/jundiai.sp.gov.br\/noticias\/wp-content\/uploads\/sites\/32\/2019\/09\/auditorio_sarampo-5-768x485.jpg 768w\" sizes=\"auto, (max-width: 1280px) 100vw, 1280px\" \/><\/a><p id=\"caption-attachment-233771\" class=\"wp-caption-text\">Forma\u00e7\u00e3o sobre Sarampo foi realizada durante reuni\u00e3o trimestral da Aten\u00e7\u00e3o B\u00e1sica<\/p><\/div>\n<p>A m\u00e9dica da Vigil\u00e2ncia Epidemiol\u00f3gica (VE) Madalena Mayumi Namba Hirayama, encerrou o encontro com a apresenta\u00e7\u00e3o dos dados epidemiol\u00f3gicos de Jundia\u00ed, que registra, at\u00e9 o dia 3 de setembro, 129 notifica\u00e7\u00f5es, cinco descartados e 14 positivos. \u201cA correta identifica\u00e7\u00e3o da doen\u00e7a e coleta dos exames garante o melhor cuidado da cidade\u201d, explica.<\/p>\n<p><strong>Assessoria de Imprensa<\/strong><br \/>\n<strong>Fotos: Fot\u00f3grafos PMJ<\/strong><\/p>\n","protected":false},"excerpt":{"rendered":"<p>Realizada trimestralmente, a reuni\u00e3o dos m\u00e9dicos e profissionais da Aten\u00e7\u00e3o B\u00e1sica da Unidade de Gest\u00e3o de Promo\u00e7\u00e3o da Sa\u00fade (UGPS), da Prefeitura de Jundia\u00ed, no Pa\u00e7o Municipal, contou com forma\u00e7\u00e3o espec\u00edfica para o sarampo, doen\u00e7a que estava controlada no Brasil e que nas \u00faltimas semanas t\u00eam registrado casos na cidade. Feita em parceira com a [&hellip;]<\/p>\n","protected":false},"author":30,"featured_media":233770,"comment_status":"closed","ping_status":"closed","sticky":false,"template":"","format":"standard","meta":{"footnotes":""},"categories":[2],"tags":[378,981,317],"ods":[],"class_list":["post-233769","post","type-post","status-publish","format-standard","has-post-thumbnail","hentry","category-noticias","tag-faculdade-de-medicina-de-jundiai-fmj","tag-promocao-da-saude","tag-vigilancia-epidemiologica"],"_links":{"self":[{"href":"https:\/\/jundiai.sp.gov.br\/noticias\/wp-json\/wp\/v2\/posts\/233769","targetHints":{"allow":["GET"]}}],"collection":[{"href":"https:\/\/jundiai.sp.gov.br\/noticias\/wp-json\/wp\/v2\/posts"}],"about":[{"href":"https:\/\/jundiai.sp.gov.br\/noticias\/wp-json\/wp\/v2\/types\/post"}],"author":[{"embeddable":true,"href":"https:\/\/jundiai.sp.gov.br\/noticias\/wp-json\/wp\/v2\/users\/30"}],"replies":[{"embeddable":true,"href":"https:\/\/jundiai.sp.gov.br\/noticias\/wp-json\/wp\/v2\/comments?post=233769"}],"version-history":[{"count":1,"href":"https:\/\/jundiai.sp.gov.br\/noticias\/wp-json\/wp\/v2\/posts\/233769\/revisions"}],"predecessor-version":[{"id":233772,"href":"https:\/\/jundiai.sp.gov.br\/noticias\/wp-json\/wp\/v2\/posts\/233769\/revisions\/233772"}],"wp:featuredmedia":[{"embeddable":true,"href":"https:\/\/jundiai.sp.gov.br\/noticias\/wp-json\/wp\/v2\/media\/233770"}],"wp:attachment":[{"href":"https:\/\/jundiai.sp.gov.br\/noticias\/wp-json\/wp\/v2\/media?parent=233769"}],"wp:term":[{"taxonomy":"category","embeddable":true,"href":"https:\/\/jundiai.sp.gov.br\/noticias\/wp-json\/wp\/v2\/categories?post=233769"},{"taxonomy":"post_tag","embeddable":true,"href":"https:\/\/jundiai.sp.gov.br\/noticias\/wp-json\/wp\/v2\/tags?post=233769"},{"taxonomy":"ods","embeddable":true,"href":"https:\/\/jundiai.sp.gov.br\/noticias\/wp-json\/wp\/v2\/ods?post=233769"}],"curies":[{"name":"wp","href":"https:\/\/api.w.org\/{rel}","templated":true}]}}