{"id":233874,"date":"2019-09-09T17:45:03","date_gmt":"2019-09-09T20:45:03","guid":{"rendered":"https:\/\/jundiai.sp.gov.br\/noticias\/?p=233874"},"modified":"2019-09-09T19:09:05","modified_gmt":"2019-09-09T22:09:05","slug":"procon-movel-fica-no-poupatempo-ate-sexta-feira-13","status":"publish","type":"post","link":"https:\/\/jundiai.sp.gov.br\/noticias\/2019\/09\/09\/procon-movel-fica-no-poupatempo-ate-sexta-feira-13\/","title":{"rendered":"Procon M\u00f3vel fica no Poupatempo at\u00e9 sexta-feira (13)"},"content":{"rendered":"<div id=\"attachment_233875\" style=\"width: 1290px\" class=\"wp-caption alignleft\"><a href=\"https:\/\/jundiai.sp.gov.br\/noticias\/wp-content\/uploads\/sites\/32\/2019\/09\/procon_movel-3.jpg\"><img loading=\"lazy\" decoding=\"async\" aria-describedby=\"caption-attachment-233875\" class=\"size-full wp-image-233875\" src=\"https:\/\/jundiai.sp.gov.br\/noticias\/wp-content\/uploads\/sites\/32\/2019\/09\/procon_movel-3.jpg\" alt=\"\" width=\"1280\" height=\"853\" srcset=\"https:\/\/jundiai.sp.gov.br\/noticias\/wp-content\/uploads\/sites\/32\/2019\/09\/procon_movel-3.jpg 1280w, https:\/\/jundiai.sp.gov.br\/noticias\/wp-content\/uploads\/sites\/32\/2019\/09\/procon_movel-3-300x200.jpg 300w, https:\/\/jundiai.sp.gov.br\/noticias\/wp-content\/uploads\/sites\/32\/2019\/09\/procon_movel-3-768x512.jpg 768w, https:\/\/jundiai.sp.gov.br\/noticias\/wp-content\/uploads\/sites\/32\/2019\/09\/procon_movel-3-450x300.jpg 450w\" sizes=\"auto, (max-width: 1280px) 100vw, 1280px\" \/><\/a><p id=\"caption-attachment-233875\" class=\"wp-caption-text\">No Procon M\u00f3vel, o consumidor tem acesso aos mesmos servi\u00e7os da sede<\/p><\/div>\n<p>O Procon M\u00f3vel estacionou nesta segunda-feira (09) no Poupatempo de Jundia\u00ed. At\u00e9 sexta-feira (13), os consumidores podem esclarecer d\u00favidas e registrar reclama\u00e7\u00f5es na van, das 9h \u00e0s 16h. Somente nas tr\u00eas primeiras horas, 15 atendimentos foram realizados.<\/p>\n<p>A assistente administrativa Soeli Gomes do Nascimento foi uma das pessoas que aproveitaram o servi\u00e7o. \u201cFazia tempo que eu precisava resolver um problema referente a um produto que eu comprei. Por\u00e9m, n\u00e3o tive como ir ao Centro. Hoje, passei pelo Poupatempo, vi a unidade e j\u00e1 estou fazendo o meu registro\u201d, comentou.<\/p>\n<p>Quem tamb\u00e9m saiu satisfeita, ap\u00f3s receber orienta\u00e7\u00f5es na van foi a educadora f\u00edsica Veruska Victorino. \u201cEu moro no Morada das Vinhas e, \u00e0s vezes, fica dif\u00edcil ir ao Centro. Gosto muito dessa unidade m\u00f3vel. Facilita muita a nossa vida. N\u00e3o \u00e9 a primeira vez que aproveito. Desta vez, tirei d\u00favidas e agora sei quais caminhos devo percorrer para resolver minha quest\u00e3o\u201d, destacou.<\/p>\n<p>De acordo com o chefe do Procon de Jundia\u00ed, Adilton Garcia, a a\u00e7\u00e3o integra a comemora\u00e7\u00e3o dos 29 anos do C\u00f3digo de Defesa do Consumidor, dia 11 de setembro. \u201cAl\u00e9m do atendimento na unidade do Procon M\u00f3vel, que \u00e9 semelhante ao realizado na sede, disponibilizamos uma servidora para a divulga\u00e7\u00e3o da ferramenta consumidor.gov.br, site que \u00e9 um avan\u00e7o para a defesa do consumidor, pois permite que seja feita a reclama\u00e7\u00e3o pela internet e a interlocu\u00e7\u00e3o direta entre os consumidores e os fornecedores, com o acompanhamento dos Procons do Pa\u00eds\u201d, informou.<\/p>\n<div id=\"attachment_233876\" style=\"width: 1290px\" class=\"wp-caption alignleft\"><a href=\"https:\/\/jundiai.sp.gov.br\/noticias\/wp-content\/uploads\/sites\/32\/2019\/09\/procon_movel-38.jpg\"><img loading=\"lazy\" decoding=\"async\" aria-describedby=\"caption-attachment-233876\" class=\"size-full wp-image-233876\" src=\"https:\/\/jundiai.sp.gov.br\/noticias\/wp-content\/uploads\/sites\/32\/2019\/09\/procon_movel-38.jpg\" alt=\"\" width=\"1280\" height=\"853\" srcset=\"https:\/\/jundiai.sp.gov.br\/noticias\/wp-content\/uploads\/sites\/32\/2019\/09\/procon_movel-38.jpg 1280w, https:\/\/jundiai.sp.gov.br\/noticias\/wp-content\/uploads\/sites\/32\/2019\/09\/procon_movel-38-300x200.jpg 300w, https:\/\/jundiai.sp.gov.br\/noticias\/wp-content\/uploads\/sites\/32\/2019\/09\/procon_movel-38-768x512.jpg 768w, https:\/\/jundiai.sp.gov.br\/noticias\/wp-content\/uploads\/sites\/32\/2019\/09\/procon_movel-38-450x300.jpg 450w\" sizes=\"auto, (max-width: 1280px) 100vw, 1280px\" \/><\/a><p id=\"caption-attachment-233876\" class=\"wp-caption-text\">Soeli viu o servi\u00e7o e aproveitou para registrar uma reclama\u00e7\u00e3o<\/p><\/div>\n<p>Para a administradora do Poupatempo Jundia\u00ed, Juliana Borges de Cezare, a iniciativa do Procon de Jundia\u00ed de estacionar a van no local \u00e9 bastante positiva. \u201cO volume de pessoas que circulam aqui \u00e9 muito alto. Eu sempre digo que \u00e9 bom ir aonde a popula\u00e7\u00e3o est\u00e1. Para n\u00f3s, \u00e9 mais uma importante parceria que vem para agregar servi\u00e7os.\u201d<\/p>\n<p>O Poupatempo fica no Complexo Fepasa, localizado na avenida Uni\u00e3o dos Ferrovi\u00e1rios, 1760, no Centro.<\/p>\n","protected":false},"excerpt":{"rendered":"<p>O Procon M\u00f3vel estacionou nesta segunda-feira (09) no Poupatempo de Jundia\u00ed. At\u00e9 sexta-feira (13), os consumidores podem esclarecer d\u00favidas e registrar reclama\u00e7\u00f5es na van, das 9h \u00e0s 16h. Somente nas tr\u00eas primeiras horas, 15 atendimentos foram realizados. A assistente administrativa Soeli Gomes do Nascimento foi uma das pessoas que aproveitaram o servi\u00e7o. \u201cFazia tempo que [&hellip;]<\/p>\n","protected":false},"author":30,"featured_media":233876,"comment_status":"closed","ping_status":"closed","sticky":false,"template":"","format":"standard","meta":{"footnotes":""},"categories":[2],"tags":[33,1034],"ods":[],"class_list":["post-233874","post","type-post","status-publish","format-standard","has-post-thumbnail","hentry","category-noticias","tag-procon","tag-procon-movel"],"_links":{"self":[{"href":"https:\/\/jundiai.sp.gov.br\/noticias\/wp-json\/wp\/v2\/posts\/233874","targetHints":{"allow":["GET"]}}],"collection":[{"href":"https:\/\/jundiai.sp.gov.br\/noticias\/wp-json\/wp\/v2\/posts"}],"about":[{"href":"https:\/\/jundiai.sp.gov.br\/noticias\/wp-json\/wp\/v2\/types\/post"}],"author":[{"embeddable":true,"href":"https:\/\/jundiai.sp.gov.br\/noticias\/wp-json\/wp\/v2\/users\/30"}],"replies":[{"embeddable":true,"href":"https:\/\/jundiai.sp.gov.br\/noticias\/wp-json\/wp\/v2\/comments?post=233874"}],"version-history":[{"count":1,"href":"https:\/\/jundiai.sp.gov.br\/noticias\/wp-json\/wp\/v2\/posts\/233874\/revisions"}],"predecessor-version":[{"id":233877,"href":"https:\/\/jundiai.sp.gov.br\/noticias\/wp-json\/wp\/v2\/posts\/233874\/revisions\/233877"}],"wp:featuredmedia":[{"embeddable":true,"href":"https:\/\/jundiai.sp.gov.br\/noticias\/wp-json\/wp\/v2\/media\/233876"}],"wp:attachment":[{"href":"https:\/\/jundiai.sp.gov.br\/noticias\/wp-json\/wp\/v2\/media?parent=233874"}],"wp:term":[{"taxonomy":"category","embeddable":true,"href":"https:\/\/jundiai.sp.gov.br\/noticias\/wp-json\/wp\/v2\/categories?post=233874"},{"taxonomy":"post_tag","embeddable":true,"href":"https:\/\/jundiai.sp.gov.br\/noticias\/wp-json\/wp\/v2\/tags?post=233874"},{"taxonomy":"ods","embeddable":true,"href":"https:\/\/jundiai.sp.gov.br\/noticias\/wp-json\/wp\/v2\/ods?post=233874"}],"curies":[{"name":"wp","href":"https:\/\/api.w.org\/{rel}","templated":true}]}}