{"id":233973,"date":"2019-09-11T17:45:42","date_gmt":"2019-09-11T20:45:42","guid":{"rendered":"https:\/\/jundiai.sp.gov.br\/noticias\/?p=233973"},"modified":"2019-09-11T17:49:22","modified_gmt":"2019-09-11T20:49:22","slug":"feira-internacional-divulga-jundiai-como-polo-de-logistica","status":"publish","type":"post","link":"https:\/\/jundiai.sp.gov.br\/noticias\/2019\/09\/11\/feira-internacional-divulga-jundiai-como-polo-de-logistica\/","title":{"rendered":"Feira Internacional divulga Jundia\u00ed como polo de log\u00edstica"},"content":{"rendered":"<div id=\"attachment_233986\" style=\"width: 1034px\" class=\"wp-caption aligncenter\"><img loading=\"lazy\" decoding=\"async\" aria-describedby=\"caption-attachment-233986\" class=\"size-large wp-image-233986\" src=\"https:\/\/jundiai.sp.gov.br\/noticias\/wp-content\/uploads\/sites\/32\/2019\/09\/abertura_7_brasil_log_parque_da_uva-624-1280x848.jpg\" alt=\"\" width=\"1024\" height=\"678\" srcset=\"https:\/\/jundiai.sp.gov.br\/noticias\/wp-content\/uploads\/sites\/32\/2019\/09\/abertura_7_brasil_log_parque_da_uva-624-1280x848.jpg 1280w, https:\/\/jundiai.sp.gov.br\/noticias\/wp-content\/uploads\/sites\/32\/2019\/09\/abertura_7_brasil_log_parque_da_uva-624-300x199.jpg 300w, https:\/\/jundiai.sp.gov.br\/noticias\/wp-content\/uploads\/sites\/32\/2019\/09\/abertura_7_brasil_log_parque_da_uva-624-768x509.jpg 768w, https:\/\/jundiai.sp.gov.br\/noticias\/wp-content\/uploads\/sites\/32\/2019\/09\/abertura_7_brasil_log_parque_da_uva-624.jpg 1323w\" sizes=\"auto, (max-width: 1024px) 100vw, 1024px\" \/><p id=\"caption-attachment-233986\" class=\"wp-caption-text\">Os professores e parte dos alunos do curso de Operador de Movimenta\u00e7\u00e3o e Armazenagem de Cargas do Senai de Araraquara, que vieram especialmente para a feira<\/p><\/div>\n<p>Considerado um dos principais eventos do setor no Pa\u00eds, a Brasil Log \u2013 Feira Internacional de Log\u00edstica &#8211; foi aberta na tarde desta quarta (11) no Parque da Uva. A expectativa \u00e9 receber um p\u00fablico de sete mil visitantes durante os tr\u00eas dias do evento, que conta com o apoio da Prefeitura e CIESP.<\/p>\n<p>Jundia\u00ed conta hoje com cerca de 1.300 empresas ligadas \u00e0 atividade log\u00edstica, que empregam cerca de 12.500 pessoas. A abertura do evento foi feita pelo prefeito Luiz Fernando Machado, que destacou o valor da atividade para a cidade. \u201cEssa atividade cria um ambiente favor\u00e1vel para a gera\u00e7\u00e3o de novos neg\u00f3cios\u201d, afirmou.<\/p>\n<p>A abertura tamb\u00e9m contou com a presen\u00e7a do gestor da Unidade de Gest\u00e3o de Desenvolvimento Econ\u00f4mico, Ci\u00eancia e Tecnologia de Jundia\u00ed, Messias Mercadante, e de Marcelo Cereser, diretor do CIESP. Em seguida, o prefeito visitou todos os estandes e conversou com expositores.<\/p>\n<p>A entrada da Brasil Log \u00e9 gratuita, mediante <a href=\"http:\/\/www.feiradelogistica.com\" target=\"_blank\" rel=\"noopener noreferrer\">cadastramento pelo site<\/a>, e j\u00e1 est\u00e3o cadastrados visitantes de 21 Estados e 169 cidades brasileiras. Entre os visitantes presentes \u00e0 abertura, um numeroso grupo chamou a aten\u00e7\u00e3o: cerca de 50 alunos e os professores do curso de Operador de Movimenta\u00e7\u00e3o e Armazenagem de Cargas do SENAI de Araraquara.<\/p>\n<p>O professor Alessandro Iagame do SENAI nunca tinha vindo \u00e0 Brasil Log e aprovou. \u201cDescobrimos o evento na internet e ele chamou nossa aten\u00e7\u00e3o, por reunir muitas empresas e ser em um polo log\u00edstico. Estou gostando, e meus alunos j\u00e1 est\u00e3o circulando por a\u00ed\u201d, disse.<\/p>\n<div id=\"attachment_233988\" style=\"width: 1034px\" class=\"wp-caption aligncenter\"><img loading=\"lazy\" decoding=\"async\" aria-describedby=\"caption-attachment-233988\" class=\"size-large wp-image-233988\" src=\"https:\/\/jundiai.sp.gov.br\/noticias\/wp-content\/uploads\/sites\/32\/2019\/09\/abertura_7_brasil_log_parque_da_uva-230-1280x815.jpg\" alt=\"\" width=\"1024\" height=\"652\" srcset=\"https:\/\/jundiai.sp.gov.br\/noticias\/wp-content\/uploads\/sites\/32\/2019\/09\/abertura_7_brasil_log_parque_da_uva-230-1280x815.jpg 1280w, https:\/\/jundiai.sp.gov.br\/noticias\/wp-content\/uploads\/sites\/32\/2019\/09\/abertura_7_brasil_log_parque_da_uva-230-300x191.jpg 300w, https:\/\/jundiai.sp.gov.br\/noticias\/wp-content\/uploads\/sites\/32\/2019\/09\/abertura_7_brasil_log_parque_da_uva-230-768x489.jpg 768w, https:\/\/jundiai.sp.gov.br\/noticias\/wp-content\/uploads\/sites\/32\/2019\/09\/abertura_7_brasil_log_parque_da_uva-230.jpg 1323w\" sizes=\"auto, (max-width: 1024px) 100vw, 1024px\" \/><p id=\"caption-attachment-233988\" class=\"wp-caption-text\">Brasil Log deve atrair um p\u00fablico de sete mil visitantes de 21 Estados<\/p><\/div>\n<p>Entre os mais de 60 expositores, a Prefeitura de Jundia\u00ed conta com dois estandes: o do Fundo Social de Solidariedade (Funss) e o da Incubadora Tecnol\u00f3gica, que conta com cinco empresas \u201cincubadas\u201d apresentando seus produtos. Airton Borelli, da FB Alimentos e Bebidas, h\u00e1 dois anos na incubadora, mostrava seus pat\u00eas feitos com biomassa de banana verde. \u201cNossa expectativa \u00e9 muito grande, porque aqui poderemos mostrar nossa produ\u00e7\u00e3o para o p\u00fablico\u201d, afirmou. \u201c\u00c9 isso que precisamos\u201d.<\/p>\n<p><strong>Assessoria de Imprensa<\/strong><br \/>\n<strong>Fotos: Fot\u00f3grafos PMJ<\/strong><\/p>\n","protected":false},"excerpt":{"rendered":"<p>Considerado um dos principais eventos do setor no Pa\u00eds, a Brasil Log \u2013 Feira Internacional de Log\u00edstica &#8211; foi aberta na tarde desta quarta (11) no Parque da Uva. A expectativa \u00e9 receber um p\u00fablico de sete mil visitantes durante os tr\u00eas dias do evento, que conta com o apoio da Prefeitura e CIESP. Jundia\u00ed [&hellip;]<\/p>\n","protected":false},"author":45,"featured_media":0,"comment_status":"closed","ping_status":"closed","sticky":false,"template":"","format":"standard","meta":{"footnotes":""},"categories":[2],"tags":[365],"ods":[],"class_list":["post-233973","post","type-post","status-publish","format-standard","hentry","category-noticias","tag-desenvolvimento-economico-ciencia-e-tecnologia"],"_links":{"self":[{"href":"https:\/\/jundiai.sp.gov.br\/noticias\/wp-json\/wp\/v2\/posts\/233973","targetHints":{"allow":["GET"]}}],"collection":[{"href":"https:\/\/jundiai.sp.gov.br\/noticias\/wp-json\/wp\/v2\/posts"}],"about":[{"href":"https:\/\/jundiai.sp.gov.br\/noticias\/wp-json\/wp\/v2\/types\/post"}],"author":[{"embeddable":true,"href":"https:\/\/jundiai.sp.gov.br\/noticias\/wp-json\/wp\/v2\/users\/45"}],"replies":[{"embeddable":true,"href":"https:\/\/jundiai.sp.gov.br\/noticias\/wp-json\/wp\/v2\/comments?post=233973"}],"version-history":[{"count":7,"href":"https:\/\/jundiai.sp.gov.br\/noticias\/wp-json\/wp\/v2\/posts\/233973\/revisions"}],"predecessor-version":[{"id":233997,"href":"https:\/\/jundiai.sp.gov.br\/noticias\/wp-json\/wp\/v2\/posts\/233973\/revisions\/233997"}],"wp:attachment":[{"href":"https:\/\/jundiai.sp.gov.br\/noticias\/wp-json\/wp\/v2\/media?parent=233973"}],"wp:term":[{"taxonomy":"category","embeddable":true,"href":"https:\/\/jundiai.sp.gov.br\/noticias\/wp-json\/wp\/v2\/categories?post=233973"},{"taxonomy":"post_tag","embeddable":true,"href":"https:\/\/jundiai.sp.gov.br\/noticias\/wp-json\/wp\/v2\/tags?post=233973"},{"taxonomy":"ods","embeddable":true,"href":"https:\/\/jundiai.sp.gov.br\/noticias\/wp-json\/wp\/v2\/ods?post=233973"}],"curies":[{"name":"wp","href":"https:\/\/api.w.org\/{rel}","templated":true}]}}