{"id":234366,"date":"2019-09-16T12:41:18","date_gmt":"2019-09-16T15:41:18","guid":{"rendered":"https:\/\/jundiai.sp.gov.br\/noticias\/?p=234366"},"modified":"2019-09-16T12:45:25","modified_gmt":"2019-09-16T15:45:25","slug":"assessoria-de-politicas-para-as-mulheres-cadastra-instituicoes-de-atendimento","status":"publish","type":"post","link":"https:\/\/jundiai.sp.gov.br\/noticias\/2019\/09\/16\/assessoria-de-politicas-para-as-mulheres-cadastra-instituicoes-de-atendimento\/","title":{"rendered":"Assessoria de Pol\u00edticas para as Mulheres cadastra institui\u00e7\u00f5es de atendimento"},"content":{"rendered":"<p>A partir desta segunda (16), um formul\u00e1rio dispon\u00edvel no site da <a href=\"https:\/\/forms.gle\/rwTWoFzq44JoeTWc7\">Prefeitura de Jundia\u00ed<\/a> \u00a0ir\u00e1 cadastrar e recadastrar entidades e organiza\u00e7\u00f5es cujo atendimento seja direcionado ao p\u00fablico feminino. O objetivo \u00e9 realizar um trabalho mais integrado e eficaz, de acordo com a respons\u00e1vel pela Assessoria de Pol\u00edticas para as Mulheres, Penha Maria Camunhas Martins. \u201cA Assessoria j\u00e1 atua em v\u00e1rios eixos, como promo\u00e7\u00e3o da sa\u00fade, educa\u00e7\u00e3o, autonomia e preven\u00e7\u00e3o da viol\u00eancia. Reunindo mais organiza\u00e7\u00f5es, poderemos ampliar nossa atua\u00e7\u00e3o\u201d, resume.<\/p>\n<div id=\"attachment_234373\" style=\"width: 1250px\" class=\"wp-caption aligncenter\"><img loading=\"lazy\" decoding=\"async\" aria-describedby=\"caption-attachment-234373\" class=\"size-full wp-image-234373\" src=\"https:\/\/jundiai.sp.gov.br\/noticias\/wp-content\/uploads\/sites\/32\/2019\/09\/zumba-e-saude-19.jpg\" alt=\"\" width=\"1240\" height=\"827\" srcset=\"https:\/\/jundiai.sp.gov.br\/noticias\/wp-content\/uploads\/sites\/32\/2019\/09\/zumba-e-saude-19.jpg 1240w, https:\/\/jundiai.sp.gov.br\/noticias\/wp-content\/uploads\/sites\/32\/2019\/09\/zumba-e-saude-19-300x200.jpg 300w, https:\/\/jundiai.sp.gov.br\/noticias\/wp-content\/uploads\/sites\/32\/2019\/09\/zumba-e-saude-19-768x512.jpg 768w, https:\/\/jundiai.sp.gov.br\/noticias\/wp-content\/uploads\/sites\/32\/2019\/09\/zumba-e-saude-19-450x300.jpg 450w\" sizes=\"auto, (max-width: 1240px) 100vw, 1240px\" \/><p id=\"caption-attachment-234373\" class=\"wp-caption-text\">Assessoria j\u00e1 atua em v\u00e1rios eixos, como promo\u00e7\u00e3o da sa\u00fade, educa\u00e7\u00e3o, autonomia e preven\u00e7\u00e3o da viol\u00eancia; objetivo \u00e9 ampliar atua\u00e7\u00e3o<\/p><\/div>\n<p>A Assessoria de Pol\u00edticas para as Mulheres integra o N\u00facleo de Articula\u00e7\u00e3o das Pol\u00edticas de Direitos Humanos e tem por objetivo desenvolver uma pol\u00edtica moderna e democr\u00e1tica que promova a igualdade e garanta os direitos de todas as cidad\u00e3s. Entre as a\u00e7\u00f5es j\u00e1 realizadas, est\u00e3o a atua\u00e7\u00e3o em conjunto com a Guarda Municipal de Jundia\u00ed para a cria\u00e7\u00e3o da Patrulha Maria da Penha e a realiza\u00e7\u00e3o de cursos de capacita\u00e7\u00e3o para mulheres, incentivando a autonomia financeira e a independ\u00eancia.<\/p>\n<p>\u201cTemos hoje como um dos principais objetivos a redu\u00e7\u00e3o de todas as formas de viol\u00eancia contra a mulher e fazer da educa\u00e7\u00e3o eixo fundamental para a constru\u00e7\u00e3o de uma sociedade igualit\u00e1ria\u201d, diz Penha. \u201cPor isso, mesmo as entidades que j\u00e1 tenham se cadastrado na Assessoria est\u00e3o sendo convidadas a se recadastrar, para termos esses dados atualizados e compartilharmos informa\u00e7\u00f5es\u201d .<\/p>\n<p>A Assessoria de Pol\u00edticas para as Mulheres fica no Pa\u00e7o Municipal, 8\u00ba andar, ala Norte, avenida da Liberdade, s\/n\u00ba, Jardim Bot\u00e2nico. Mais informa\u00e7\u00f5es podem ser obtidas pelo tel.<strong>\u00a0<\/strong>4589-8985.<\/p>\n<p><strong>Assessoria de Imprensa<\/strong><br \/>\n<strong>Fotos: Fot\u00f3grafos PMJ<\/strong><\/p>\n","protected":false},"excerpt":{"rendered":"<p>A partir desta segunda (16), um formul\u00e1rio dispon\u00edvel no site da Prefeitura de Jundia\u00ed \u00a0ir\u00e1 cadastrar e recadastrar entidades e organiza\u00e7\u00f5es cujo atendimento seja direcionado ao p\u00fablico feminino. O objetivo \u00e9 realizar um trabalho mais integrado e eficaz, de acordo com a respons\u00e1vel pela Assessoria de Pol\u00edticas para as Mulheres, Penha Maria Camunhas Martins. \u201cA [&hellip;]<\/p>\n","protected":false},"author":45,"featured_media":0,"comment_status":"closed","ping_status":"closed","sticky":false,"template":"","format":"standard","meta":{"footnotes":""},"categories":[2],"tags":[990,62],"ods":[],"class_list":["post-234366","post","type-post","status-publish","format-standard","hentry","category-noticias","tag-assessoria-de-politicas-para-as-mulheres","tag-casa-civil"],"_links":{"self":[{"href":"https:\/\/jundiai.sp.gov.br\/noticias\/wp-json\/wp\/v2\/posts\/234366","targetHints":{"allow":["GET"]}}],"collection":[{"href":"https:\/\/jundiai.sp.gov.br\/noticias\/wp-json\/wp\/v2\/posts"}],"about":[{"href":"https:\/\/jundiai.sp.gov.br\/noticias\/wp-json\/wp\/v2\/types\/post"}],"author":[{"embeddable":true,"href":"https:\/\/jundiai.sp.gov.br\/noticias\/wp-json\/wp\/v2\/users\/45"}],"replies":[{"embeddable":true,"href":"https:\/\/jundiai.sp.gov.br\/noticias\/wp-json\/wp\/v2\/comments?post=234366"}],"version-history":[{"count":6,"href":"https:\/\/jundiai.sp.gov.br\/noticias\/wp-json\/wp\/v2\/posts\/234366\/revisions"}],"predecessor-version":[{"id":234376,"href":"https:\/\/jundiai.sp.gov.br\/noticias\/wp-json\/wp\/v2\/posts\/234366\/revisions\/234376"}],"wp:attachment":[{"href":"https:\/\/jundiai.sp.gov.br\/noticias\/wp-json\/wp\/v2\/media?parent=234366"}],"wp:term":[{"taxonomy":"category","embeddable":true,"href":"https:\/\/jundiai.sp.gov.br\/noticias\/wp-json\/wp\/v2\/categories?post=234366"},{"taxonomy":"post_tag","embeddable":true,"href":"https:\/\/jundiai.sp.gov.br\/noticias\/wp-json\/wp\/v2\/tags?post=234366"},{"taxonomy":"ods","embeddable":true,"href":"https:\/\/jundiai.sp.gov.br\/noticias\/wp-json\/wp\/v2\/ods?post=234366"}],"curies":[{"name":"wp","href":"https:\/\/api.w.org\/{rel}","templated":true}]}}