{"id":234793,"date":"2019-09-21T10:26:47","date_gmt":"2019-09-21T13:26:47","guid":{"rendered":"https:\/\/jundiai.sp.gov.br\/noticias\/?p=234793"},"modified":"2019-09-21T10:26:47","modified_gmt":"2019-09-21T13:26:47","slug":"candidatos-a-conselheiros-tutelares-apresentam-propostas-na-defesa-da-crianca-e-adolescente","status":"publish","type":"post","link":"https:\/\/jundiai.sp.gov.br\/noticias\/2019\/09\/21\/candidatos-a-conselheiros-tutelares-apresentam-propostas-na-defesa-da-crianca-e-adolescente\/","title":{"rendered":"Candidatos a conselheiros tutelares apresentam propostas na defesa da crian\u00e7a e adolescente"},"content":{"rendered":"<p>Os 27 candidatos \u00e0s vagas de conselheiros tutelares durante o pr\u00f3ximo quadri\u00eanio participaram, na noite dessa sexta-feira (20), de um encontro de apresenta\u00e7\u00e3o dos hist\u00f3ricos de suas carreiras profissionais na defesa da crian\u00e7a e do adolescente, bem como de propostas futuras de atua\u00e7\u00e3o, caso eleitos para as 15 vagas pleiteadas.<\/p>\n<div id=\"attachment_234815\" style=\"width: 1034px\" class=\"wp-caption aligncenter\"><img loading=\"lazy\" decoding=\"async\" aria-describedby=\"caption-attachment-234815\" class=\"size-large wp-image-234815\" src=\"https:\/\/jundiai.sp.gov.br\/noticias\/wp-content\/uploads\/sites\/32\/2019\/09\/argos_escolha_conselho-8-1280x779.jpg\" alt=\"\" width=\"1024\" height=\"623\" srcset=\"https:\/\/jundiai.sp.gov.br\/noticias\/wp-content\/uploads\/sites\/32\/2019\/09\/argos_escolha_conselho-8-1280x779.jpg 1280w, https:\/\/jundiai.sp.gov.br\/noticias\/wp-content\/uploads\/sites\/32\/2019\/09\/argos_escolha_conselho-8-300x183.jpg 300w, https:\/\/jundiai.sp.gov.br\/noticias\/wp-content\/uploads\/sites\/32\/2019\/09\/argos_escolha_conselho-8-768x467.jpg 768w, https:\/\/jundiai.sp.gov.br\/noticias\/wp-content\/uploads\/sites\/32\/2019\/09\/argos_escolha_conselho-8.jpg 1323w\" sizes=\"auto, (max-width: 1024px) 100vw, 1024px\" \/><p id=\"caption-attachment-234815\" class=\"wp-caption-text\">Encontro na Sala Elis Regina foi aberto ao p\u00fablico em geral, voltado principalmente aos eleitores e \u00e0 rede de atendimento ao p\u00fablico-alvo<\/p><\/div>\n<p>O encontro, realizado na Sala Elis Regina do Complexo Argos, foi aberto ao p\u00fablico em geral, voltado principalmente aos eleitores e \u00e0 rede completa de atendimento ao p\u00fablico-alvo nas \u00e1reas de Sa\u00fade, Esporte, Assist\u00eancia Social, Educa\u00e7\u00e3o, Cultura, entidades e Poder Judici\u00e1rio.<\/p>\n<p>A campanha eleitoral dos candidatos come\u00e7ou em 07 de setembro. J\u00e1 a elei\u00e7\u00e3o ser\u00e1 realizada em 6 de outubro, das 9h \u00e0s 12h, no t\u00e9rreo do Centro Municipal de Educa\u00e7\u00e3o de Jovens e Adultos (CMEJA), que fica no Complexo Argos, avenida Dr. Cavalcanti, 396, Vila Arens.<\/p>\n<p><strong>Eleitores<\/strong><br \/>\nOs interessados em se inscrever como eleitores t\u00eam at\u00e9 esta segunda-feira (23) para realizar a inscri\u00e7\u00e3o, por meio de <a href=\"https:\/\/cmdca.jundiai.sp.gov.br\/2019\/09\/inscricoes-dos-eleitores-eleicao-do-conselho-tutelar-de-jundiai\/\" target=\"_blank\" rel=\"noopener noreferrer\">formul\u00e1rio online<\/a> disponibilizado pelo Conselho Municipal dos Direitos da Crian\u00e7a e do Adolescente (CMDCA), devendo anexar carta de indica\u00e7\u00e3o. No dia da elei\u00e7\u00e3o, os eleitores dever\u00e3o estar munidos de documento de identifica\u00e7\u00e3o com foto.<\/p>\n<p><strong>Assessoria de Imprensa<br \/>\nFoto: Fot\u00f3grafos PMJ<\/strong><\/p>\n","protected":false},"excerpt":{"rendered":"<p>Os 27 candidatos \u00e0s vagas de conselheiros tutelares durante o pr\u00f3ximo quadri\u00eanio participaram, na noite dessa sexta-feira (20), de um encontro de apresenta\u00e7\u00e3o dos hist\u00f3ricos de suas carreiras profissionais na defesa da crian\u00e7a e do adolescente, bem como de propostas futuras de atua\u00e7\u00e3o, caso eleitos para as 15 vagas pleiteadas. O encontro, realizado na Sala [&hellip;]<\/p>\n","protected":false},"author":14,"featured_media":0,"comment_status":"closed","ping_status":"closed","sticky":false,"template":"","format":"standard","meta":{"footnotes":""},"categories":[2],"tags":[980,419,448,752],"ods":[],"class_list":["post-234793","post","type-post","status-publish","format-standard","hentry","category-noticias","tag-assistencia-e-desenvolvimento-social","tag-complexo-argos","tag-conselho-dos-direitos-da-crianca-e-do-adolescente-cmdca","tag-conselho-tutelar"],"_links":{"self":[{"href":"https:\/\/jundiai.sp.gov.br\/noticias\/wp-json\/wp\/v2\/posts\/234793","targetHints":{"allow":["GET"]}}],"collection":[{"href":"https:\/\/jundiai.sp.gov.br\/noticias\/wp-json\/wp\/v2\/posts"}],"about":[{"href":"https:\/\/jundiai.sp.gov.br\/noticias\/wp-json\/wp\/v2\/types\/post"}],"author":[{"embeddable":true,"href":"https:\/\/jundiai.sp.gov.br\/noticias\/wp-json\/wp\/v2\/users\/14"}],"replies":[{"embeddable":true,"href":"https:\/\/jundiai.sp.gov.br\/noticias\/wp-json\/wp\/v2\/comments?post=234793"}],"version-history":[{"count":4,"href":"https:\/\/jundiai.sp.gov.br\/noticias\/wp-json\/wp\/v2\/posts\/234793\/revisions"}],"predecessor-version":[{"id":234817,"href":"https:\/\/jundiai.sp.gov.br\/noticias\/wp-json\/wp\/v2\/posts\/234793\/revisions\/234817"}],"wp:attachment":[{"href":"https:\/\/jundiai.sp.gov.br\/noticias\/wp-json\/wp\/v2\/media?parent=234793"}],"wp:term":[{"taxonomy":"category","embeddable":true,"href":"https:\/\/jundiai.sp.gov.br\/noticias\/wp-json\/wp\/v2\/categories?post=234793"},{"taxonomy":"post_tag","embeddable":true,"href":"https:\/\/jundiai.sp.gov.br\/noticias\/wp-json\/wp\/v2\/tags?post=234793"},{"taxonomy":"ods","embeddable":true,"href":"https:\/\/jundiai.sp.gov.br\/noticias\/wp-json\/wp\/v2\/ods?post=234793"}],"curies":[{"name":"wp","href":"https:\/\/api.w.org\/{rel}","templated":true}]}}