{"id":234818,"date":"2019-09-21T11:29:28","date_gmt":"2019-09-21T14:29:28","guid":{"rendered":"https:\/\/jundiai.sp.gov.br\/noticias\/?p=234818"},"modified":"2019-09-21T11:29:28","modified_gmt":"2019-09-21T14:29:28","slug":"vencedores-do-concurso-de-ideias-para-o-vale-do-rio-jundiai-estao-em-exposicao-na-biblioteca","status":"publish","type":"post","link":"https:\/\/jundiai.sp.gov.br\/noticias\/2019\/09\/21\/vencedores-do-concurso-de-ideias-para-o-vale-do-rio-jundiai-estao-em-exposicao-na-biblioteca\/","title":{"rendered":"Vencedores do concurso de ideias para o Vale do Rio Jundia\u00ed est\u00e3o em exposi\u00e7\u00e3o na Biblioteca"},"content":{"rendered":"<p>Imagine o Rio Jundia\u00ed n\u00e3o emparedado por cimento e asfalto, como hoje \u2013 mas com vegeta\u00e7\u00e3o ao redor, parques, passarelas e mirantes. Essas e outras ideias para conserva\u00e7\u00e3o e revitaliza\u00e7\u00e3o do rio \u2013 cujo dia ser\u00e1 comemorado na segunda, dia 23 \u2013 est\u00e3o em exposi\u00e7\u00e3o na Biblioteca Municipal Prof. Nelson Foot desde a manh\u00e3 deste s\u00e1bado (21), com os trabalhos vencedores do Concurso de Ideias para o Vale do Rio Jundia\u00ed, cujas inscri\u00e7\u00f5es terminaram em junho.<\/p>\n<div id=\"attachment_234822\" style=\"width: 1034px\" class=\"wp-caption aligncenter\"><img loading=\"lazy\" decoding=\"async\" aria-describedby=\"caption-attachment-234822\" class=\"size-large wp-image-234822\" src=\"https:\/\/jundiai.sp.gov.br\/noticias\/wp-content\/uploads\/sites\/32\/2019\/09\/abertura_exposicao_vale_rio_jundiai_biblioteca_municipal-8-1280x824.jpg\" alt=\"\" width=\"1024\" height=\"659\" srcset=\"https:\/\/jundiai.sp.gov.br\/noticias\/wp-content\/uploads\/sites\/32\/2019\/09\/abertura_exposicao_vale_rio_jundiai_biblioteca_municipal-8-1280x824.jpg 1280w, https:\/\/jundiai.sp.gov.br\/noticias\/wp-content\/uploads\/sites\/32\/2019\/09\/abertura_exposicao_vale_rio_jundiai_biblioteca_municipal-8-300x193.jpg 300w, https:\/\/jundiai.sp.gov.br\/noticias\/wp-content\/uploads\/sites\/32\/2019\/09\/abertura_exposicao_vale_rio_jundiai_biblioteca_municipal-8-768x495.jpg 768w, https:\/\/jundiai.sp.gov.br\/noticias\/wp-content\/uploads\/sites\/32\/2019\/09\/abertura_exposicao_vale_rio_jundiai_biblioteca_municipal-8.jpg 1323w\" sizes=\"auto, (max-width: 1024px) 100vw, 1024px\" \/><p id=\"caption-attachment-234822\" class=\"wp-caption-text\">Uma das propostas para o Rio Jundia\u00ed: espa\u00e7o para conviv\u00eancia, com ciclistas e pedestres<\/p><\/div>\n<p>A iniciativa foi da Prefeitura de Jundia\u00ed, por meio da Unidade de Gest\u00e3o de Planejamento Urbano e Meio Ambiente (UGPUMA), em parceria com o Instituto de Arquitetos do Brasil (IAB) Jundia\u00ed, e teve car\u00e1ter nacional. Os tr\u00eas primeiros colocados receberam pr\u00eamios em dinheiro, al\u00e9m de men\u00e7\u00f5es honrosas para os demais classificados.<\/p>\n<p>O aposentado Milton da Cruz Pacheco, de 80 anos, nasceu em S\u00e3o Paulo e mora h\u00e1 nove anos em Jundia\u00ed. Elogiando a exposi\u00e7\u00e3o, lembrou que, quando menino, chegou a beber a \u00e1gua do Rio Tiet\u00ea. \u201cHoje quem beber aquela \u00e1gua morre. N\u00e3o podemos deixar isso acontecer, a popula\u00e7\u00e3o e as cidades t\u00eam que se unir para preservar a vida do rio\u201d, disse.<\/p>\n<p>De acordo com o diretor de Meio Ambiente da UGPUMA, Wagner de Paiva, o objetivo do concurso foi desenvolver ideias que possam ser implementadas no futuro. \u201cComo muitas cidades, Jundia\u00ed se desenvolveu ao redor do rio, que tem uma import\u00e2ncia n\u00e3o s\u00f3 ambiental como tamb\u00e9m hist\u00f3rico-cultural, e hoje merece um novo cuidado\u201d, afirmou. \u201cA ideia \u00e9 que essas propostas tragam novas possibilidades sobre o que pode ser feito para revitalizar o Rio Jundia\u00ed e traz\u00ea-lo para o conv\u00edvio da comunidade, com op\u00e7\u00f5es de lazer e repensando a rela\u00e7\u00e3o da cidade com os cursos d\u2019\u00e1gua\u201d.<\/p>\n<div id=\"attachment_234823\" style=\"width: 1034px\" class=\"wp-caption aligncenter\"><img loading=\"lazy\" decoding=\"async\" aria-describedby=\"caption-attachment-234823\" class=\"size-large wp-image-234823\" src=\"https:\/\/jundiai.sp.gov.br\/noticias\/wp-content\/uploads\/sites\/32\/2019\/09\/abertura_exposicao_vale_rio_jundiai_biblioteca_municipal-00-1280x824.jpg\" alt=\"\" width=\"1024\" height=\"659\" srcset=\"https:\/\/jundiai.sp.gov.br\/noticias\/wp-content\/uploads\/sites\/32\/2019\/09\/abertura_exposicao_vale_rio_jundiai_biblioteca_municipal-00-1280x824.jpg 1280w, https:\/\/jundiai.sp.gov.br\/noticias\/wp-content\/uploads\/sites\/32\/2019\/09\/abertura_exposicao_vale_rio_jundiai_biblioteca_municipal-00-300x193.jpg 300w, https:\/\/jundiai.sp.gov.br\/noticias\/wp-content\/uploads\/sites\/32\/2019\/09\/abertura_exposicao_vale_rio_jundiai_biblioteca_municipal-00-768x495.jpg 768w, https:\/\/jundiai.sp.gov.br\/noticias\/wp-content\/uploads\/sites\/32\/2019\/09\/abertura_exposicao_vale_rio_jundiai_biblioteca_municipal-00.jpg 1323w\" sizes=\"auto, (max-width: 1024px) 100vw, 1024px\" \/><p id=\"caption-attachment-234823\" class=\"wp-caption-text\">Edison Meneguello ficou encantado com as ideias de revitaliza\u00e7\u00e3o: &#8220;O rio merece esse cuidado&#8221;<\/p><\/div>\n<p>Alex Ximenes Naves, que fez doutorado em engenharia ambiental na Espanha, tamb\u00e9m visitou a exposi\u00e7\u00e3o com a esposa e ressaltou que as \u00e1reas de conviv\u00eancia ao longo das margens dos rios s\u00e3o uma tend\u00eancia na Europa. \u201cUm exemplo s\u00e3o as margens do Rio Sena, em Paris, com espa\u00e7o para pedestres e ciclistas. As ideias mostradas aqui s\u00e3o muito interessantes e saber preservar nossos rios \u00e9 essencial\u201d, disse. Ex-guarda municipal de Jundia\u00ed, Edison Antonio Meneguello ficou encantado. \u201cEu nadei no Rio Jundia\u00ed quando era crian\u00e7a. S\u00e3o ideias lindas! O rio merece esse cuidado para que continue vivo\u201d.<\/p>\n<div id=\"attachment_234825\" style=\"width: 1034px\" class=\"wp-caption aligncenter\"><img loading=\"lazy\" decoding=\"async\" aria-describedby=\"caption-attachment-234825\" class=\"size-large wp-image-234825\" src=\"https:\/\/jundiai.sp.gov.br\/noticias\/wp-content\/uploads\/sites\/32\/2019\/09\/abertura_exposicao_vale_rio_jundiai_biblioteca_municipa-1-1280x844.jpg\" alt=\"\" width=\"1024\" height=\"675\" srcset=\"https:\/\/jundiai.sp.gov.br\/noticias\/wp-content\/uploads\/sites\/32\/2019\/09\/abertura_exposicao_vale_rio_jundiai_biblioteca_municipa-1-1280x844.jpg 1280w, https:\/\/jundiai.sp.gov.br\/noticias\/wp-content\/uploads\/sites\/32\/2019\/09\/abertura_exposicao_vale_rio_jundiai_biblioteca_municipa-1-300x198.jpg 300w, https:\/\/jundiai.sp.gov.br\/noticias\/wp-content\/uploads\/sites\/32\/2019\/09\/abertura_exposicao_vale_rio_jundiai_biblioteca_municipa-1-768x506.jpg 768w, https:\/\/jundiai.sp.gov.br\/noticias\/wp-content\/uploads\/sites\/32\/2019\/09\/abertura_exposicao_vale_rio_jundiai_biblioteca_municipa-1.jpg 1323w\" sizes=\"auto, (max-width: 1024px) 100vw, 1024px\" \/><p id=\"caption-attachment-234825\" class=\"wp-caption-text\">Alex, que fez doutorado em engenharia ambiental na Espanha, e a esposa C\u00edntia: formas de revitaliza\u00e7\u00e3o que s\u00e3o tend\u00eancia na Europa<\/p><\/div>\n<p>O concurso foi inspirado nas a\u00e7\u00f5es realizadas em outros lugares como o Rio Manzanares, em Madri (Espanha) e a recupera\u00e7\u00e3o das margens do Rio Rh\u00f4ne, em Lyon (Fran\u00e7a). A exposi\u00e7\u00e3o, que \u00e9 itinerante, permanecer\u00e1 durante um m\u00eas na Biblioteca, que fica na Avenida Dr. Cavalcanti, 396. A entrada \u00e9 franca.<\/p>\n<p><strong>Assessoria de Imprensa<br \/>\nFoto: Fot\u00f3grafos PMJ<\/strong><\/p>\n","protected":false},"excerpt":{"rendered":"<p>Imagine o Rio Jundia\u00ed n\u00e3o emparedado por cimento e asfalto, como hoje \u2013 mas com vegeta\u00e7\u00e3o ao redor, parques, passarelas e mirantes. Essas e outras ideias para conserva\u00e7\u00e3o e revitaliza\u00e7\u00e3o do rio \u2013 cujo dia ser\u00e1 comemorado na segunda, dia 23 \u2013 est\u00e3o em exposi\u00e7\u00e3o na Biblioteca Municipal Prof. Nelson Foot desde a manh\u00e3 deste [&hellip;]<\/p>\n","protected":false},"author":45,"featured_media":0,"comment_status":"closed","ping_status":"closed","sticky":false,"template":"","format":"standard","meta":{"footnotes":""},"categories":[2],"tags":[32,620],"ods":[],"class_list":["post-234818","post","type-post","status-publish","format-standard","hentry","category-noticias","tag-planejamento-e-meio-ambiente","tag-rio-jundiai"],"_links":{"self":[{"href":"https:\/\/jundiai.sp.gov.br\/noticias\/wp-json\/wp\/v2\/posts\/234818","targetHints":{"allow":["GET"]}}],"collection":[{"href":"https:\/\/jundiai.sp.gov.br\/noticias\/wp-json\/wp\/v2\/posts"}],"about":[{"href":"https:\/\/jundiai.sp.gov.br\/noticias\/wp-json\/wp\/v2\/types\/post"}],"author":[{"embeddable":true,"href":"https:\/\/jundiai.sp.gov.br\/noticias\/wp-json\/wp\/v2\/users\/45"}],"replies":[{"embeddable":true,"href":"https:\/\/jundiai.sp.gov.br\/noticias\/wp-json\/wp\/v2\/comments?post=234818"}],"version-history":[{"count":5,"href":"https:\/\/jundiai.sp.gov.br\/noticias\/wp-json\/wp\/v2\/posts\/234818\/revisions"}],"predecessor-version":[{"id":234826,"href":"https:\/\/jundiai.sp.gov.br\/noticias\/wp-json\/wp\/v2\/posts\/234818\/revisions\/234826"}],"wp:attachment":[{"href":"https:\/\/jundiai.sp.gov.br\/noticias\/wp-json\/wp\/v2\/media?parent=234818"}],"wp:term":[{"taxonomy":"category","embeddable":true,"href":"https:\/\/jundiai.sp.gov.br\/noticias\/wp-json\/wp\/v2\/categories?post=234818"},{"taxonomy":"post_tag","embeddable":true,"href":"https:\/\/jundiai.sp.gov.br\/noticias\/wp-json\/wp\/v2\/tags?post=234818"},{"taxonomy":"ods","embeddable":true,"href":"https:\/\/jundiai.sp.gov.br\/noticias\/wp-json\/wp\/v2\/ods?post=234818"}],"curies":[{"name":"wp","href":"https:\/\/api.w.org\/{rel}","templated":true}]}}