{"id":235149,"date":"2019-09-25T18:22:50","date_gmt":"2019-09-25T21:22:50","guid":{"rendered":"https:\/\/jundiai.sp.gov.br\/noticias\/?p=235149"},"modified":"2019-09-25T18:30:30","modified_gmt":"2019-09-25T21:30:30","slug":"prefeitura-da-inicio-a-pesquisa-sobre-habitos-culturais-da-populacao","status":"publish","type":"post","link":"https:\/\/jundiai.sp.gov.br\/noticias\/2019\/09\/25\/prefeitura-da-inicio-a-pesquisa-sobre-habitos-culturais-da-populacao\/","title":{"rendered":"Prefeitura d\u00e1 in\u00edcio \u00e0 pesquisa sobre h\u00e1bitos culturais da popula\u00e7\u00e3o"},"content":{"rendered":"<div id=\"attachment_235151\" style=\"width: 1034px\" class=\"wp-caption aligncenter\"><img loading=\"lazy\" decoding=\"async\" aria-describedby=\"caption-attachment-235151\" class=\"size-large wp-image-235151\" src=\"https:\/\/jundiai.sp.gov.br\/noticias\/wp-content\/uploads\/sites\/32\/2019\/09\/pesquisa_habitos_culturais_2019_complexo_fepasa-84-1280x853.jpg\" alt=\"Duas mulheres conversam e manuseiam um celular, com pr\u00e9dio de tijolos \u00e0 vista ao fundo\" width=\"1024\" height=\"682\" srcset=\"https:\/\/jundiai.sp.gov.br\/noticias\/wp-content\/uploads\/sites\/32\/2019\/09\/pesquisa_habitos_culturais_2019_complexo_fepasa-84-1280x853.jpg 1280w, https:\/\/jundiai.sp.gov.br\/noticias\/wp-content\/uploads\/sites\/32\/2019\/09\/pesquisa_habitos_culturais_2019_complexo_fepasa-84-300x200.jpg 300w, https:\/\/jundiai.sp.gov.br\/noticias\/wp-content\/uploads\/sites\/32\/2019\/09\/pesquisa_habitos_culturais_2019_complexo_fepasa-84-768x512.jpg 768w, https:\/\/jundiai.sp.gov.br\/noticias\/wp-content\/uploads\/sites\/32\/2019\/09\/pesquisa_habitos_culturais_2019_complexo_fepasa-84-450x300.jpg 450w, https:\/\/jundiai.sp.gov.br\/noticias\/wp-content\/uploads\/sites\/32\/2019\/09\/pesquisa_habitos_culturais_2019_complexo_fepasa-84.jpg 1323w\" sizes=\"auto, (max-width: 1024px) 100vw, 1024px\" \/><p id=\"caption-attachment-235151\" class=\"wp-caption-text\">Pesquisa come\u00e7ou pelo Complexo Fepasa e ir\u00e1 percorrer os 8 vetores do Munic\u00edpio. Interessados podem preench\u00ea-lo pela internet<\/p><\/div>\n<p>A Unidade de Gest\u00e3o de Cultura (UGC) deu in\u00edcio nesta quarta-feira (25) \u00e0s entrevistas sobre os h\u00e1bitos culturais da popula\u00e7\u00e3o. As pesquisas, que come\u00e7aram pelo Complexo Fepasa, ir\u00e3o totalizar 2100 entrevistados e ser\u00e3o conduzidas at\u00e9 20 de outubro pelos oito vetores do Munic\u00edpio, percorrendo bairros, terminais de \u00f4nibus, parques e outros equipamentos p\u00fablicos.<\/p>\n<p><a href=\"https:\/\/docs.google.com\/forms\/d\/e\/1FAIpQLSe3OEcostFO63yOdlPEpQACONOEFK4Pz3QLkvf20T4XugBiyA\/viewform\" rel=\"noopener noreferrer\" target=\"_blank\">PARTICIPE DA PESQUISA<\/a><\/p>\n<p>O gestor da UGC, Marcelo Peroni, explica que esta iniciativa, somada aos F\u00f3runs Descentralizados de Cultura, visa \u00e0 constru\u00e7\u00e3o do Plano Municipal de Cultura. \u201cPrecisamos conhecer bem a realidade para que o Plano constru\u00eddo seja algo efetivo. Esta \u00e9 uma iniciativa inovadora e in\u00e9dita, de que poucos Munic\u00edpios disp\u00f5em, e contar\u00e1 com margem muito ampla de corre\u00e7\u00e3o, com dados cruzados com os do Instituto Brasileiro de Geografia e Estat\u00edstica (IBGE) e com o escopo acad\u00eamico trazido pela Fatec. Algo alinhado, inclusive, com F\u00f3rum Jundia\u00ed 2050, realizado esta semana no Pa\u00e7o\u201d.<\/p>\n<p>Para seu preenchimento, o formul\u00e1rio exige cerca de dez minutos e trata dos h\u00e1bitos de cada cidad\u00e3o em rela\u00e7\u00e3o a: dados pessoais gen\u00e9ricos; gostos e consumo musicais, de leitura, cinema, teatro, dan\u00e7a, TV, pinturas, esculturas e arquitetura; h\u00e1bitos de lazer; al\u00e9m de conhecimento dos equipamentos e dos eventos da agenda cultural do Munic\u00edpio.<\/p>\n<p>As entrevistas s\u00e3o voltadas somente a mun\u00edcipes jundiaienses, de todas as idades. <a href=\"https:\/\/docs.google.com\/forms\/d\/e\/1FAIpQLSe3OEcostFO63yOdlPEpQACONOEFK4Pz3QLkvf20T4XugBiyA\/viewform\" target=\"_blank\" rel=\"noopener noreferrer\">Como o formul\u00e1rio \u00e9 online, os interessados podem preench\u00ea-lo pela internet<\/a>. Por isso, os entrevistadores, todos alunos do curso de Eventos integrantes da empresa j\u00fanior Neo Tech.<\/p>\n<p>Os entrevistadores estar\u00e3o identificados por camiseta da Fatec e crach\u00e1 e aplicar\u00e3o a pesquisa com celulares ou tablets. Os formul\u00e1rios foram elaborados tamb\u00e9m pela empresa j\u00fanior no modelo de autopreenchimento, a fim de resultar em influ\u00eancia m\u00ednima no resultado.<\/p>\n<p>Beatriz Pereira, de 24 anos e moradora da vila Arens, foi uma das primeiras entrevistadas. \u201cEsta \u00e9 uma iniciativa importante, pois ajuda a Prefeitura a saber do conhecimento dos cidad\u00e3os em rela\u00e7\u00e3o aos equipamentos e agenda cultural. Isso dever\u00e1 ajudar a melhorar o planejamento das atividades\u201d, explicou a estudante de Gest\u00e3o Ambiental.<\/p>\n<p>Peroni explica que outras iniciativas dever\u00e3o se juntar \u00e0 pesquisa e aos F\u00f3runs descentralizados. \u201cIremos realizar ainda uma outra pesquisa, desta vez direcionada aos artistas, amadores ou profissionais, a fim de entender como desenvolvem suas pr\u00e1ticas\u201d.<\/p>\n<div id=\"attachment_235154\" style=\"width: 1034px\" class=\"wp-caption aligncenter\"><img loading=\"lazy\" decoding=\"async\" aria-describedby=\"caption-attachment-235154\" class=\"size-large wp-image-235154\" src=\"https:\/\/jundiai.sp.gov.br\/noticias\/wp-content\/uploads\/sites\/32\/2019\/09\/pesquisa_habitos_culturais_2019_complexo_fepasa-99-1280x853.jpg\" alt=\"Homem sentado \u00e0 mesa de trabalho, com papeis, computador e quadro ao fundo\" width=\"1024\" height=\"682\" srcset=\"https:\/\/jundiai.sp.gov.br\/noticias\/wp-content\/uploads\/sites\/32\/2019\/09\/pesquisa_habitos_culturais_2019_complexo_fepasa-99-1280x853.jpg 1280w, https:\/\/jundiai.sp.gov.br\/noticias\/wp-content\/uploads\/sites\/32\/2019\/09\/pesquisa_habitos_culturais_2019_complexo_fepasa-99-300x200.jpg 300w, https:\/\/jundiai.sp.gov.br\/noticias\/wp-content\/uploads\/sites\/32\/2019\/09\/pesquisa_habitos_culturais_2019_complexo_fepasa-99-768x512.jpg 768w, https:\/\/jundiai.sp.gov.br\/noticias\/wp-content\/uploads\/sites\/32\/2019\/09\/pesquisa_habitos_culturais_2019_complexo_fepasa-99-450x300.jpg 450w, https:\/\/jundiai.sp.gov.br\/noticias\/wp-content\/uploads\/sites\/32\/2019\/09\/pesquisa_habitos_culturais_2019_complexo_fepasa-99.jpg 1323w\" sizes=\"auto, (max-width: 1024px) 100vw, 1024px\" \/><p id=\"caption-attachment-235154\" class=\"wp-caption-text\">Peroni: iniciativa inovadora e in\u00e9dita auxiliar\u00e1 no planejamento a longo prazo<\/p><\/div>\n<p><strong>Assessoria de Imprensa<br \/>\nFoto: Fot\u00f3grafos PMJ<\/strong><\/p>\n","protected":false},"excerpt":{"rendered":"<p>A Unidade de Gest\u00e3o de Cultura (UGC) deu in\u00edcio nesta quarta-feira (25) \u00e0s entrevistas sobre os h\u00e1bitos culturais da popula\u00e7\u00e3o. As pesquisas, que come\u00e7aram pelo Complexo Fepasa, ir\u00e3o totalizar 2100 entrevistados e ser\u00e3o conduzidas at\u00e9 20 de outubro pelos oito vetores do Munic\u00edpio, percorrendo bairros, terminais de \u00f4nibus, parques e outros equipamentos p\u00fablicos. PARTICIPE DA [&hellip;]<\/p>\n","protected":false},"author":14,"featured_media":0,"comment_status":"closed","ping_status":"closed","sticky":false,"template":"","format":"standard","meta":{"footnotes":""},"categories":[2],"tags":[29,449,159],"ods":[],"class_list":["post-235149","post","type-post","status-publish","format-standard","hentry","category-noticias","tag-cultura","tag-espaco-expressa","tag-fatec"],"_links":{"self":[{"href":"https:\/\/jundiai.sp.gov.br\/noticias\/wp-json\/wp\/v2\/posts\/235149","targetHints":{"allow":["GET"]}}],"collection":[{"href":"https:\/\/jundiai.sp.gov.br\/noticias\/wp-json\/wp\/v2\/posts"}],"about":[{"href":"https:\/\/jundiai.sp.gov.br\/noticias\/wp-json\/wp\/v2\/types\/post"}],"author":[{"embeddable":true,"href":"https:\/\/jundiai.sp.gov.br\/noticias\/wp-json\/wp\/v2\/users\/14"}],"replies":[{"embeddable":true,"href":"https:\/\/jundiai.sp.gov.br\/noticias\/wp-json\/wp\/v2\/comments?post=235149"}],"version-history":[{"count":8,"href":"https:\/\/jundiai.sp.gov.br\/noticias\/wp-json\/wp\/v2\/posts\/235149\/revisions"}],"predecessor-version":[{"id":235163,"href":"https:\/\/jundiai.sp.gov.br\/noticias\/wp-json\/wp\/v2\/posts\/235149\/revisions\/235163"}],"wp:attachment":[{"href":"https:\/\/jundiai.sp.gov.br\/noticias\/wp-json\/wp\/v2\/media?parent=235149"}],"wp:term":[{"taxonomy":"category","embeddable":true,"href":"https:\/\/jundiai.sp.gov.br\/noticias\/wp-json\/wp\/v2\/categories?post=235149"},{"taxonomy":"post_tag","embeddable":true,"href":"https:\/\/jundiai.sp.gov.br\/noticias\/wp-json\/wp\/v2\/tags?post=235149"},{"taxonomy":"ods","embeddable":true,"href":"https:\/\/jundiai.sp.gov.br\/noticias\/wp-json\/wp\/v2\/ods?post=235149"}],"curies":[{"name":"wp","href":"https:\/\/api.w.org\/{rel}","templated":true}]}}