{"id":235233,"date":"2019-09-26T16:48:39","date_gmt":"2019-09-26T19:48:39","guid":{"rendered":"https:\/\/jundiai.sp.gov.br\/noticias\/?p=235233"},"modified":"2019-09-26T16:49:54","modified_gmt":"2019-09-26T19:49:54","slug":"medicos-da-rede-municipal-participam-de-capacitacao-sobre-manejo-de-crise-suicida","status":"publish","type":"post","link":"https:\/\/jundiai.sp.gov.br\/noticias\/2019\/09\/26\/medicos-da-rede-municipal-participam-de-capacitacao-sobre-manejo-de-crise-suicida\/","title":{"rendered":"M\u00e9dicos da rede municipal participam de capacita\u00e7\u00e3o sobre manejo de crise suicida"},"content":{"rendered":"<p>Demonstra\u00e7\u00e3o de sofrimento intenso, isolamento social, aus\u00eancia de esperan\u00e7a: esses sintomas, poss\u00edveis ind\u00edcios de uma crise suicida, est\u00e3o sendo mais observados e cuidados por pediatras, ginecologistas e cl\u00ednicos da rede municipal de sa\u00fade. Esta semana, cerca de 120 profissionais dessas especialidades, que integram a aten\u00e7\u00e3o b\u00e1sica, passaram por uma capacita\u00e7\u00e3o especialmente voltada ao manejo da crise suicida. Foram duas turmas \u2013 na manh\u00e3 de ter\u00e7a (24) e na tarde desta quinta (26) na Escola de Gest\u00e3o P\u00fablica de\u00a0Jundia\u00ed\u00a0(EGP), que assistiram a palestras com psiquiatras do Centro de Aten\u00e7\u00e3o Psicossocial (CAPS).<\/p>\n<div id=\"attachment_235236\" style=\"width: 1034px\" class=\"wp-caption aligncenter\"><img loading=\"lazy\" decoding=\"async\" aria-describedby=\"caption-attachment-235236\" class=\"size-large wp-image-235236\" src=\"https:\/\/jundiai.sp.gov.br\/noticias\/wp-content\/uploads\/sites\/32\/2019\/09\/capacitacao_da_saude-75-1280x853.jpg\" alt=\"\" width=\"1024\" height=\"682\" srcset=\"https:\/\/jundiai.sp.gov.br\/noticias\/wp-content\/uploads\/sites\/32\/2019\/09\/capacitacao_da_saude-75-1280x853.jpg 1280w, https:\/\/jundiai.sp.gov.br\/noticias\/wp-content\/uploads\/sites\/32\/2019\/09\/capacitacao_da_saude-75-300x200.jpg 300w, https:\/\/jundiai.sp.gov.br\/noticias\/wp-content\/uploads\/sites\/32\/2019\/09\/capacitacao_da_saude-75-768x512.jpg 768w, https:\/\/jundiai.sp.gov.br\/noticias\/wp-content\/uploads\/sites\/32\/2019\/09\/capacitacao_da_saude-75-450x300.jpg 450w, https:\/\/jundiai.sp.gov.br\/noticias\/wp-content\/uploads\/sites\/32\/2019\/09\/capacitacao_da_saude-75.jpg 1323w\" sizes=\"auto, (max-width: 1024px) 100vw, 1024px\" \/><p id=\"caption-attachment-235236\" class=\"wp-caption-text\">O m\u00e9dico psiquiatra Lucas Gabriel Maltoni Romano, do CAPS III, ministra palesta a m\u00e9dicos da rede municipal: formas de identificar e lidar com crises<\/p><\/div>\n<p>Embora o munic\u00edpio j\u00e1 conte com uma rede para diagn\u00f3stico e atendimento a dist\u00farbios de sa\u00fade mental \u2013 incluindo o N\u00facleo de Apoio \u00e0 Sa\u00fade (NASF) e as unidades do CAPS \u2013 muitas vezes \u00e9 no atendimento \u00e0 sa\u00fade b\u00e1sica que esses sintomas s\u00e3o identificados. Fernanda Fumagalli Bifani, cl\u00ednica geral da UBS Esplanada, participou da capacita\u00e7\u00e3o nesta quinta e confirmou uma sensa\u00e7\u00e3o crescente na sociedade: h\u00e1 mais pessoas demonstrando sofrimento psicol\u00f3gico. \u201cEssas informa\u00e7\u00f5es s\u00e3o necess\u00e1rias, porque atendemos cada vez mais pessoas com esses sintomas\u201d, afirma.<\/p>\n<div id=\"attachment_235241\" style=\"width: 1034px\" class=\"wp-caption aligncenter\"><img loading=\"lazy\" decoding=\"async\" aria-describedby=\"caption-attachment-235241\" class=\"size-large wp-image-235241\" src=\"https:\/\/jundiai.sp.gov.br\/noticias\/wp-content\/uploads\/sites\/32\/2019\/09\/capacitacao_da_saude-9-1280x853.jpg\" alt=\"\" width=\"1024\" height=\"682\" srcset=\"https:\/\/jundiai.sp.gov.br\/noticias\/wp-content\/uploads\/sites\/32\/2019\/09\/capacitacao_da_saude-9-1280x853.jpg 1280w, https:\/\/jundiai.sp.gov.br\/noticias\/wp-content\/uploads\/sites\/32\/2019\/09\/capacitacao_da_saude-9-300x200.jpg 300w, https:\/\/jundiai.sp.gov.br\/noticias\/wp-content\/uploads\/sites\/32\/2019\/09\/capacitacao_da_saude-9-768x512.jpg 768w, https:\/\/jundiai.sp.gov.br\/noticias\/wp-content\/uploads\/sites\/32\/2019\/09\/capacitacao_da_saude-9-450x300.jpg 450w, https:\/\/jundiai.sp.gov.br\/noticias\/wp-content\/uploads\/sites\/32\/2019\/09\/capacitacao_da_saude-9.jpg 1323w\" sizes=\"auto, (max-width: 1024px) 100vw, 1024px\" \/><p id=\"caption-attachment-235241\" class=\"wp-caption-text\">A m\u00e9dica cl\u00ednica geral Fernanda Fumagalli Bifani, da UBS Esplanada: &#8220;No atendimento, percebo cada vez mais sintomas de sofrimento ps\u00edquico&#8221;<\/p><\/div>\n<p>A capacita\u00e7\u00e3o foi promovida pela Coordena\u00e7\u00e3o de Sa\u00fade Mental e Assessorias T\u00e9cnicas &#8211; Sa\u00fade do Adulto, da Mulher e da Crian\u00e7a \u2013 e os palestrantes foram dois m\u00e9dicos psiquiatras da Rede de Aten\u00e7\u00e3o Psicossocial: Lucas Gabriel Maltoni Romano, do CAPS 3, e Cl\u00e1udio Marins da Rocha Borges, do CAPS 2. \u201cO atendimento de sa\u00fade b\u00e1sica \u00e9 a porta de entrada do sistema, e o objetivo \u00e9 fornecer subs\u00eddios para que os m\u00e9dicos possam auxiliar esses pacientes, inclusive encaminhando-os para servi\u00e7os especializados se necess\u00e1rio\u201d, explica Cl\u00e1udio.<\/p>\n<p>Em Jundia\u00ed, entre 2012 e 2018, houve uma m\u00e9dia de 20 casos de suic\u00eddio por ano. Em 2019, s\u00f3 at\u00e9 julho, foram 19 mortes. Segundo o coordenador de Sa\u00fade Mental da Unidade de Gest\u00e3o de Promo\u00e7\u00e3o da Sa\u00fade (UGPS), Alexandre Moreno Sandri, a capacita\u00e7\u00e3o desta semana faz parte da programa\u00e7\u00e3o da \u00e1rea para este ano, que incluir\u00e1 a abordagem de transtornos de humor em outubro e ansiedade em novembro. \u201c\u00c9 percept\u00edvel um aumento do n\u00famero de pacientes com sofrimento ps\u00edquico, e precisamos estar preparados para prestar atendimento adequado\u201d, diz.<\/p>\n<p><strong><span style=\"font-family: 'Arial',sans-serif;\">Assessoria de Imprensa<\/span><\/strong><span style=\"font-family: 'Arial',sans-serif;\"><br \/>\n<strong>Fotos: Fot\u00f3grafos PMJ<\/strong><\/span><\/p>\n","protected":false},"excerpt":{"rendered":"<p>Demonstra\u00e7\u00e3o de sofrimento intenso, isolamento social, aus\u00eancia de esperan\u00e7a: esses sintomas, poss\u00edveis ind\u00edcios de uma crise suicida, est\u00e3o sendo mais observados e cuidados por pediatras, ginecologistas e cl\u00ednicos da rede municipal de sa\u00fade. Esta semana, cerca de 120 profissionais dessas especialidades, que integram a aten\u00e7\u00e3o b\u00e1sica, passaram por uma capacita\u00e7\u00e3o especialmente voltada ao manejo da [&hellip;]<\/p>\n","protected":false},"author":45,"featured_media":235236,"comment_status":"closed","ping_status":"closed","sticky":false,"template":"","format":"standard","meta":{"footnotes":""},"categories":[2],"tags":[543,981,483],"ods":[],"class_list":["post-235233","post","type-post","status-publish","format-standard","has-post-thumbnail","hentry","category-noticias","tag-caps-infantil-e-adulto","tag-promocao-da-saude","tag-saude-mental"],"_links":{"self":[{"href":"https:\/\/jundiai.sp.gov.br\/noticias\/wp-json\/wp\/v2\/posts\/235233","targetHints":{"allow":["GET"]}}],"collection":[{"href":"https:\/\/jundiai.sp.gov.br\/noticias\/wp-json\/wp\/v2\/posts"}],"about":[{"href":"https:\/\/jundiai.sp.gov.br\/noticias\/wp-json\/wp\/v2\/types\/post"}],"author":[{"embeddable":true,"href":"https:\/\/jundiai.sp.gov.br\/noticias\/wp-json\/wp\/v2\/users\/45"}],"replies":[{"embeddable":true,"href":"https:\/\/jundiai.sp.gov.br\/noticias\/wp-json\/wp\/v2\/comments?post=235233"}],"version-history":[{"count":4,"href":"https:\/\/jundiai.sp.gov.br\/noticias\/wp-json\/wp\/v2\/posts\/235233\/revisions"}],"predecessor-version":[{"id":235245,"href":"https:\/\/jundiai.sp.gov.br\/noticias\/wp-json\/wp\/v2\/posts\/235233\/revisions\/235245"}],"wp:featuredmedia":[{"embeddable":true,"href":"https:\/\/jundiai.sp.gov.br\/noticias\/wp-json\/wp\/v2\/media\/235236"}],"wp:attachment":[{"href":"https:\/\/jundiai.sp.gov.br\/noticias\/wp-json\/wp\/v2\/media?parent=235233"}],"wp:term":[{"taxonomy":"category","embeddable":true,"href":"https:\/\/jundiai.sp.gov.br\/noticias\/wp-json\/wp\/v2\/categories?post=235233"},{"taxonomy":"post_tag","embeddable":true,"href":"https:\/\/jundiai.sp.gov.br\/noticias\/wp-json\/wp\/v2\/tags?post=235233"},{"taxonomy":"ods","embeddable":true,"href":"https:\/\/jundiai.sp.gov.br\/noticias\/wp-json\/wp\/v2\/ods?post=235233"}],"curies":[{"name":"wp","href":"https:\/\/api.w.org\/{rel}","templated":true}]}}