{"id":236334,"date":"2019-10-09T13:04:09","date_gmt":"2019-10-09T16:04:09","guid":{"rendered":"https:\/\/jundiai.sp.gov.br\/noticias\/?p=236334"},"modified":"2019-10-09T15:36:55","modified_gmt":"2019-10-09T18:36:55","slug":"grupo-terapeutico-aposta-em-atividades-simples-para-alivio-das-dores-cronicas","status":"publish","type":"post","link":"https:\/\/jundiai.sp.gov.br\/noticias\/2019\/10\/09\/grupo-terapeutico-aposta-em-atividades-simples-para-alivio-das-dores-cronicas\/","title":{"rendered":"Grupo terap\u00eautico aposta em atividades simples para al\u00edvio das dores cr\u00f4nicas"},"content":{"rendered":"<p>Atividades rotineiras como subir escadas ou algum afazer dom\u00e9stico s\u00e3o situa\u00e7\u00f5es que para pessoas com dores cr\u00f4nicas derivadas de diversas doen\u00e7as s\u00e3o limitantes e interferem na qualidade de vida do indiv\u00edduo. A Prefeitura de Jundia\u00ed, por meio do Grupo Terap\u00eautico da Dor Cr\u00f4nica &#8211; realizado no Centro de Conviv\u00eancia, Cultura, Trabalho e Gera\u00e7\u00e3o de Renda (CECCO) -, tem oferecido a reabilita\u00e7\u00e3o de 80% dos usu\u00e1rios participantes do ciclo de encontros gratuitos, que incluem exerc\u00edcios f\u00edsicos, fitoterapia, auriculoterapia al\u00e9m de palestras espec\u00edficas sobre o assunto. Para o pr\u00f3ximo ano, a previs\u00e3o \u00e9 oferecer mais turmas espec\u00edficas, que ter\u00e3o as inscri\u00e7\u00f5es anunciadas com anteced\u00eancia.<\/p>\n<p>Rosemary Baroni Stocco, 58 anos, sofre com dores cr\u00f4nicas h\u00e1 mais de 20 anos. &#8220;Sempre fiz tratamentos em conv\u00eanios m\u00e9dicos, mas nunca se chegou a um diagn\u00f3stico sobre a origem das dores. Recebi a indica\u00e7\u00e3o para buscar o grupo aqui do CECCO, que \u00e9 gratuito. Fiz a inscri\u00e7\u00e3o, fui chamada e posso dizer que a participa\u00e7\u00e3o mudou a minha vida. Nunca mais tive crises. Estou muito satisfeita e j\u00e1 indiquei v\u00e1rios amigos para buscarem o servi\u00e7o&#8221;, conta a moradora na Vila Arens.<\/p>\n<div id=\"attachment_236367\" style=\"width: 1034px\" class=\"wp-caption aligncenter\"><img loading=\"lazy\" decoding=\"async\" aria-describedby=\"caption-attachment-236367\" class=\"wp-image-236367 size-large\" src=\"https:\/\/jundiai.sp.gov.br\/noticias\/wp-content\/uploads\/sites\/32\/2019\/10\/cecco_grupo_de_dor-38-1280x934.jpg\" alt=\"\" width=\"1024\" height=\"747\" srcset=\"https:\/\/jundiai.sp.gov.br\/noticias\/wp-content\/uploads\/sites\/32\/2019\/10\/cecco_grupo_de_dor-38-1280x934.jpg 1280w, https:\/\/jundiai.sp.gov.br\/noticias\/wp-content\/uploads\/sites\/32\/2019\/10\/cecco_grupo_de_dor-38-300x219.jpg 300w, https:\/\/jundiai.sp.gov.br\/noticias\/wp-content\/uploads\/sites\/32\/2019\/10\/cecco_grupo_de_dor-38-768x560.jpg 768w, https:\/\/jundiai.sp.gov.br\/noticias\/wp-content\/uploads\/sites\/32\/2019\/10\/cecco_grupo_de_dor-38.jpg 1323w\" sizes=\"auto, (max-width: 1024px) 100vw, 1024px\" \/><p id=\"caption-attachment-236367\" class=\"wp-caption-text\">Rosemary Baroni Stocco buscou o atendimento do Grupo de Terapia ap\u00f3s anos de tratamento em conv\u00eanios. &#8220;N\u00e3o tive mais crises&#8221;, comenta<\/p><\/div>\n<p>Da regi\u00e3o do Centro, usu\u00e1rio da UBS Central, o casal Jaime Santana Pinto, 67 anos e Eliana Silveira, 66 anos, se inscreveram para participar do Grupo Terap\u00eautico da Dor Cr\u00f4nica em busca de al\u00edvios para problemas de artrose e at\u00e9, infec\u00e7\u00e3o urin\u00e1ria recorrente. &#8220;Os exerc\u00edcios que s\u00e3o explicados aqui s\u00e3o poss\u00edveis de serem reproduzidos em casa e me ajudaram muito a melhorar as dor lombar e a artrose no joelho direito. O exerc\u00edcio com o aux\u00edlio de borrachas eu repliquei em casa com c\u00e2meras de pneu de bicicleta&#8221;, conta o aposentado. J\u00e1 a companheira, que chegou ao espa\u00e7o a convite do Jaime, buscava a solu\u00e7\u00e3o para as infec\u00e7\u00f5es urin\u00e1rias, al\u00e9m das dores no corpo. &#8220;Aqui, al\u00e9m da explica\u00e7\u00e3o te\u00f3rica, temos a pr\u00e1tica, com atividades f\u00edsicas, fitoterapia e a auriculoterapia, que me ajudou muito&#8221;, comenta.<\/p>\n<p>A diarista Terezinha Francisco, 57 anos, moradora no Engordadouro, ficava limitada no trabalho durante as crises do nervo ci\u00e1tico. &#8220;Meu lado direito era comprometido. Cheguei aqui mancando. Estou no meio do ciclo do Grupo e j\u00e1 n\u00e3o tenho as dores incapacitantes. Mas \u00e9 preciso que as pessoas fa\u00e7am os exerc\u00edcios em casa. Todo dia, acordo e a primeira coisa que fa\u00e7o s\u00e3o os e1\u00aa Caminhada Vicentina, xerc\u00edcios para o nervo ci\u00e1tico. Sou outra pessoa&#8221;, detalha.<\/p>\n<p>Segundo o educador f\u00edsico do N\u00facleo de Apoio \u00e0 Sa\u00fade da Fam\u00edlia (NASF) e um dos respons\u00e1veis pelo desenvolvimento do Grupo do CECCO, Samuel Almeida, o modelo de grupo implementado desde o segundo semestre de 2017, garante resultados expressivos para a reabilita\u00e7\u00e3o dos usu\u00e1rios. &#8220;O Grupo trabalha de forma interdisciplinar, incluindo, al\u00e9m de atividades f\u00edsicas espec\u00edficas para as situa\u00e7\u00f5es de dor, a inclus\u00e3o das Pr\u00e1ticas Integrativas Complementares (PICs), que amplificam os resultados. Conseguimos, em seis grupos j\u00e1 realizados ao longo desse per\u00edodo, a recupera\u00e7\u00e3o das habilidades m\u00ednimas em 80%, devolvendo a qualidade de vida das pessoas&#8221;, explica.<\/p>\n<div id=\"attachment_236365\" style=\"width: 1333px\" class=\"wp-caption aligncenter\"><img loading=\"lazy\" decoding=\"async\" aria-describedby=\"caption-attachment-236365\" class=\"size-full wp-image-236365\" src=\"https:\/\/jundiai.sp.gov.br\/noticias\/wp-content\/uploads\/sites\/32\/2019\/10\/cecco_grupo_de_dor-20.jpg\" alt=\"\" width=\"1323\" height=\"882\" srcset=\"https:\/\/jundiai.sp.gov.br\/noticias\/wp-content\/uploads\/sites\/32\/2019\/10\/cecco_grupo_de_dor-20.jpg 1323w, https:\/\/jundiai.sp.gov.br\/noticias\/wp-content\/uploads\/sites\/32\/2019\/10\/cecco_grupo_de_dor-20-300x200.jpg 300w, https:\/\/jundiai.sp.gov.br\/noticias\/wp-content\/uploads\/sites\/32\/2019\/10\/cecco_grupo_de_dor-20-768x512.jpg 768w, https:\/\/jundiai.sp.gov.br\/noticias\/wp-content\/uploads\/sites\/32\/2019\/10\/cecco_grupo_de_dor-20-1280x853.jpg 1280w, https:\/\/jundiai.sp.gov.br\/noticias\/wp-content\/uploads\/sites\/32\/2019\/10\/cecco_grupo_de_dor-20-450x300.jpg 450w\" sizes=\"auto, (max-width: 1323px) 100vw, 1323px\" \/><p id=\"caption-attachment-236365\" class=\"wp-caption-text\">Jaime Pinto (sentado) recebe orienta\u00e7\u00e3o do educador Samuel Almeida para a realiza\u00e7\u00e3o de exerc\u00edcios para a artrose no joelho direito<\/p><\/div>\n<p>De acordo com dados do CECCO, somente no segundo semestre de 2019, ser\u00e3o realizados tr\u00eas Grupos Terap\u00eauticos da Dor Cr\u00f4nica. O n\u00famero representa acr\u00e9scimo de 200% na oferta, j\u00e1 que no ano anterior, o mesmo per\u00edodo contou com um grupo. No pr\u00f3ximo dia 31 de outubro, uma nova turma ser\u00e1 iniciada, encerrando o ano. Para 2020 \u00e9 esperada a amplia\u00e7\u00e3o de mais turmas, logo no primeiro semestre.<\/p>\n<p>Assessoria de Imprensa<br \/>\nFotos: Fot\u00f3grafos PMJ<\/p>\n","protected":false},"excerpt":{"rendered":"<p>Atividades rotineiras como subir escadas ou algum afazer dom\u00e9stico s\u00e3o situa\u00e7\u00f5es que para pessoas com dores cr\u00f4nicas derivadas de diversas doen\u00e7as s\u00e3o limitantes e interferem na qualidade de vida do indiv\u00edduo. A Prefeitura de Jundia\u00ed, por meio do Grupo Terap\u00eautico da Dor Cr\u00f4nica &#8211; realizado no Centro de Conviv\u00eancia, Cultura, Trabalho e Gera\u00e7\u00e3o de Renda [&hellip;]<\/p>\n","protected":false},"author":39,"featured_media":236365,"comment_status":"closed","ping_status":"closed","sticky":false,"template":"","format":"standard","meta":{"footnotes":""},"categories":[2],"tags":[1118,3,1307],"ods":[],"class_list":["post-236334","post","type-post","status-publish","format-standard","has-post-thumbnail","hentry","category-noticias","tag-cecco","tag-saude","tag-ubs"],"_links":{"self":[{"href":"https:\/\/jundiai.sp.gov.br\/noticias\/wp-json\/wp\/v2\/posts\/236334","targetHints":{"allow":["GET"]}}],"collection":[{"href":"https:\/\/jundiai.sp.gov.br\/noticias\/wp-json\/wp\/v2\/posts"}],"about":[{"href":"https:\/\/jundiai.sp.gov.br\/noticias\/wp-json\/wp\/v2\/types\/post"}],"author":[{"embeddable":true,"href":"https:\/\/jundiai.sp.gov.br\/noticias\/wp-json\/wp\/v2\/users\/39"}],"replies":[{"embeddable":true,"href":"https:\/\/jundiai.sp.gov.br\/noticias\/wp-json\/wp\/v2\/comments?post=236334"}],"version-history":[{"count":14,"href":"https:\/\/jundiai.sp.gov.br\/noticias\/wp-json\/wp\/v2\/posts\/236334\/revisions"}],"predecessor-version":[{"id":236390,"href":"https:\/\/jundiai.sp.gov.br\/noticias\/wp-json\/wp\/v2\/posts\/236334\/revisions\/236390"}],"wp:featuredmedia":[{"embeddable":true,"href":"https:\/\/jundiai.sp.gov.br\/noticias\/wp-json\/wp\/v2\/media\/236365"}],"wp:attachment":[{"href":"https:\/\/jundiai.sp.gov.br\/noticias\/wp-json\/wp\/v2\/media?parent=236334"}],"wp:term":[{"taxonomy":"category","embeddable":true,"href":"https:\/\/jundiai.sp.gov.br\/noticias\/wp-json\/wp\/v2\/categories?post=236334"},{"taxonomy":"post_tag","embeddable":true,"href":"https:\/\/jundiai.sp.gov.br\/noticias\/wp-json\/wp\/v2\/tags?post=236334"},{"taxonomy":"ods","embeddable":true,"href":"https:\/\/jundiai.sp.gov.br\/noticias\/wp-json\/wp\/v2\/ods?post=236334"}],"curies":[{"name":"wp","href":"https:\/\/api.w.org\/{rel}","templated":true}]}}