{"id":236501,"date":"2019-10-17T15:15:06","date_gmt":"2019-10-17T18:15:06","guid":{"rendered":"https:\/\/jundiai.sp.gov.br\/noticias\/?p=236501"},"modified":"2019-10-17T15:15:06","modified_gmt":"2019-10-17T18:15:06","slug":"jundiai-sai-na-frente-com-aulas-sobre-educacao-emocional","status":"publish","type":"post","link":"https:\/\/jundiai.sp.gov.br\/noticias\/2019\/10\/17\/jundiai-sai-na-frente-com-aulas-sobre-educacao-emocional\/","title":{"rendered":"Jundia\u00ed sai na frente com aulas sobre Educa\u00e7\u00e3o Emocional"},"content":{"rendered":"<p>At\u00e9 2020, todas as escolas brasileiras dever\u00e3o incluir em seus curr\u00edculos o trabalho com as habilidades socioemocionais, conforme prev\u00ea as diretrizes da Base Nacional Comum Curricular (BNCC). A Prefeitura de Jundia\u00ed, com o programa Escola Inovadora, tem incorporando o tema como atividade curricular em todas as turmas das escolas municipais desde 2017. O resultado j\u00e1 \u00e9 colhido tanto em sala de aula quanto fora dos muros escolares, com crian\u00e7as preparadas para lidar com os sentimentos e agir a partir de an\u00e1lise cr\u00edtica do assunto.<\/p>\n<p>Para a gestora da Unidade de Gest\u00e3o de Educa\u00e7\u00e3o (UGE), Vasti Ferrari Marques, somente com o desenvolvimento emocional ser\u00e1 poss\u00edvel formar cidad\u00e3os respons\u00e1veis, emp\u00e1ticos e preparados para os desafios que ser\u00e3o enfrentados na idade adulta. &#8220;A Escola Inovadora tem o vi\u00e9s de formar crian\u00e7as fortes, criativas e empreendedoras. O sucesso do ensino passa pela forma\u00e7\u00e3o emocional, que, em Jundia\u00ed, \u00e9 trabalhada com projetos espec\u00edficos para as idades. Somente com o amadurecimento emocional ser\u00e1 poss\u00edvel mudar a sociedade, que tem tempos de conflitos emocionais&#8221;, aponta.<\/p>\n<div id=\"attachment_236616\" style=\"width: 1144px\" class=\"wp-caption aligncenter\"><img loading=\"lazy\" decoding=\"async\" aria-describedby=\"caption-attachment-236616\" class=\"size-full wp-image-236616\" src=\"https:\/\/jundiai.sp.gov.br\/noticias\/wp-content\/uploads\/sites\/32\/2019\/10\/projeto-educacao-emocional-emeb-lazaro-m-duarte_c_-115.jpg\" alt=\"\" width=\"1134\" height=\"756\" srcset=\"https:\/\/jundiai.sp.gov.br\/noticias\/wp-content\/uploads\/sites\/32\/2019\/10\/projeto-educacao-emocional-emeb-lazaro-m-duarte_c_-115.jpg 1134w, https:\/\/jundiai.sp.gov.br\/noticias\/wp-content\/uploads\/sites\/32\/2019\/10\/projeto-educacao-emocional-emeb-lazaro-m-duarte_c_-115-300x200.jpg 300w, https:\/\/jundiai.sp.gov.br\/noticias\/wp-content\/uploads\/sites\/32\/2019\/10\/projeto-educacao-emocional-emeb-lazaro-m-duarte_c_-115-768x512.jpg 768w, https:\/\/jundiai.sp.gov.br\/noticias\/wp-content\/uploads\/sites\/32\/2019\/10\/projeto-educacao-emocional-emeb-lazaro-m-duarte_c_-115-450x300.jpg 450w\" sizes=\"auto, (max-width: 1134px) 100vw, 1134px\" \/><p id=\"caption-attachment-236616\" class=\"wp-caption-text\">Educa\u00e7\u00e3o socioemocional \u00e9 trabalhada em escolas de Jundia\u00ed, desde 2017. Tema faz parte da nova Base Nacional Curricular Comum<\/p><\/div>\n<p>Giovanna Alves Ribeiro dos Santos, 8 anos, estuda na EMEB L\u00e1zaro Miranda Duarte, na Vila Nova Jundiain\u00f3polis, no 3\u00ba ano, e tem refletido em casa o que aprende em sala de aula, com as atividades desenvolvidas pelo projeto pedag\u00f3gico da escola intitulado &#8216;Cuidar de si, do outro e do meio ambiente&#8217;. &#8220;Eu era muito ansiosa. Agora consigo entender que n\u00e3o preciso ficar assim, pois posso olhar no calend\u00e1rio e me organizar para as datas dos eventos. Tamb\u00e9m tenho trabalhado o medo, que, \u00e0s vezes, surge na minha cabe\u00e7a e me assombra&#8221;, conta a menina, ao lado da m\u00e3e, Beatriz Alves Ribeiro dos Santos.<\/p>\n<div id=\"attachment_236610\" style=\"width: 1206px\" class=\"wp-caption aligncenter\"><img loading=\"lazy\" decoding=\"async\" aria-describedby=\"caption-attachment-236610\" class=\"size-full wp-image-236610\" src=\"https:\/\/jundiai.sp.gov.br\/noticias\/wp-content\/uploads\/sites\/32\/2019\/10\/projeto-educacao-emocional-emeb-lazaro-m-duarte_c_-17.jpg\" alt=\"\" width=\"1196\" height=\"797\" srcset=\"https:\/\/jundiai.sp.gov.br\/noticias\/wp-content\/uploads\/sites\/32\/2019\/10\/projeto-educacao-emocional-emeb-lazaro-m-duarte_c_-17.jpg 1196w, https:\/\/jundiai.sp.gov.br\/noticias\/wp-content\/uploads\/sites\/32\/2019\/10\/projeto-educacao-emocional-emeb-lazaro-m-duarte_c_-17-300x200.jpg 300w, https:\/\/jundiai.sp.gov.br\/noticias\/wp-content\/uploads\/sites\/32\/2019\/10\/projeto-educacao-emocional-emeb-lazaro-m-duarte_c_-17-768x512.jpg 768w, https:\/\/jundiai.sp.gov.br\/noticias\/wp-content\/uploads\/sites\/32\/2019\/10\/projeto-educacao-emocional-emeb-lazaro-m-duarte_c_-17-450x300.jpg 450w\" sizes=\"auto, (max-width: 1196px) 100vw, 1196px\" \/><p id=\"caption-attachment-236610\" class=\"wp-caption-text\">Giovanna Alves Ribeiro dos Santos era muito ansiosa; com as aulas sobre as habilidades socioemocionais na escola, adotou um calend\u00e1rio que \u00e9 organizado junto com a a m\u00e3e, Beatriz Alves Ribeiro dos Santos<\/p><\/div>\n<p>Com as aulas de habilidades socioemocionais, a Giovanna tem aprendido a lidar com os sentimentos e tem se desenvolvido muito, j\u00e1 que \u00e9 uma crian\u00e7a preocupada com o bem-estar dos colegas e com o meio ambiente. A atividade proporciona ganho, inclusive, para as fam\u00edlias que participam da reuni\u00e3o mensal sobre o assunto. Conseguimos esclarecer a situa\u00e7\u00e3o e aprendemos a lidar melhor, acolher os filhos e orientar para a solu\u00e7\u00e3o&#8221;, enfatiza a m\u00e3e.<\/p>\n<div id=\"attachment_236612\" style=\"width: 1257px\" class=\"wp-caption aligncenter\"><img loading=\"lazy\" decoding=\"async\" aria-describedby=\"caption-attachment-236612\" class=\"wp-image-236612 size-full\" src=\"https:\/\/jundiai.sp.gov.br\/noticias\/wp-content\/uploads\/sites\/32\/2019\/10\/projeto-educacao-emocional-emeb-lazaro-m-duarte_c_-44.jpg\" alt=\"\" width=\"1247\" height=\"832\" srcset=\"https:\/\/jundiai.sp.gov.br\/noticias\/wp-content\/uploads\/sites\/32\/2019\/10\/projeto-educacao-emocional-emeb-lazaro-m-duarte_c_-44.jpg 1247w, https:\/\/jundiai.sp.gov.br\/noticias\/wp-content\/uploads\/sites\/32\/2019\/10\/projeto-educacao-emocional-emeb-lazaro-m-duarte_c_-44-300x200.jpg 300w, https:\/\/jundiai.sp.gov.br\/noticias\/wp-content\/uploads\/sites\/32\/2019\/10\/projeto-educacao-emocional-emeb-lazaro-m-duarte_c_-44-768x512.jpg 768w, https:\/\/jundiai.sp.gov.br\/noticias\/wp-content\/uploads\/sites\/32\/2019\/10\/projeto-educacao-emocional-emeb-lazaro-m-duarte_c_-44-450x300.jpg 450w\" sizes=\"auto, (max-width: 1247px) 100vw, 1247px\" \/><p id=\"caption-attachment-236612\" class=\"wp-caption-text\">Murilo Sassi se encanta com as hist\u00f3rias dos &#8216;Amigos do Zippy&#8217;, um bicho-pau que \u00e9 mascote em sala de aula<\/p><\/div>\n<p>As aulas de desenvolvimento de habilidades sociais s\u00e3o oferecidas semanalmente para as turmas dos 3\u00bas, 4\u00bas e 5\u00bas anos do Ensino Fundamental da unidade. Os 1\u00bas e 2\u00bas anos trabalham o tema com o projeto &#8216;Amigos do Zippy&#8217;, que, com contos de personagens fict\u00edcios trabalham os sentimentos de perda, raiva, amor, ci\u00fames entre outros. Murilo Sassi Monteiro, 6 anos, est\u00e1 no 1\u00ba ano e as hist\u00f3rias dos &#8216;Amigos do Zippy&#8217; fazem parte das atividades em sala de aula. &#8220;Aprendi que a raiva n\u00e3o \u00e9 um sentimento bom e que a gente precisa ter calma&#8221;, comenta o menino, que se encantou com o &#8216;bicho-pau&#8217;, que \u00e9 o personagem principal do projeto trabalhado em sala de aula.<\/p>\n<p>Segundo a coordenadora da EMEB L\u00e1zaro Miranda Duarte, \u00c9rica Fernanda de Oliveira Menezes, a mudan\u00e7a comportamental \u00e9 n\u00edtida. &#8220;Usar a argumenta\u00e7\u00e3o para a solu\u00e7\u00e3o de problemas e evitar a rea\u00e7\u00e3o baseada na emo\u00e7\u00e3o tem sido trabalhada h\u00e1 tr\u00eas anos na unidade. Os conflitos existem e fazem parte do desenvolvimento das crian\u00e7as, mas a forma com que se lida com a situa\u00e7\u00e3o \u00e9 que mostra o amadurecimento emocional&#8221;, salienta.<\/p>\n<p>A educadora respons\u00e1vel pelo tema com as turmas acima dos 8 anos de idade, Maria Lucinete Ferreira, afirma que o relacionamento estabelecido com as crian\u00e7as \u00e9 baseado na escuta. &#8220;As crian\u00e7as contam as situa\u00e7\u00f5es que viveram ou presenciaram e os assuntos s\u00e3o trabalhados. A partir da escuta \u00e9 poss\u00edvel identificar necessidades enfrentadas pelas crian\u00e7as, encaminhando os casos para a rede de apoio composta por v\u00e1rios \u00f3rg\u00e3os municipais para o cuidado das crian\u00e7as&#8221;, detalha, lembrando que existe atendimento de escuta especializada, estabelecida no N\u00facleo Integrado de Sa\u00fade (NIS), para o atendimento dos casos.<\/p>\n<p><strong>Assessoria de Imprensa<\/strong><br \/>\n<strong>Fotos: Fot\u00f3grafos PMJ<\/strong><\/p>\n","protected":false},"excerpt":{"rendered":"<p>At\u00e9 2020, todas as escolas brasileiras dever\u00e3o incluir em seus curr\u00edculos o trabalho com as habilidades socioemocionais, conforme prev\u00ea as diretrizes da Base Nacional Comum Curricular (BNCC). A Prefeitura de Jundia\u00ed, com o programa Escola Inovadora, tem incorporando o tema como atividade curricular em todas as turmas das escolas municipais desde 2017. O resultado j\u00e1 [&hellip;]<\/p>\n","protected":false},"author":39,"featured_media":236616,"comment_status":"closed","ping_status":"closed","sticky":false,"template":"","format":"standard","meta":{"footnotes":""},"categories":[2],"tags":[6,1061],"ods":[],"class_list":["post-236501","post","type-post","status-publish","format-standard","has-post-thumbnail","hentry","category-noticias","tag-educacao","tag-escola-inovadora"],"_links":{"self":[{"href":"https:\/\/jundiai.sp.gov.br\/noticias\/wp-json\/wp\/v2\/posts\/236501","targetHints":{"allow":["GET"]}}],"collection":[{"href":"https:\/\/jundiai.sp.gov.br\/noticias\/wp-json\/wp\/v2\/posts"}],"about":[{"href":"https:\/\/jundiai.sp.gov.br\/noticias\/wp-json\/wp\/v2\/types\/post"}],"author":[{"embeddable":true,"href":"https:\/\/jundiai.sp.gov.br\/noticias\/wp-json\/wp\/v2\/users\/39"}],"replies":[{"embeddable":true,"href":"https:\/\/jundiai.sp.gov.br\/noticias\/wp-json\/wp\/v2\/comments?post=236501"}],"version-history":[{"count":12,"href":"https:\/\/jundiai.sp.gov.br\/noticias\/wp-json\/wp\/v2\/posts\/236501\/revisions"}],"predecessor-version":[{"id":237099,"href":"https:\/\/jundiai.sp.gov.br\/noticias\/wp-json\/wp\/v2\/posts\/236501\/revisions\/237099"}],"wp:featuredmedia":[{"embeddable":true,"href":"https:\/\/jundiai.sp.gov.br\/noticias\/wp-json\/wp\/v2\/media\/236616"}],"wp:attachment":[{"href":"https:\/\/jundiai.sp.gov.br\/noticias\/wp-json\/wp\/v2\/media?parent=236501"}],"wp:term":[{"taxonomy":"category","embeddable":true,"href":"https:\/\/jundiai.sp.gov.br\/noticias\/wp-json\/wp\/v2\/categories?post=236501"},{"taxonomy":"post_tag","embeddable":true,"href":"https:\/\/jundiai.sp.gov.br\/noticias\/wp-json\/wp\/v2\/tags?post=236501"},{"taxonomy":"ods","embeddable":true,"href":"https:\/\/jundiai.sp.gov.br\/noticias\/wp-json\/wp\/v2\/ods?post=236501"}],"curies":[{"name":"wp","href":"https:\/\/api.w.org\/{rel}","templated":true}]}}